{"id":8330,"date":"2023-02-13T13:50:42","date_gmt":"2023-02-13T18:50:42","guid":{"rendered":"https:\/\/www.elamazonico.com\/portal\/?p=8330"},"modified":"2023-02-13T13:50:42","modified_gmt":"2023-02-13T18:50:42","slug":"guillermo-lasso-no-fue-a-la-asamblea-es-legal-su-posicion","status":"publish","type":"post","link":"https:\/\/www.elamazonico.com\/portal\/guillermo-lasso-no-fue-a-la-asamblea-es-legal-su-posicion\/","title":{"rendered":"Guillermo Lasso no fue a la Asamblea; \u00bfes legal su posici\u00f3n?"},"content":{"rendered":"<p>La Comisi\u00f3n ocasional de la\u00a0<strong>Asamblea<\/strong>\u00a0 del denominado\u00a0<strong>caso Encuentro<\/strong>\u00a0recibi\u00f3 este lunes 13 de febrero del 2023 un oficio de la Secretar\u00eda Jur\u00eddica de la\u00a0<strong>Presidencia<\/strong>\u00a0de la\u00a0<strong>Rep\u00fablica<\/strong>: \u00abpor motivos de agenda el jefe de Estado, Guillermo Lasso,\u00a0<strong>no podr\u00e1 asistir<\/strong>\u00ab. As\u00ed, Guillermo Lasso no fue a la Asamblea.<\/p>\n<p>Los comisionados, en su mayor\u00eda del\u00a0<strong>corre\u00edsmo<\/strong>\u00a0y del Partido Social Cristiano (<strong>PSC<\/strong>), esperaban que el Primer Mandatario acudiera para rendir versi\u00f3n por la denuncia de una supuesta trama de corrupci\u00f3n en empresas p\u00fablicas.<\/p>\n<p>En el atril de la sala del exsenado se qued\u00f3 un r\u00f3tulo con el nombre del gobernante y un vaso de agua. Asamble\u00edstas de la Revoluci\u00f3n Ciudadana coparon el sal\u00f3n.<\/p>\n<h2 id=\"h-el-oficialismo-responde\">El oficialismo responde<\/h2>\n<p>Gruber Zambrano, delegado del\u00a0<strong>oficialismo<\/strong>, remarc\u00f3 que Lasso \u00abno se prestar\u00e1 para un show y que le falten el respeto\u00bb. A\u00f1adi\u00f3 que tampoco ten\u00eda la obligaci\u00f3n legal de presentarse al Parlamento.<\/p>\n<p>\u00abYa est\u00e1 escrito, ya est\u00e1 dicho que esta\u00a0<strong>Comisi\u00f3n<\/strong>\u00a0va a dar un informe negativo para el Presidente (&#8230;). Lo que quieren es llevarlo a juicio pol\u00edtico y desestabilizar la democracia en el pa\u00eds\u00bb, dijo una vez que Guillermo Lasso no fue a la Asamblea.<\/p>\n<p>De hecho, la\u00a0<strong>Constituci\u00f3n<\/strong>\u00a0solo obliga al Jefe de Estado a presentarse en el Parlamento para asumir el poder, entregar el Informe a la Naci\u00f3n o para enfrentar\u00a0<strong>un juicio pol\u00edtico<\/strong>.<\/p>\n<p>En junio pasado, cuando el corre\u00edsmo fracas\u00f3 en su intento de destituirlo en medio de las protestas ind\u00edgenas, Lasso tampoco se present\u00f3 y, en su lugar, deleg\u00f3 al Secretario Jur\u00eddico para su defensa.<\/p>\n<p>La Ley Legislativa contempla juicio pol\u00edtico para ministros y otros funcionarios que se nieguen a comparecer a las comisiones, pero no en el caso del Primer Mandatario.<\/p>\n<h2 id=\"h-cuenta-regresiva-para-guillermo-lasso\">\u00bfCuenta regresiva para Guillermo Lasso?<\/h2>\n<p>La presidenta de la Comisi\u00f3n, la corre\u00edsta\u00a0<strong>Viviana Veloz<\/strong>, adujo que Lasso ten\u00eda la \u00abobligaci\u00f3n moral\u00bb de presentarse para entregar informaci\u00f3n. Asegur\u00f3 que \u00abha empezado una cuenta regresiva\u00bb para el Jefe de Estado.<\/p>\n<p>\u00abM\u00e1s que obligaci\u00f3n legal tiene obligaci\u00f3n moral y \u00e9tica con los ecuatorianos. El Presidente era el primero que deb\u00eda estar sentado en una de esas sillas y decirle al pa\u00eds la verdad. Si no existen actos de corrupci\u00f3n, ?por qu\u00e9 se niega a dar la cara?\u00bb, remarc\u00f3.<\/p>\n<p>Veloz adelant\u00f3 que har\u00e1n una nueva convocatoria para Guillermo Lasso. Dijo que la\u00a0<strong>comisi\u00f3n<\/strong>\u00a0establecer\u00e1 responsabilidades pol\u00edticas, en este caso que la\u00a0<strong>Fiscal\u00eda<\/strong>\u00a0investiga los delitos de concusi\u00f3n y peculado.<\/p>\n<h2 id=\"h-posible-juicio-politico\">Posible juicio pol\u00edtico<\/h2>\n<p>Veloz prefiri\u00f3 no adelantar si este\u00a0 proceso terminar\u00e1 con una\u00a0<strong>recomendaci\u00f3n<\/strong>\u00a0de\u00a0<strong>juicio<\/strong>\u00a0<strong>pol\u00edtico<\/strong>\u00a0contra el Primer Mandatario,\u00a0<strong>Guillermo Lasso<\/strong>. La Comisi\u00f3n prev\u00e9 entregar un informe para resoluci\u00f3n del Pleno hasta el 20 de febrero.<\/p>\n<p>La Comisi\u00f3n tambi\u00e9n recibi\u00f3 la comparecencia del ministro del Interior,\u00a0<strong>Juan Zapata<\/strong>, quien defendi\u00f3 la rotaci\u00f3n de polic\u00edas de investigaci\u00f3n de la Fiscal\u00eda. Adem\u00e1s se present\u00f3 el medio digital La Posta y entreg\u00f3 unas cajas negras, d\u00f3nde aseguraron a conten\u00edan\u00a0<strong>34 000 documentos<\/strong> sobre la supuesta trama de corrupci\u00f3n. Fuente: El Comercio<\/p>\n","protected":false},"excerpt":{"rendered":"<p>La Comisi\u00f3n ocasional de la\u00a0Asamblea\u00a0 del denominado\u00a0caso Encuentro\u00a0recibi\u00f3 este lunes 13 de febrero del 2023 un oficio de la Secretar\u00eda Jur\u00eddica de la\u00a0Presidencia\u00a0de la\u00a0Rep\u00fablica: \u00abpor motivos de agenda el jefe de Estado, Guillermo Lasso,\u00a0no podr\u00e1 asistir\u00ab. As\u00ed, Guillermo Lasso no fue a la Asamblea. Los comisionados, en su mayor\u00eda del\u00a0corre\u00edsmo\u00a0y del Partido Social Cristiano (PSC), esperaban que el Primer Mandatario acudiera para rendir versi\u00f3n por la denuncia de una supuesta trama de corrupci\u00f3n en empresas p\u00fablicas. En el atril de la sala del exsenado se qued\u00f3 un r\u00f3tulo con el nombre del gobernante y un vaso de agua. Asamble\u00edstas de la Revoluci\u00f3n Ciudadana coparon el sal\u00f3n. El oficialismo responde Gruber Zambrano, delegado del\u00a0oficialismo, remarc\u00f3 que Lasso \u00abno se prestar\u00e1 para un show y que le falten el respeto\u00bb. A\u00f1adi\u00f3 que tampoco ten\u00eda la obligaci\u00f3n legal de presentarse al Parlamento. \u00abYa est\u00e1 escrito, ya est\u00e1 dicho que esta\u00a0Comisi\u00f3n\u00a0va a dar un informe negativo para el Presidente (&#8230;). Lo que quieren es llevarlo a juicio pol\u00edtico y desestabilizar la democracia en el pa\u00eds\u00bb, dijo una vez que Guillermo Lasso no fue a la Asamblea. De hecho, la\u00a0Constituci\u00f3n\u00a0solo obliga al Jefe de Estado a presentarse en el Parlamento para asumir el poder, entregar el Informe a la Naci\u00f3n o para enfrentar\u00a0un juicio pol\u00edtico. En junio pasado, cuando el corre\u00edsmo fracas\u00f3 en su intento de destituirlo en medio de las protestas ind\u00edgenas, Lasso tampoco se present\u00f3 y, en su lugar, deleg\u00f3 al Secretario Jur\u00eddico para su defensa. La Ley Legislativa contempla juicio pol\u00edtico para ministros y otros funcionarios que se nieguen a comparecer a las comisiones, pero no en el caso del Primer Mandatario. \u00bfCuenta regresiva para Guillermo Lasso? La presidenta de la Comisi\u00f3n, la corre\u00edsta\u00a0Viviana Veloz, adujo que Lasso ten\u00eda la \u00abobligaci\u00f3n moral\u00bb de presentarse para entregar informaci\u00f3n. Asegur\u00f3 que \u00abha empezado una cuenta regresiva\u00bb para el Jefe de Estado. \u00abM\u00e1s que obligaci\u00f3n legal tiene obligaci\u00f3n moral y \u00e9tica con los ecuatorianos. El Presidente era el primero que deb\u00eda estar sentado en una de esas sillas y decirle al pa\u00eds la verdad. Si no existen actos de corrupci\u00f3n, ?por qu\u00e9 se niega a dar la cara?\u00bb, remarc\u00f3. Veloz adelant\u00f3 que har\u00e1n una nueva convocatoria para Guillermo Lasso. Dijo que la\u00a0comisi\u00f3n\u00a0establecer\u00e1 responsabilidades pol\u00edticas, en este caso que la\u00a0Fiscal\u00eda\u00a0investiga los delitos de concusi\u00f3n y peculado. Posible juicio pol\u00edtico Veloz prefiri\u00f3 no adelantar si este\u00a0 proceso terminar\u00e1 con una\u00a0recomendaci\u00f3n\u00a0de\u00a0juicio\u00a0pol\u00edtico\u00a0contra el Primer Mandatario,\u00a0Guillermo Lasso. La Comisi\u00f3n prev\u00e9 entregar un informe para resoluci\u00f3n del Pleno hasta el 20 de febrero. La Comisi\u00f3n tambi\u00e9n recibi\u00f3 la comparecencia del ministro del Interior,\u00a0Juan Zapata, quien defendi\u00f3 la rotaci\u00f3n de polic\u00edas de investigaci\u00f3n de la Fiscal\u00eda. Adem\u00e1s se present\u00f3 el medio digital La Posta y entreg\u00f3 unas cajas negras, d\u00f3nde aseguraron a conten\u00edan\u00a034 000 documentos sobre la supuesta trama de corrupci\u00f3n. Fuente: El Comercio<\/p>\n","protected":false},"author":1,"featured_media":8331,"comment_status":"open","ping_status":"open","sticky":false,"template":"","format":"standard","meta":{"footnotes":""},"categories":[268],"tags":[],"class_list":["post-8330","post","type-post","status-publish","format-standard","has-post-thumbnail","hentry","category-nacionales"],"_links":{"self":[{"href":"https:\/\/www.elamazonico.com\/portal\/wp-json\/wp\/v2\/posts\/8330","targetHints":{"allow":["GET"]}}],"collection":[{"href":"https:\/\/www.elamazonico.com\/portal\/wp-json\/wp\/v2\/posts"}],"about":[{"href":"https:\/\/www.elamazonico.com\/portal\/wp-json\/wp\/v2\/types\/post"}],"author":[{"embeddable":true,"href":"https:\/\/www.elamazonico.com\/portal\/wp-json\/wp\/v2\/users\/1"}],"replies":[{"embeddable":true,"href":"https:\/\/www.elamazonico.com\/portal\/wp-json\/wp\/v2\/comments?post=8330"}],"version-history":[{"count":1,"href":"https:\/\/www.elamazonico.com\/portal\/wp-json\/wp\/v2\/posts\/8330\/revisions"}],"predecessor-version":[{"id":8332,"href":"https:\/\/www.elamazonico.com\/portal\/wp-json\/wp\/v2\/posts\/8330\/revisions\/8332"}],"wp:featuredmedia":[{"embeddable":true,"href":"https:\/\/www.elamazonico.com\/portal\/wp-json\/wp\/v2\/media\/8331"}],"wp:attachment":[{"href":"https:\/\/www.elamazonico.com\/portal\/wp-json\/wp\/v2\/media?parent=8330"}],"wp:term":[{"taxonomy":"category","embeddable":true,"href":"https:\/\/www.elamazonico.com\/portal\/wp-json\/wp\/v2\/categories?post=8330"},{"taxonomy":"post_tag","embeddable":true,"href":"https:\/\/www.elamazonico.com\/portal\/wp-json\/wp\/v2\/tags?post=8330"}],"curies":[{"name":"wp","href":"https:\/\/api.w.org\/{rel}","templated":true}]}}