{"id":8326,"date":"2023-02-13T13:43:48","date_gmt":"2023-02-13T18:43:48","guid":{"rendered":"https:\/\/www.elamazonico.com\/portal\/?p=8326"},"modified":"2023-02-13T13:47:40","modified_gmt":"2023-02-13T18:47:40","slug":"ministerio-de-gobierno-se-pronuncia-frente-a-irregularidades-en-el-escrutinio-del-referendum","status":"publish","type":"post","link":"https:\/\/www.elamazonico.com\/portal\/ministerio-de-gobierno-se-pronuncia-frente-a-irregularidades-en-el-escrutinio-del-referendum\/","title":{"rendered":"Ministerio de Gobierno se pronuncia frente a irregularidades en el escrutinio del refer\u00e9ndum"},"content":{"rendered":"<p>El Ministerio de Gobierno, a trav\u00e9s de un comunicado de prensa, se\u00f1al\u00f3 que el Gobierno Nacional se ha pronunciado y ha reconocido \u201cel mensaje del pueblo ecuatoriano expresado en las urnas\u201d.<\/p>\n<p>Adem\u00e1s se explic\u00f3 que \u201cel CNe debe como m\u00e1xima autoridad electoral dar una respuesta adecuada y clara a la ciudadan\u00eda\u201d.<\/p>\n<p>L\u00edneas m\u00e1s abajo se se\u00f1ala que \u201clas denuncias respecto de posibles y puntuales irregularidades deben ser resueltas por los \u00f3rganos competentes para garantizar una votaci\u00f3n transparente y libertad electoral\u201d.<\/p>\n<p>El comunicado ya fue firmado por el nuevo ministro de Gobierno, Henry Cucal\u00f3n. Fuente: El Tel\u00e9grafo<\/p>\n<p>https:\/\/twitter.com\/MinGobiernoEc\/status\/1624168167562960904<\/p>\n","protected":false},"excerpt":{"rendered":"<p>El Ministerio de Gobierno, a trav\u00e9s de un comunicado de prensa, se\u00f1al\u00f3 que el Gobierno Nacional se ha pronunciado y ha reconocido \u201cel mensaje del pueblo ecuatoriano expresado en las urnas\u201d. Adem\u00e1s se explic\u00f3 que \u201cel CNe debe como m\u00e1xima autoridad electoral dar una respuesta adecuada y clara a la ciudadan\u00eda\u201d. L\u00edneas m\u00e1s abajo se se\u00f1ala que \u201clas denuncias respecto de posibles y puntuales irregularidades deben ser resueltas por los \u00f3rganos competentes para garantizar una votaci\u00f3n transparente y libertad electoral\u201d. El comunicado ya fue firmado por el nuevo ministro de Gobierno, Henry Cucal\u00f3n. Fuente: El Tel\u00e9grafo https:\/\/twitter.com\/MinGobiernoEc\/status\/1624168167562960904<\/p>\n","protected":false},"author":1,"featured_media":8328,"comment_status":"open","ping_status":"open","sticky":false,"template":"","format":"standard","meta":{"footnotes":""},"categories":[268],"tags":[],"class_list":["post-8326","post","type-post","status-publish","format-standard","has-post-thumbnail","hentry","category-nacionales"],"_links":{"self":[{"href":"https:\/\/www.elamazonico.com\/portal\/wp-json\/wp\/v2\/posts\/8326","targetHints":{"allow":["GET"]}}],"collection":[{"href":"https:\/\/www.elamazonico.com\/portal\/wp-json\/wp\/v2\/posts"}],"about":[{"href":"https:\/\/www.elamazonico.com\/portal\/wp-json\/wp\/v2\/types\/post"}],"author":[{"embeddable":true,"href":"https:\/\/www.elamazonico.com\/portal\/wp-json\/wp\/v2\/users\/1"}],"replies":[{"embeddable":true,"href":"https:\/\/www.elamazonico.com\/portal\/wp-json\/wp\/v2\/comments?post=8326"}],"version-history":[{"count":2,"href":"https:\/\/www.elamazonico.com\/portal\/wp-json\/wp\/v2\/posts\/8326\/revisions"}],"predecessor-version":[{"id":8329,"href":"https:\/\/www.elamazonico.com\/portal\/wp-json\/wp\/v2\/posts\/8326\/revisions\/8329"}],"wp:featuredmedia":[{"embeddable":true,"href":"https:\/\/www.elamazonico.com\/portal\/wp-json\/wp\/v2\/media\/8328"}],"wp:attachment":[{"href":"https:\/\/www.elamazonico.com\/portal\/wp-json\/wp\/v2\/media?parent=8326"}],"wp:term":[{"taxonomy":"category","embeddable":true,"href":"https:\/\/www.elamazonico.com\/portal\/wp-json\/wp\/v2\/categories?post=8326"},{"taxonomy":"post_tag","embeddable":true,"href":"https:\/\/www.elamazonico.com\/portal\/wp-json\/wp\/v2\/tags?post=8326"}],"curies":[{"name":"wp","href":"https:\/\/api.w.org\/{rel}","templated":true}]}}