{"id":8323,"date":"2023-02-13T13:31:06","date_gmt":"2023-02-13T18:31:06","guid":{"rendered":"https:\/\/www.elamazonico.com\/portal\/?p=8323"},"modified":"2023-02-13T13:31:06","modified_gmt":"2023-02-13T18:31:06","slug":"13-anos-y-4-meses-de-prision-para-pablo-celi-en-el-caso-las-torres","status":"publish","type":"post","link":"https:\/\/www.elamazonico.com\/portal\/13-anos-y-4-meses-de-prision-para-pablo-celi-en-el-caso-las-torres\/","title":{"rendered":"13 a\u00f1os y 4 meses de prisi\u00f3n para Pablo Celi en el caso Las Torres"},"content":{"rendered":"<p>El excontralor del Estado, Pablo Celi, su hermano, Esteban Celi, y\u00a0el exgerente de Petroecuador,\u00a0Pablo F.\u00a0fueron declarados culpables del delito de delincuencia organizada en el caso Las Torres.\u00a0Los tres cumplir\u00e1n una pena privativa de libertad de 13 a\u00f1os y 4 meses.<\/p>\n<p>Los tres implicados fueron sentenciados en calidad de l\u00edderes de un grupo estructurado que ten\u00eda como fin obtener beneficios econ\u00f3micos. Seg\u00fan la Fiscal\u00eda General del Estado, los pagos fueron gestionados a cambio del desvanecimiento de glosas y el cumplimiento de pagos de planillas correspondientes a contratos suscritos entre EP Petroecuador y la empresa Nolimit S.A, entre 2017 y 2020.<\/p>\n<blockquote class=\"twitter-tweet\" data-width=\"550\" data-dnt=\"true\">\n<p lang=\"es\" dir=\"ltr\"><a href=\"https:\/\/twitter.com\/hashtag\/AHORA?src=hash&amp;ref_src=twsrc%5Etfw\">#AHORA<\/a> | Caso <a href=\"https:\/\/twitter.com\/hashtag\/LasTorres?src=hash&amp;ref_src=twsrc%5Etfw\">#LasTorres<\/a>: con la presencia de la fiscal general del Estado, <a href=\"https:\/\/twitter.com\/DianaSalazarM2?ref_src=twsrc%5Etfw\">@DianaSalazarM2<\/a>, se reinstala \u2013en la <a href=\"https:\/\/twitter.com\/CorteNacional?ref_src=twsrc%5Etfw\">@CorteNacional<\/a>\u2013 la audiencia de juicio por presunta delincuencia organizada contra 11 procesados. Hoy, el Tribunal informar\u00e1 su resoluci\u00f3n. <a href=\"https:\/\/twitter.com\/hashtag\/Fiscal%C3%ADaContraElDelito?src=hash&amp;ref_src=twsrc%5Etfw\">#Fiscal\u00edaContraElDelito<\/a> <a href=\"https:\/\/t.co\/sKc3SHnggQ\">pic.twitter.com\/sKc3SHnggQ<\/a><\/p>\n<p>&mdash; Fiscal\u00eda Ecuador (@FiscaliaEcuador) <a href=\"https:\/\/twitter.com\/FiscaliaEcuador\/status\/1624140291400732678?ref_src=twsrc%5Etfw\">February 10, 2023<\/a><\/p><\/blockquote>\n<p><script async src=\"https:\/\/platform.twitter.com\/widgets.js\" charset=\"utf-8\"><\/script><\/p>\n<p>Dentro de los procesados, en calidad de colaboradores, est\u00e1n Natalia C., exasesora de la Gerencia de Petroecuador, y Daniel O., exgerente de Refinaci\u00f3n de Petroecuador. Ambos recibieron una condena de 9 a\u00f1os y 4 meses de pena privativa de libertad. Mientras que a Luis A. B., Esteban C., \u00c1lvaro de G., Andr\u00e9s L., Silvia L. Y \u00c1ngelo R. cumplir\u00e1n 7 a\u00f1os de c\u00e1rcel por sus acciones de colaboraci\u00f3n en el delito de delincuencia organizada. Fuente: El Tel\u00e9grafo<\/p>\n","protected":false},"excerpt":{"rendered":"<p>El excontralor del Estado, Pablo Celi, su hermano, Esteban Celi, y\u00a0el exgerente de Petroecuador,\u00a0Pablo F.\u00a0fueron declarados culpables del delito de delincuencia organizada en el caso Las Torres.\u00a0Los tres cumplir\u00e1n una pena privativa de libertad de 13 a\u00f1os y 4 meses. Los tres implicados fueron sentenciados en calidad de l\u00edderes de un grupo estructurado que ten\u00eda como fin obtener beneficios econ\u00f3micos. Seg\u00fan la Fiscal\u00eda General del Estado, los pagos fueron gestionados a cambio del desvanecimiento de glosas y el cumplimiento de pagos de planillas correspondientes a contratos suscritos entre EP Petroecuador y la empresa Nolimit S.A, entre 2017 y 2020. #AHORA | Caso #LasTorres: con la presencia de la fiscal general del Estado, @DianaSalazarM2, se reinstala \u2013en la @CorteNacional\u2013 la audiencia de juicio por presunta delincuencia organizada contra 11 procesados. Hoy, el Tribunal informar\u00e1 su resoluci\u00f3n. #Fiscal\u00edaContraElDelito pic.twitter.com\/sKc3SHnggQ &mdash; Fiscal\u00eda Ecuador (@FiscaliaEcuador) February 10, 2023 Dentro de los procesados, en calidad de colaboradores, est\u00e1n Natalia C., exasesora de la Gerencia de Petroecuador, y Daniel O., exgerente de Refinaci\u00f3n de Petroecuador. Ambos recibieron una condena de 9 a\u00f1os y 4 meses de pena privativa de libertad. Mientras que a Luis A. B., Esteban C., \u00c1lvaro de G., Andr\u00e9s L., Silvia L. Y \u00c1ngelo R. cumplir\u00e1n 7 a\u00f1os de c\u00e1rcel por sus acciones de colaboraci\u00f3n en el delito de delincuencia organizada. Fuente: El Tel\u00e9grafo<\/p>\n","protected":false},"author":1,"featured_media":8324,"comment_status":"open","ping_status":"open","sticky":false,"template":"","format":"standard","meta":{"footnotes":""},"categories":[268],"tags":[],"class_list":["post-8323","post","type-post","status-publish","format-standard","has-post-thumbnail","hentry","category-nacionales"],"_links":{"self":[{"href":"https:\/\/www.elamazonico.com\/portal\/wp-json\/wp\/v2\/posts\/8323","targetHints":{"allow":["GET"]}}],"collection":[{"href":"https:\/\/www.elamazonico.com\/portal\/wp-json\/wp\/v2\/posts"}],"about":[{"href":"https:\/\/www.elamazonico.com\/portal\/wp-json\/wp\/v2\/types\/post"}],"author":[{"embeddable":true,"href":"https:\/\/www.elamazonico.com\/portal\/wp-json\/wp\/v2\/users\/1"}],"replies":[{"embeddable":true,"href":"https:\/\/www.elamazonico.com\/portal\/wp-json\/wp\/v2\/comments?post=8323"}],"version-history":[{"count":1,"href":"https:\/\/www.elamazonico.com\/portal\/wp-json\/wp\/v2\/posts\/8323\/revisions"}],"predecessor-version":[{"id":8325,"href":"https:\/\/www.elamazonico.com\/portal\/wp-json\/wp\/v2\/posts\/8323\/revisions\/8325"}],"wp:featuredmedia":[{"embeddable":true,"href":"https:\/\/www.elamazonico.com\/portal\/wp-json\/wp\/v2\/media\/8324"}],"wp:attachment":[{"href":"https:\/\/www.elamazonico.com\/portal\/wp-json\/wp\/v2\/media?parent=8323"}],"wp:term":[{"taxonomy":"category","embeddable":true,"href":"https:\/\/www.elamazonico.com\/portal\/wp-json\/wp\/v2\/categories?post=8323"},{"taxonomy":"post_tag","embeddable":true,"href":"https:\/\/www.elamazonico.com\/portal\/wp-json\/wp\/v2\/tags?post=8323"}],"curies":[{"name":"wp","href":"https:\/\/api.w.org\/{rel}","templated":true}]}}