{"id":8320,"date":"2023-02-10T17:39:32","date_gmt":"2023-02-10T22:39:32","guid":{"rendered":"https:\/\/www.elamazonico.com\/portal\/?p=8320"},"modified":"2023-02-10T17:39:32","modified_gmt":"2023-02-10T22:39:32","slug":"gobierno-posesiona-a-nuevas-autoridades-tras-renuncias","status":"publish","type":"post","link":"https:\/\/www.elamazonico.com\/portal\/gobierno-posesiona-a-nuevas-autoridades-tras-renuncias\/","title":{"rendered":"Gobierno posesiona a nuevas autoridades tras renuncias"},"content":{"rendered":"<p>En el Palacio de Carondelet, el presidente\u00a0<strong>Guillermo Lasso<\/strong>\u00a0posesionar\u00e1 a nuevas autoridades en su Gobierno tras una seguidilla de renuncias.<\/p>\n<p>El acto de posesi\u00f3n se desarroll\u00f3 desde las 17:00 de este jueves 9 de febrero del 2023. En total posesion\u00f3 a ocho funcionarios en el Palacio de Carondelet, en el Centro Hist\u00f3rico de Quito.<\/p>\n<p>El primer cambio es Jhousseth Almeida Villac\u00eds, quien se desempe\u00f1\u00f3 como director de Asuntos Regulatorios de la Presidencia. \u00c9l qued\u00f3 como Secretario Jur\u00eddico de la Presidencia encargado.<\/p>\n<p>El segundo cambio es Sebasti\u00e1n Corral que se har\u00e1 cargo de la Secretar\u00eda General de la Administraci\u00f3n P\u00fablica.\u00a0Ocupar\u00e1 el puesto de\u00a0Iv\u00e1n Correa.<\/p>\n<p><img decoding=\"async\" src=\"https:\/\/cloudfront-us-east-1.images.arcpublishing.com\/infobae\/SFBXSPI7VNB2LOPGK6DD4QOXNA.jpeg\" alt=\"Sebasti\u00e1n Corral\" \/><\/p>\n<p>El tercer es Henry Cucal\u00f3n, ministro de Gobierno. \u00c9l reemplazar\u00e1 a Francisco Jim\u00e9nez. En su discurso, coment\u00f3 que \u00abagradecemos por su confianza y aceptamos el nuevo desaf\u00edo de trabajar y aportar con ah\u00ednco por la paz social y prosperidad de los ecuatorianos\u00bb.\u00a0Adem\u00e1s, resalt\u00f3 la importancia del di\u00e1logo con los otros sectores y la gesti\u00f3n en beneficio de la ciudadan\u00eda.<\/p>\n<p>Cucal\u00f3n habl\u00f3 ante la prensa: \u201cEstamos aqu\u00ed porque el pa\u00eds es primero y aceptamos el desaf\u00edo de trabajar con ah\u00ednco por la pazo social y el bienestar de los ecuatorianos\u201d. \u201cLa inestabilidad pol\u00edtica es contraria al progreso de las naciones\u201d, dijo, dirigi\u00e9ndose a Lasso.<\/p>\n<p>Al mismo tiempo el nuevo ministro asegur\u00f3 que es fundamental que la gesti\u00f3n gubernamental se refleje en la obra p\u00fablica.<\/p>\n<p>Cucal\u00f3n cree que la enmienda constitucional para que las Fuerzas Armadas participen en la seguridad y combate al narcotr\u00e1fico ser\u00e1 una de las tareas de su gesti\u00f3n: \u201cLos consensos funcionan cuando hay madurez pol\u00edtica\u201d.<\/p>\n<p>\u201cLos ciudadanos ya toleran el atasco pol\u00edtico\u201d, dijo Cucal\u00f3n, antes de mencionar la necesidad de una \u201cgran cruzada nacional\u201d. El nuevo ministro tambi\u00e9n dijo que los ecuatorianos demandan justicia y cero impunidad.<\/p>\n<p><img fetchpriority=\"high\" decoding=\"async\" src=\"https:\/\/cloudfront-us-east-1.images.arcpublishing.com\/infobae\/J4MNYAKA3FBGVAXMP3XKA2RYPE.jpg\" alt=\"Henry Cucal\u00f3n\" width=\"661\" height=\"618\" \/><\/p>\n<p>El cuarto es Jorge C\u00f3rdova Castro, nuevo Secretario de Pueblos y Nacionalidades.<\/p>\n<p>Tambi\u00e9n posesion\u00f3 a gobernadores: Francesco Tabacchi (Guayas), Tania V\u00e1squez (Cotopaxi), Eusebio Apolo (El Oro) y Frixon Erazo (Esmeraldas).<\/p>\n<p>El presidente Lasso, en su discurso, se\u00f1al\u00f3 que los cambios se dieron para \u00abfortalecer acciones para seguir construyendo un pa\u00eds mejor para todos y para hacer ajustes necesarios como sucede en cualquier democracia\u00bb. Fuente: Ecuador en vivo<\/p>\n<p><iframe title=\"Ceremonia de posesi\u00f3n de nuevas autoridades\" width=\"740\" height=\"416\" src=\"https:\/\/www.youtube.com\/embed\/p0zR-E8LHTQ?feature=oembed\" frameborder=\"0\" allow=\"accelerometer; autoplay; clipboard-write; encrypted-media; gyroscope; picture-in-picture; web-share\" referrerpolicy=\"strict-origin-when-cross-origin\" allowfullscreen><\/iframe><\/p>\n","protected":false},"excerpt":{"rendered":"<p>En el Palacio de Carondelet, el presidente\u00a0Guillermo Lasso\u00a0posesionar\u00e1 a nuevas autoridades en su Gobierno tras una seguidilla de renuncias. El acto de posesi\u00f3n se desarroll\u00f3 desde las 17:00 de este jueves 9 de febrero del 2023. En total posesion\u00f3 a ocho funcionarios en el Palacio de Carondelet, en el Centro Hist\u00f3rico de Quito. El primer cambio es Jhousseth Almeida Villac\u00eds, quien se desempe\u00f1\u00f3 como director de Asuntos Regulatorios de la Presidencia. \u00c9l qued\u00f3 como Secretario Jur\u00eddico de la Presidencia encargado. El segundo cambio es Sebasti\u00e1n Corral que se har\u00e1 cargo de la Secretar\u00eda General de la Administraci\u00f3n P\u00fablica.\u00a0Ocupar\u00e1 el puesto de\u00a0Iv\u00e1n Correa. El tercer es Henry Cucal\u00f3n, ministro de Gobierno. \u00c9l reemplazar\u00e1 a Francisco Jim\u00e9nez. En su discurso, coment\u00f3 que \u00abagradecemos por su confianza y aceptamos el nuevo desaf\u00edo de trabajar y aportar con ah\u00ednco por la paz social y prosperidad de los ecuatorianos\u00bb.\u00a0Adem\u00e1s, resalt\u00f3 la importancia del di\u00e1logo con los otros sectores y la gesti\u00f3n en beneficio de la ciudadan\u00eda. Cucal\u00f3n habl\u00f3 ante la prensa: \u201cEstamos aqu\u00ed porque el pa\u00eds es primero y aceptamos el desaf\u00edo de trabajar con ah\u00ednco por la pazo social y el bienestar de los ecuatorianos\u201d. \u201cLa inestabilidad pol\u00edtica es contraria al progreso de las naciones\u201d, dijo, dirigi\u00e9ndose a Lasso. Al mismo tiempo el nuevo ministro asegur\u00f3 que es fundamental que la gesti\u00f3n gubernamental se refleje en la obra p\u00fablica. Cucal\u00f3n cree que la enmienda constitucional para que las Fuerzas Armadas participen en la seguridad y combate al narcotr\u00e1fico ser\u00e1 una de las tareas de su gesti\u00f3n: \u201cLos consensos funcionan cuando hay madurez pol\u00edtica\u201d. \u201cLos ciudadanos ya toleran el atasco pol\u00edtico\u201d, dijo Cucal\u00f3n, antes de mencionar la necesidad de una \u201cgran cruzada nacional\u201d. El nuevo ministro tambi\u00e9n dijo que los ecuatorianos demandan justicia y cero impunidad. El cuarto es Jorge C\u00f3rdova Castro, nuevo Secretario de Pueblos y Nacionalidades. Tambi\u00e9n posesion\u00f3 a gobernadores: Francesco Tabacchi (Guayas), Tania V\u00e1squez (Cotopaxi), Eusebio Apolo (El Oro) y Frixon Erazo (Esmeraldas). El presidente Lasso, en su discurso, se\u00f1al\u00f3 que los cambios se dieron para \u00abfortalecer acciones para seguir construyendo un pa\u00eds mejor para todos y para hacer ajustes necesarios como sucede en cualquier democracia\u00bb. Fuente: Ecuador en vivo<\/p>\n","protected":false},"author":1,"featured_media":8321,"comment_status":"open","ping_status":"open","sticky":false,"template":"","format":"standard","meta":{"footnotes":""},"categories":[268],"tags":[],"class_list":["post-8320","post","type-post","status-publish","format-standard","has-post-thumbnail","hentry","category-nacionales"],"_links":{"self":[{"href":"https:\/\/www.elamazonico.com\/portal\/wp-json\/wp\/v2\/posts\/8320","targetHints":{"allow":["GET"]}}],"collection":[{"href":"https:\/\/www.elamazonico.com\/portal\/wp-json\/wp\/v2\/posts"}],"about":[{"href":"https:\/\/www.elamazonico.com\/portal\/wp-json\/wp\/v2\/types\/post"}],"author":[{"embeddable":true,"href":"https:\/\/www.elamazonico.com\/portal\/wp-json\/wp\/v2\/users\/1"}],"replies":[{"embeddable":true,"href":"https:\/\/www.elamazonico.com\/portal\/wp-json\/wp\/v2\/comments?post=8320"}],"version-history":[{"count":1,"href":"https:\/\/www.elamazonico.com\/portal\/wp-json\/wp\/v2\/posts\/8320\/revisions"}],"predecessor-version":[{"id":8322,"href":"https:\/\/www.elamazonico.com\/portal\/wp-json\/wp\/v2\/posts\/8320\/revisions\/8322"}],"wp:featuredmedia":[{"embeddable":true,"href":"https:\/\/www.elamazonico.com\/portal\/wp-json\/wp\/v2\/media\/8321"}],"wp:attachment":[{"href":"https:\/\/www.elamazonico.com\/portal\/wp-json\/wp\/v2\/media?parent=8320"}],"wp:term":[{"taxonomy":"category","embeddable":true,"href":"https:\/\/www.elamazonico.com\/portal\/wp-json\/wp\/v2\/categories?post=8320"},{"taxonomy":"post_tag","embeddable":true,"href":"https:\/\/www.elamazonico.com\/portal\/wp-json\/wp\/v2\/tags?post=8320"}],"curies":[{"name":"wp","href":"https:\/\/api.w.org\/{rel}","templated":true}]}}