{"id":8297,"date":"2023-02-09T12:17:55","date_gmt":"2023-02-09T17:17:55","guid":{"rendered":"https:\/\/www.elamazonico.com\/portal\/?p=8297"},"modified":"2023-02-09T12:17:55","modified_gmt":"2023-02-09T17:17:55","slug":"francisco-jimenez-ha-sido-un-honor-haber-acompanado-al-presidente-lasso-en-este-trayecto","status":"publish","type":"post","link":"https:\/\/www.elamazonico.com\/portal\/francisco-jimenez-ha-sido-un-honor-haber-acompanado-al-presidente-lasso-en-este-trayecto\/","title":{"rendered":"Francisco Jim\u00e9nez: &#8216;Ha sido un honor haber acompa\u00f1ado al presidente Lasso en este trayecto&#8217;"},"content":{"rendered":"<p>La ma\u00f1ana de este jueves, 9 de febrero de 2023, Francisco Jim\u00e9nez present\u00f3 su renuncia como Ministro de Gobierno; cargo que ven\u00eda desempe\u00f1ando desde el 30 de marzo de 2023.<\/p>\n<p>En una carta publicada en sus redes sociales, Jim\u00e9nez, agradeci\u00f3 la oportunidad brindada por el Jefe de Estado y asegur\u00f3: \u201cHa sido un honor y un gran aprendizaje haber acompa\u00f1ado al Presidente de la Rep\u00fablica Guillermo\u00a0 Lasso en este trayecto\u201d.<\/p>\n<p>En la misiva, el ahora exfuncionario, destaca el trabajo realizado durante su gesti\u00f3n, sobre todo en crear \u201cpuentes con todos los actores y sectores pol\u00edticos\u201d. Una labora que Jim\u00e9nez asegura no fue sencilla tras el escenario heredado por su antecesor.<\/p>\n<p>\u201cC\u00f3mo actuar bien durante circunstancias complejas que ponen a prueba nuestras condiciones. Es la pregunta que permanentemente me he hecho\u201d, sostiene el exministro y asegura que durante su gesti\u00f3n procur\u00f3 servir con el m\u00e1ximo de sus capacidades.<\/p>\n<p>En la carta recuerda \u201cper\u00edodos muy complejos\u201d que atraves\u00f3 el Gobierno como el enfrentamiento con las clases pol\u00edticas del pa\u00eds, los motines en las c\u00e1celes y el paro nacional de junio de 2022. As\u00ed tambi\u00e9n resalt\u00f3 las acciones que encabez\u00f3 como el Acta de Paz y Mesas de Di\u00e1logo que dieron pie a un cese en las manifestaciones y que alcanz\u00f3 218 acuerdos con organizaciones sociales e ind\u00edgenas.<\/p>\n<p>Finalmente, Francisco Jim\u00e9nez cierra su documento asegurando que la relaci\u00f3n con la Asamblea Nacional\u00a0 nunca ser\u00e1 sencilla pero le desea \u201cfuerza y \u00e9xitos a mi sucesor\u201d. Fuente: Ecuador en vivo<\/p>\n<blockquote class=\"twitter-tweet\" data-width=\"550\" data-dnt=\"true\">\n<p lang=\"es\" dir=\"ltr\">Presento mi renuncia al cargo como Ministro de Gobierno. Ha sido un honor y un gran aprendizaje haber acompa\u00f1ado al Presidente de la Rep\u00fablica <a href=\"https:\/\/twitter.com\/LassoGuillermo?ref_src=twsrc%5Etfw\">@LassoGuillermo<\/a> en este trayecto. Fuerza y \u00e9xitos a mi sucesor! <a href=\"https:\/\/t.co\/psBcOM6FrU\">pic.twitter.com\/psBcOM6FrU<\/a><\/p>\n<p>&mdash; Francisco Jim\u00e9nez S. (@panchojimenezs) <a href=\"https:\/\/twitter.com\/panchojimenezs\/status\/1623717563552219136?ref_src=twsrc%5Etfw\">February 9, 2023<\/a><\/p><\/blockquote>\n<p><script async src=\"https:\/\/platform.twitter.com\/widgets.js\" charset=\"utf-8\"><\/script><\/p>\n","protected":false},"excerpt":{"rendered":"<p>La ma\u00f1ana de este jueves, 9 de febrero de 2023, Francisco Jim\u00e9nez present\u00f3 su renuncia como Ministro de Gobierno; cargo que ven\u00eda desempe\u00f1ando desde el 30 de marzo de 2023. En una carta publicada en sus redes sociales, Jim\u00e9nez, agradeci\u00f3 la oportunidad brindada por el Jefe de Estado y asegur\u00f3: \u201cHa sido un honor y un gran aprendizaje haber acompa\u00f1ado al Presidente de la Rep\u00fablica Guillermo\u00a0 Lasso en este trayecto\u201d. En la misiva, el ahora exfuncionario, destaca el trabajo realizado durante su gesti\u00f3n, sobre todo en crear \u201cpuentes con todos los actores y sectores pol\u00edticos\u201d. Una labora que Jim\u00e9nez asegura no fue sencilla tras el escenario heredado por su antecesor. \u201cC\u00f3mo actuar bien durante circunstancias complejas que ponen a prueba nuestras condiciones. Es la pregunta que permanentemente me he hecho\u201d, sostiene el exministro y asegura que durante su gesti\u00f3n procur\u00f3 servir con el m\u00e1ximo de sus capacidades. En la carta recuerda \u201cper\u00edodos muy complejos\u201d que atraves\u00f3 el Gobierno como el enfrentamiento con las clases pol\u00edticas del pa\u00eds, los motines en las c\u00e1celes y el paro nacional de junio de 2022. As\u00ed tambi\u00e9n resalt\u00f3 las acciones que encabez\u00f3 como el Acta de Paz y Mesas de Di\u00e1logo que dieron pie a un cese en las manifestaciones y que alcanz\u00f3 218 acuerdos con organizaciones sociales e ind\u00edgenas. Finalmente, Francisco Jim\u00e9nez cierra su documento asegurando que la relaci\u00f3n con la Asamblea Nacional\u00a0 nunca ser\u00e1 sencilla pero le desea \u201cfuerza y \u00e9xitos a mi sucesor\u201d. Fuente: Ecuador en vivo Presento mi renuncia al cargo como Ministro de Gobierno. Ha sido un honor y un gran aprendizaje haber acompa\u00f1ado al Presidente de la Rep\u00fablica @LassoGuillermo en este trayecto. Fuerza y \u00e9xitos a mi sucesor! pic.twitter.com\/psBcOM6FrU &mdash; Francisco Jim\u00e9nez S. (@panchojimenezs) February 9, 2023<\/p>\n","protected":false},"author":1,"featured_media":8298,"comment_status":"open","ping_status":"open","sticky":false,"template":"","format":"standard","meta":{"footnotes":""},"categories":[268],"tags":[],"class_list":["post-8297","post","type-post","status-publish","format-standard","has-post-thumbnail","hentry","category-nacionales"],"_links":{"self":[{"href":"https:\/\/www.elamazonico.com\/portal\/wp-json\/wp\/v2\/posts\/8297","targetHints":{"allow":["GET"]}}],"collection":[{"href":"https:\/\/www.elamazonico.com\/portal\/wp-json\/wp\/v2\/posts"}],"about":[{"href":"https:\/\/www.elamazonico.com\/portal\/wp-json\/wp\/v2\/types\/post"}],"author":[{"embeddable":true,"href":"https:\/\/www.elamazonico.com\/portal\/wp-json\/wp\/v2\/users\/1"}],"replies":[{"embeddable":true,"href":"https:\/\/www.elamazonico.com\/portal\/wp-json\/wp\/v2\/comments?post=8297"}],"version-history":[{"count":1,"href":"https:\/\/www.elamazonico.com\/portal\/wp-json\/wp\/v2\/posts\/8297\/revisions"}],"predecessor-version":[{"id":8299,"href":"https:\/\/www.elamazonico.com\/portal\/wp-json\/wp\/v2\/posts\/8297\/revisions\/8299"}],"wp:featuredmedia":[{"embeddable":true,"href":"https:\/\/www.elamazonico.com\/portal\/wp-json\/wp\/v2\/media\/8298"}],"wp:attachment":[{"href":"https:\/\/www.elamazonico.com\/portal\/wp-json\/wp\/v2\/media?parent=8297"}],"wp:term":[{"taxonomy":"category","embeddable":true,"href":"https:\/\/www.elamazonico.com\/portal\/wp-json\/wp\/v2\/categories?post=8297"},{"taxonomy":"post_tag","embeddable":true,"href":"https:\/\/www.elamazonico.com\/portal\/wp-json\/wp\/v2\/tags?post=8297"}],"curies":[{"name":"wp","href":"https:\/\/api.w.org\/{rel}","templated":true}]}}