{"id":8294,"date":"2023-02-09T12:08:03","date_gmt":"2023-02-09T17:08:03","guid":{"rendered":"https:\/\/www.elamazonico.com\/portal\/?p=8294"},"modified":"2023-02-09T12:08:03","modified_gmt":"2023-02-09T17:08:03","slug":"henry-cucalon-es-designado-como-el-nuevo-ministro-de-gobierno","status":"publish","type":"post","link":"https:\/\/www.elamazonico.com\/portal\/henry-cucalon-es-designado-como-el-nuevo-ministro-de-gobierno\/","title":{"rendered":"Henry Cucal\u00f3n es designado como el nuevo ministro de Gobierno"},"content":{"rendered":"<p>Como secretario del Municipio de Guayaquil, Henry Cucal\u00f3n Camacho era parte de la \u2018cantera\u2019 de figuras cercanas al l\u00edder socialcristiano Jaime Nebot. Ahora se convertir\u00e1 en el \u2018hombre fuerte\u2019 del r\u00e9gimen de Guillermo Lasso: acept\u00f3 el Ministerio de Gobierno.<\/p>\n<p>Su posesi\u00f3n en el cargo ser\u00e1 a las 17:00 de este 9 de febrero, en el Palacio de Carondelet, seg\u00fan un comunicado de la Secretar\u00eda de Comunicaci\u00f3n de la Presidencia.<\/p>\n<p>Cucal\u00f3n, abogado que est\u00e1 por cumplir 50 a\u00f1os, asume el cargo en un momento duro para Lasso tras la derrota de la consulta popular que este impulsaba para hacer enmiendas constitucionales en tres \u00e1reas: seguridad, institucionalidad y medio ambiente. El No obtuvo un poco m\u00e1s de la mitad de la votaci\u00f3n nacional en las ocho preguntas.<\/p>\n<p>Y en la Asamblea Nacional hay voces que piden la salida de Lasso, pero no est\u00e1 claro bajo qu\u00e9 figura, pues los legisladores ya invocaron el art\u00edculo 130 de la Constituci\u00f3n que plantea la destituci\u00f3n del presidente por \u201cgrave conmoci\u00f3n interna\u201d; algo que no prosper\u00f3 pues no hubo los 92 votos que se necesitaban para ello.<\/p>\n<p>Para Cucal\u00f3n, el Parlamento no es un espacio desconocido. Fue legislador de Guayas por el Partido Social Cristiano (PSC) en dos periodos: del 2013 al 2017; y del 2017 al 2021. Fue parte de las comisiones de Justicia y de Gobiernos aut\u00f3nomos descentralizados.<\/p>\n<p>Antes fue prosecretario y secretario del Municipio de Guayaquil entre el 2002 y el 2012 en la administraci\u00f3n de Nebot.<\/p>\n<p>En el 2016 fue uno de los fundadores de Madera de Guerrero, que fue concebido como un movimiento provincial ciudadano pero con afinidad al PSC. Y era uno de los encargados de la capacitaci\u00f3n de los j\u00f3venes l\u00edderes en lo que se llam\u00f3 \u2018La Cantera de la 6 \u2018.<\/p>\n<p>Su nombre fue considerado en las primarias del partido para ser aspirante a la Presidencia de la Rep\u00fablica en el 2019. Peleaba la nominaci\u00f3n con Cristina Reyes, Luis Fernando Torres, Henry Konfle y C\u00e9sar Rohon. Reyes fue la elegida, pero finalmente se resolvi\u00f3 hacer una alianza con Lasso.<\/p>\n<p>Tras culminar su segundo periodo legislativo, Cucal\u00f3n permaneci\u00f3 alejado de la pol\u00edtica partidista; se dedic\u00f3 a la academia, a hacer an\u00e1lisis pol\u00edtico y al libre ejercicio profesional.<\/p>\n<p>Al inicio de la gesti\u00f3n de Lasso, Cucal\u00f3n fue propuesto como gobernador del Guayas, pero esto no se concret\u00f3. Luego se dio la ruptura entre CREO y PSC cuando Lasso ech\u00f3 abajo el acuerdo pol\u00edtico para designar autoridades en la Asamblea.<\/p>\n<p>La invitaci\u00f3n para ser ministro le lleg\u00f3 del propio presidente la ma\u00f1ana del pasado lunes, al d\u00eda siguiente de los comicios. Sus allegados comentan que si bien tuvo dudas, acept\u00f3 porque cree que puede hacer un aporte importante para la gobernabilidad del pa\u00eds.<\/p>\n<p>El pol\u00edtico es el cuarto ministro de Gobierno de Lasso: el primero fue el fallecido C\u00e9sar Monge, luego estuvo Alexandra Vela y finalmente Francisco Jim\u00e9nez. El Universo<\/p>\n","protected":false},"excerpt":{"rendered":"<p>Como secretario del Municipio de Guayaquil, Henry Cucal\u00f3n Camacho era parte de la \u2018cantera\u2019 de figuras cercanas al l\u00edder socialcristiano Jaime Nebot. Ahora se convertir\u00e1 en el \u2018hombre fuerte\u2019 del r\u00e9gimen de Guillermo Lasso: acept\u00f3 el Ministerio de Gobierno. Su posesi\u00f3n en el cargo ser\u00e1 a las 17:00 de este 9 de febrero, en el Palacio de Carondelet, seg\u00fan un comunicado de la Secretar\u00eda de Comunicaci\u00f3n de la Presidencia. Cucal\u00f3n, abogado que est\u00e1 por cumplir 50 a\u00f1os, asume el cargo en un momento duro para Lasso tras la derrota de la consulta popular que este impulsaba para hacer enmiendas constitucionales en tres \u00e1reas: seguridad, institucionalidad y medio ambiente. El No obtuvo un poco m\u00e1s de la mitad de la votaci\u00f3n nacional en las ocho preguntas. Y en la Asamblea Nacional hay voces que piden la salida de Lasso, pero no est\u00e1 claro bajo qu\u00e9 figura, pues los legisladores ya invocaron el art\u00edculo 130 de la Constituci\u00f3n que plantea la destituci\u00f3n del presidente por \u201cgrave conmoci\u00f3n interna\u201d; algo que no prosper\u00f3 pues no hubo los 92 votos que se necesitaban para ello. Para Cucal\u00f3n, el Parlamento no es un espacio desconocido. Fue legislador de Guayas por el Partido Social Cristiano (PSC) en dos periodos: del 2013 al 2017; y del 2017 al 2021. Fue parte de las comisiones de Justicia y de Gobiernos aut\u00f3nomos descentralizados. Antes fue prosecretario y secretario del Municipio de Guayaquil entre el 2002 y el 2012 en la administraci\u00f3n de Nebot. En el 2016 fue uno de los fundadores de Madera de Guerrero, que fue concebido como un movimiento provincial ciudadano pero con afinidad al PSC. Y era uno de los encargados de la capacitaci\u00f3n de los j\u00f3venes l\u00edderes en lo que se llam\u00f3 \u2018La Cantera de la 6 \u2018. Su nombre fue considerado en las primarias del partido para ser aspirante a la Presidencia de la Rep\u00fablica en el 2019. Peleaba la nominaci\u00f3n con Cristina Reyes, Luis Fernando Torres, Henry Konfle y C\u00e9sar Rohon. Reyes fue la elegida, pero finalmente se resolvi\u00f3 hacer una alianza con Lasso. Tras culminar su segundo periodo legislativo, Cucal\u00f3n permaneci\u00f3 alejado de la pol\u00edtica partidista; se dedic\u00f3 a la academia, a hacer an\u00e1lisis pol\u00edtico y al libre ejercicio profesional. Al inicio de la gesti\u00f3n de Lasso, Cucal\u00f3n fue propuesto como gobernador del Guayas, pero esto no se concret\u00f3. Luego se dio la ruptura entre CREO y PSC cuando Lasso ech\u00f3 abajo el acuerdo pol\u00edtico para designar autoridades en la Asamblea. La invitaci\u00f3n para ser ministro le lleg\u00f3 del propio presidente la ma\u00f1ana del pasado lunes, al d\u00eda siguiente de los comicios. Sus allegados comentan que si bien tuvo dudas, acept\u00f3 porque cree que puede hacer un aporte importante para la gobernabilidad del pa\u00eds. El pol\u00edtico es el cuarto ministro de Gobierno de Lasso: el primero fue el fallecido C\u00e9sar Monge, luego estuvo Alexandra Vela y finalmente Francisco Jim\u00e9nez. El Universo<\/p>\n","protected":false},"author":1,"featured_media":8295,"comment_status":"open","ping_status":"open","sticky":false,"template":"","format":"standard","meta":{"footnotes":""},"categories":[268],"tags":[],"class_list":["post-8294","post","type-post","status-publish","format-standard","has-post-thumbnail","hentry","category-nacionales"],"_links":{"self":[{"href":"https:\/\/www.elamazonico.com\/portal\/wp-json\/wp\/v2\/posts\/8294","targetHints":{"allow":["GET"]}}],"collection":[{"href":"https:\/\/www.elamazonico.com\/portal\/wp-json\/wp\/v2\/posts"}],"about":[{"href":"https:\/\/www.elamazonico.com\/portal\/wp-json\/wp\/v2\/types\/post"}],"author":[{"embeddable":true,"href":"https:\/\/www.elamazonico.com\/portal\/wp-json\/wp\/v2\/users\/1"}],"replies":[{"embeddable":true,"href":"https:\/\/www.elamazonico.com\/portal\/wp-json\/wp\/v2\/comments?post=8294"}],"version-history":[{"count":1,"href":"https:\/\/www.elamazonico.com\/portal\/wp-json\/wp\/v2\/posts\/8294\/revisions"}],"predecessor-version":[{"id":8296,"href":"https:\/\/www.elamazonico.com\/portal\/wp-json\/wp\/v2\/posts\/8294\/revisions\/8296"}],"wp:featuredmedia":[{"embeddable":true,"href":"https:\/\/www.elamazonico.com\/portal\/wp-json\/wp\/v2\/media\/8295"}],"wp:attachment":[{"href":"https:\/\/www.elamazonico.com\/portal\/wp-json\/wp\/v2\/media?parent=8294"}],"wp:term":[{"taxonomy":"category","embeddable":true,"href":"https:\/\/www.elamazonico.com\/portal\/wp-json\/wp\/v2\/categories?post=8294"},{"taxonomy":"post_tag","embeddable":true,"href":"https:\/\/www.elamazonico.com\/portal\/wp-json\/wp\/v2\/tags?post=8294"}],"curies":[{"name":"wp","href":"https:\/\/api.w.org\/{rel}","templated":true}]}}