{"id":8267,"date":"2023-02-08T15:10:10","date_gmt":"2023-02-08T20:10:10","guid":{"rendered":"https:\/\/www.elamazonico.com\/portal\/?p=8267"},"modified":"2023-02-08T15:10:10","modified_gmt":"2023-02-08T20:10:10","slug":"cuando-el-pueblo-habla-es-deber-de-los-gobernantes-analizar-entender-y-aceptar-presidente-lasso-se-pronuncio-sobre-la-consulta-popular","status":"publish","type":"post","link":"https:\/\/www.elamazonico.com\/portal\/cuando-el-pueblo-habla-es-deber-de-los-gobernantes-analizar-entender-y-aceptar-presidente-lasso-se-pronuncio-sobre-la-consulta-popular\/","title":{"rendered":"\u00abCuando el pueblo habla es deber de los gobernantes analizar, entender y aceptar\u00bb, presidente Lasso se pronunci\u00f3 sobre la Consulta Popular"},"content":{"rendered":"<p class=\"p_0\">El presidente de la Rep\u00fablica,<b>\u00a0Guillermo Lasso<\/b>, se pronunci\u00f3 sobre los datos oficiales del<b>\u00a0Consejo Nacional Electoral<\/b>\u00a0que reflejan una tendencia marcada hacia el\u00a0<b>\u00abNo\u00bb<\/b>\u00a0en todas las preguntas del\u00a0<b>refer\u00e9ndum.<\/b><\/p>\n<p class=\"p_1\">\u00abM\u00e1s all\u00e1 de los resultados de la\u00a0<b>Consulta Popular<\/b>, la gran mayor\u00eda de ustedes anhela y desea un\u00a0<b>pa\u00eds mejor<\/b>. Creemos que vot\u00f3 con la\u00a0<b>seguridad\u00a0<\/b>de que su decisi\u00f3n\u00a0<b>contribu\u00eda a ese noble fin<\/b>\u00ab, expres\u00f3, en un Mensaje a la Naci\u00f3n emitido durante la noche de este lunes 6 de febrero.<\/p>\n<p class=\"p_2\">El\u00a0<b>titular del poder Ejecutivo<\/b>\u00a0se\u00f1al\u00f3 que las demandas de quienes votaron a\u00a0<b>favor y en contra de las preguntas\u00a0<\/b>son las mismas, precisando que\u00a0<b>corresponder\u00edan\u00a0<\/b>a \u00abm\u00e1s seguridad, mejor educaci\u00f3n, mejor salud, m\u00e1s trabajo, mejores empleos, mejores salarios y\u00a0<b>reducci\u00f3n del costo de la vida<\/b>\u00ab.<\/p>\n<p class=\"p_3\">\u00abEl objetivo del\u00a0<b>refer\u00e9ndum del pasado domingo<\/b>\u00a0siempre fue escucharlos, sea cual sea su\u00a0<b>pronunciamiento<\/b>. En esa manifestaci\u00f3n, en ese acto de\u00a0<b>expresi\u00f3n popular<\/b>, anidan las respuestas y soluciones a los problemas que nuestro pa\u00eds\u00a0<b>atraviesa<\/b>\u00ab, consider\u00f3.<\/p>\n<p>https:\/\/twitter.com\/ComunicacionEc\/status\/1622761946985426944<\/p>\n<p>&nbsp;<\/p>\n<div class=\"paragraph texto\">\n<p class=\"p_4\">No obstante, el\u00a0<b>titular del poder Ejecutivo\u00a0<\/b>lament\u00f3 que en el pa\u00eds prime una cultura pol\u00edtica que antagoniza a personas que\u00a0<b>exhiben l\u00edneas de pensamiento diferentes.\u00a0<\/b>\u201cEs en la diversidad donde debemos encontrar el punto de partida\u201d, acot\u00f3.<\/p>\n<\/div>\n<div class=\"paragraph texto\">\n<p class=\"p_5\">Concluyendo, exhort\u00f3 a los<b>\u00a0futuros candidatos<\/b>\u00a0para dignidades en Ecuador a realizar<b>\u00a0campa\u00f1as electorales<\/b>\u00a0en las que se trascienda de los meros personalismos.<\/p>\n<p class=\"p_6\">El<b>\u00a0escrutinio del referendo<\/b>, en el cual se abordaron temas como la\u00a0<b>reducci\u00f3n del n\u00famero de asamble\u00edstas\u00a0<\/b>y la extradici\u00f3n de ecuatorianos que hayan cometido delitos relacionados al\u00a0<b>crimen organizado<\/b>, entre otros, avanza de\u00a0<b>manera tard\u00eda<\/b>\u00a0en comparaci\u00f3n al\u00a0<b>conteo\u00a0<\/b>de\u00a0<b>votos\u00a0<\/b>para funcionarios p\u00fablicos.<\/p>\n<\/div>\n<div class=\"paragraph texto\">\n<p class=\"p_7\">\u00abAdem\u00e1s de resultar\u00a0<b>inexplicable<\/b>, esta situaci\u00f3n genera\u00a0<b>incertidumbre y confusi\u00f3n\u00a0<\/b>en la ciudadan\u00eda\u00bb, consider\u00f3 el Gobierno sobre la demora tras alertar que \u00abse mantendr\u00e1 atento al p<b>roceso electoral<\/b>, defendiendo siempre la\u00a0<b>voluntad popular\u00a0<\/b>expresada en las urnas\u00bb. Fuente: Vistazo<\/p>\n<\/div>\n","protected":false},"excerpt":{"rendered":"<p>El presidente de la Rep\u00fablica,\u00a0Guillermo Lasso, se pronunci\u00f3 sobre los datos oficiales del\u00a0Consejo Nacional Electoral\u00a0que reflejan una tendencia marcada hacia el\u00a0\u00abNo\u00bb\u00a0en todas las preguntas del\u00a0refer\u00e9ndum. \u00abM\u00e1s all\u00e1 de los resultados de la\u00a0Consulta Popular, la gran mayor\u00eda de ustedes anhela y desea un\u00a0pa\u00eds mejor. Creemos que vot\u00f3 con la\u00a0seguridad\u00a0de que su decisi\u00f3n\u00a0contribu\u00eda a ese noble fin\u00ab, expres\u00f3, en un Mensaje a la Naci\u00f3n emitido durante la noche de este lunes 6 de febrero. El\u00a0titular del poder Ejecutivo\u00a0se\u00f1al\u00f3 que las demandas de quienes votaron a\u00a0favor y en contra de las preguntas\u00a0son las mismas, precisando que\u00a0corresponder\u00edan\u00a0a \u00abm\u00e1s seguridad, mejor educaci\u00f3n, mejor salud, m\u00e1s trabajo, mejores empleos, mejores salarios y\u00a0reducci\u00f3n del costo de la vida\u00ab. \u00abEl objetivo del\u00a0refer\u00e9ndum del pasado domingo\u00a0siempre fue escucharlos, sea cual sea su\u00a0pronunciamiento. En esa manifestaci\u00f3n, en ese acto de\u00a0expresi\u00f3n popular, anidan las respuestas y soluciones a los problemas que nuestro pa\u00eds\u00a0atraviesa\u00ab, consider\u00f3. https:\/\/twitter.com\/ComunicacionEc\/status\/1622761946985426944 &nbsp; No obstante, el\u00a0titular del poder Ejecutivo\u00a0lament\u00f3 que en el pa\u00eds prime una cultura pol\u00edtica que antagoniza a personas que\u00a0exhiben l\u00edneas de pensamiento diferentes.\u00a0\u201cEs en la diversidad donde debemos encontrar el punto de partida\u201d, acot\u00f3. Concluyendo, exhort\u00f3 a los\u00a0futuros candidatos\u00a0para dignidades en Ecuador a realizar\u00a0campa\u00f1as electorales\u00a0en las que se trascienda de los meros personalismos. El\u00a0escrutinio del referendo, en el cual se abordaron temas como la\u00a0reducci\u00f3n del n\u00famero de asamble\u00edstas\u00a0y la extradici\u00f3n de ecuatorianos que hayan cometido delitos relacionados al\u00a0crimen organizado, entre otros, avanza de\u00a0manera tard\u00eda\u00a0en comparaci\u00f3n al\u00a0conteo\u00a0de\u00a0votos\u00a0para funcionarios p\u00fablicos. \u00abAdem\u00e1s de resultar\u00a0inexplicable, esta situaci\u00f3n genera\u00a0incertidumbre y confusi\u00f3n\u00a0en la ciudadan\u00eda\u00bb, consider\u00f3 el Gobierno sobre la demora tras alertar que \u00abse mantendr\u00e1 atento al proceso electoral, defendiendo siempre la\u00a0voluntad popular\u00a0expresada en las urnas\u00bb. Fuente: Vistazo<\/p>\n","protected":false},"author":1,"featured_media":8268,"comment_status":"open","ping_status":"open","sticky":false,"template":"","format":"standard","meta":{"footnotes":""},"categories":[268],"tags":[],"class_list":["post-8267","post","type-post","status-publish","format-standard","has-post-thumbnail","hentry","category-nacionales"],"_links":{"self":[{"href":"https:\/\/www.elamazonico.com\/portal\/wp-json\/wp\/v2\/posts\/8267","targetHints":{"allow":["GET"]}}],"collection":[{"href":"https:\/\/www.elamazonico.com\/portal\/wp-json\/wp\/v2\/posts"}],"about":[{"href":"https:\/\/www.elamazonico.com\/portal\/wp-json\/wp\/v2\/types\/post"}],"author":[{"embeddable":true,"href":"https:\/\/www.elamazonico.com\/portal\/wp-json\/wp\/v2\/users\/1"}],"replies":[{"embeddable":true,"href":"https:\/\/www.elamazonico.com\/portal\/wp-json\/wp\/v2\/comments?post=8267"}],"version-history":[{"count":1,"href":"https:\/\/www.elamazonico.com\/portal\/wp-json\/wp\/v2\/posts\/8267\/revisions"}],"predecessor-version":[{"id":8269,"href":"https:\/\/www.elamazonico.com\/portal\/wp-json\/wp\/v2\/posts\/8267\/revisions\/8269"}],"wp:featuredmedia":[{"embeddable":true,"href":"https:\/\/www.elamazonico.com\/portal\/wp-json\/wp\/v2\/media\/8268"}],"wp:attachment":[{"href":"https:\/\/www.elamazonico.com\/portal\/wp-json\/wp\/v2\/media?parent=8267"}],"wp:term":[{"taxonomy":"category","embeddable":true,"href":"https:\/\/www.elamazonico.com\/portal\/wp-json\/wp\/v2\/categories?post=8267"},{"taxonomy":"post_tag","embeddable":true,"href":"https:\/\/www.elamazonico.com\/portal\/wp-json\/wp\/v2\/tags?post=8267"}],"curies":[{"name":"wp","href":"https:\/\/api.w.org\/{rel}","templated":true}]}}