{"id":8253,"date":"2023-02-08T10:36:31","date_gmt":"2023-02-08T15:36:31","guid":{"rendered":"https:\/\/www.elamazonico.comportal\/?p=8253"},"modified":"2023-02-08T10:36:31","modified_gmt":"2023-02-08T15:36:31","slug":"el-psc-esta-pagando-la-factura-politica-de-haber-apoyado-en-su-momento-a-lasso","status":"publish","type":"post","link":"https:\/\/www.elamazonico.com\/portal\/el-psc-esta-pagando-la-factura-politica-de-haber-apoyado-en-su-momento-a-lasso\/","title":{"rendered":"El PSC est\u00e1 pagando la factura pol\u00edtica de haber apoyado, en su momento, a Lasso"},"content":{"rendered":"<p>Alfredo Serrano, presidente del Partido Social Cristiano (PSC), afirm\u00f3 que el PSC es la segunda fuerza pol\u00edtica del pa\u00eds, pese a haber perdido su principal basti\u00f3n: Guayaquil y la provincia del Guayas. Admiti\u00f3 que sin duda se cometieron errores en la administraci\u00f3n municipal, en la campa\u00f1a electoral, y no podemos desconocer la factura pol\u00edtica que estamos pagando, este momento, por haber respaldado al candidato Guillermo Lasso para evitar que el corre\u00edsmo se tome el poder.<\/p>\n<p>Luego est\u00e1 el hecho de haber apoyado la no destituci\u00f3n del presidente Lasso en la Asamblea Nacional. Otro ingrediente que dice mucho es la partici\u00f3n del voto socialcristiano por la ambici\u00f3n desmedida de algunos oportunistas. Ecuavisa\/jtr<\/p>\n","protected":false},"excerpt":{"rendered":"<p>Alfredo Serrano, presidente del Partido Social Cristiano (PSC), afirm\u00f3 que el PSC es la segunda fuerza pol\u00edtica del pa\u00eds, pese a haber perdido su principal basti\u00f3n: Guayaquil y la provincia del Guayas. Admiti\u00f3 que sin duda se cometieron errores en la administraci\u00f3n municipal, en la campa\u00f1a electoral, y no podemos desconocer la factura pol\u00edtica que estamos pagando, este momento, por haber respaldado al candidato Guillermo Lasso para evitar que el corre\u00edsmo se tome el poder. Luego est\u00e1 el hecho de haber apoyado la no destituci\u00f3n del presidente Lasso en la Asamblea Nacional. Otro ingrediente que dice mucho es la partici\u00f3n del voto socialcristiano por la ambici\u00f3n desmedida de algunos oportunistas. Ecuavisa\/jtr<\/p>\n","protected":false},"author":1,"featured_media":0,"comment_status":"open","ping_status":"open","sticky":false,"template":"","format":"standard","meta":{"footnotes":""},"categories":[268],"tags":[],"class_list":["post-8253","post","type-post","status-publish","format-standard","hentry","category-nacionales"],"_links":{"self":[{"href":"https:\/\/www.elamazonico.com\/portal\/wp-json\/wp\/v2\/posts\/8253","targetHints":{"allow":["GET"]}}],"collection":[{"href":"https:\/\/www.elamazonico.com\/portal\/wp-json\/wp\/v2\/posts"}],"about":[{"href":"https:\/\/www.elamazonico.com\/portal\/wp-json\/wp\/v2\/types\/post"}],"author":[{"embeddable":true,"href":"https:\/\/www.elamazonico.com\/portal\/wp-json\/wp\/v2\/users\/1"}],"replies":[{"embeddable":true,"href":"https:\/\/www.elamazonico.com\/portal\/wp-json\/wp\/v2\/comments?post=8253"}],"version-history":[{"count":1,"href":"https:\/\/www.elamazonico.com\/portal\/wp-json\/wp\/v2\/posts\/8253\/revisions"}],"predecessor-version":[{"id":8255,"href":"https:\/\/www.elamazonico.com\/portal\/wp-json\/wp\/v2\/posts\/8253\/revisions\/8255"}],"wp:attachment":[{"href":"https:\/\/www.elamazonico.com\/portal\/wp-json\/wp\/v2\/media?parent=8253"}],"wp:term":[{"taxonomy":"category","embeddable":true,"href":"https:\/\/www.elamazonico.com\/portal\/wp-json\/wp\/v2\/categories?post=8253"},{"taxonomy":"post_tag","embeddable":true,"href":"https:\/\/www.elamazonico.com\/portal\/wp-json\/wp\/v2\/tags?post=8253"}],"curies":[{"name":"wp","href":"https:\/\/api.w.org\/{rel}","templated":true}]}}