{"id":8236,"date":"2023-02-07T13:14:08","date_gmt":"2023-02-07T18:14:08","guid":{"rendered":"https:\/\/www.elamazonico.com\/portal\/?p=8236"},"modified":"2023-02-07T13:14:08","modified_gmt":"2023-02-07T18:14:08","slug":"francisco-jimenez-habla-de-eventuales-cambios-en-gabinete","status":"publish","type":"post","link":"https:\/\/www.elamazonico.com\/portal\/francisco-jimenez-habla-de-eventuales-cambios-en-gabinete\/","title":{"rendered":"Francisco Jim\u00e9nez habla de eventuales cambios en Gabinete"},"content":{"rendered":"<p>Tras los resultados de la consulta popular, el\u00a0<strong>Ministro de Gobierno<\/strong>\u00a0informa sobre\u00a0<strong>nueva hoja de ruta<\/strong>\u00a0y posibles\u00a0<strong>cambios en el Gabinete de Gobierno<\/strong>.<\/p>\n<p>Francisco Jim\u00e9nez, ministro de Gobierno, reaccion\u00f3 a las expresiones de algunas figuras pol\u00edticas en torno a los resultados del\u00a0<strong>refer\u00e9ndum\u00a0<\/strong>y las\u00a0<strong>elecciones seccionales.<\/strong><\/p>\n<p>\u201cHay que tomar nota y seguir. No nos podemos detener en lo que ha sucedido. Entendemos las posiciones que puedan tener algunas organizaciones pol\u00edticas. Tal vez est\u00e1n haciendo sus declaraciones bajo el dolor de haber perdido bastiones hist\u00f3ricos, pero eso cada uno lo tendr\u00e1 que procesar\u201d, manifest\u00f3 Jim\u00e9nez durante una entrevista en Teleamazonas este martes, 7 de febrero de 2023.<\/p>\n<p>Lo dijo en respuesta a la postura del m\u00e1ximo l\u00edder del Partido Social Cristiano (PSC),\u00a0<strong>Jaime Nebot.<\/strong><\/p>\n<p>El pol\u00edtico, a trav\u00e9s de un\u00a0<a title=\"https:\/\/www.elcomercio.com\/actualidad\/politica\/jaime-nebot-triunfo-alvarez-aguinaga-lasso.html\" href=\"https:\/\/www.elcomercio.com\/actualidad\/politica\/jaime-nebot-triunfo-alvarez-aguinaga-lasso.html\" data-type=\"URL\" data-id=\"https:\/\/www.elcomercio.com\/actualidad\/politica\/jaime-nebot-triunfo-alvarez-aguinaga-lasso.html\">video<\/a>, reconoci\u00f3 el 6 de febrero el triunfo de figuras corre\u00edstas para la\u00a0<strong>Prefectura del Guayas<\/strong>\u00a0y la\u00a0<strong>Alcald\u00eda de Guayaquil<\/strong>. En ese contexto, mencion\u00f3: \u201cEn el a\u00f1o 2021, pensando en que era lo m\u00e1s conveniente para el pa\u00eds, dimos nuestros votos para Presidente a un hombre (Guillermo Lasso) que nos traicion\u00f3 al hacer lo contrario de lo que se plante\u00f3 en la campa\u00f1a\u201d.<\/p>\n<p>A su criterio, la\u00a0<a title=\"https:\/\/www.elcomercio.com\/actualidad\/politica\/guillermo-lasso-resultado-consulta-pueblo-gobierno.html\" href=\"https:\/\/www.elcomercio.com\/actualidad\/politica\/guillermo-lasso-resultado-consulta-pueblo-gobierno.html\" data-type=\"URL\" data-id=\"https:\/\/www.elcomercio.com\/actualidad\/politica\/guillermo-lasso-resultado-consulta-pueblo-gobierno.html\">consulta popular<\/a>\u00a0se contamin\u00f3 con las elecciones seccionales y los\u00a0<strong>candidatos del Gobierno<\/strong>\u00a0obtuvieron una \u201c<strong>microsc\u00f3pica cantidad de votos<\/strong>\u201d. Nebot resalt\u00f3 la posici\u00f3n de su partido: \u201cNunca m\u00e1s debemos aliarnos con aprovechadores que carecen de coherencia y de palabra, ni admitir o readmitir en el partido oportunistas que solo quieren ser sin hacer\u201d.<\/p>\n<p>Jim\u00e9nez sostuvo que \u201clos arrepentimientos son para los que se quieren ir a confesar\u201d y que el Gobierno alcanz\u00f3 alrededor de 24 alcaldes en las seccionales y presencia con asamble\u00edstas por lo que \u201cest\u00e1n dentro de la cancha\u201d. No se deben buscar culpables, a\u00f1adi\u00f3.<\/p>\n<h2 id=\"h-nueva-hoja-de-ruta\">Nueva hoja de ruta<\/h2>\n<p>El Ministro asegur\u00f3 que el\u00a0<strong>Gobierno ha tomado nota<\/strong>\u00a0de lo que ha expresado la ciudadan\u00eda en las urnas y en funci\u00f3n de eso se trazar\u00e1 la nueva hoja de ruta que requiere el pa\u00eds para los pr\u00f3ximos dos a\u00f1os de gesti\u00f3n.<\/p>\n<p>\u201cEl presidente Lasso est\u00e1 muy claro en la hoja de ruta de concertaci\u00f3n que va a buscar implementar, de acuerdos, de di\u00e1logos, de establecimientos de consensos con las diferentes fuerzas pol\u00edticas\u201d, insisti\u00f3 Jim\u00e9nez. Esta postura lo anticip\u00f3 el Mandatario la noche del 6 de febrero.<\/p>\n<p>No obstante,<strong>\u00a0Esteban Torres<\/strong>, coordinador de la Bancada del PSC, cuestion\u00f3 la actitud del Gobierno. \u201cCaen muy mal falsos y fingidos llamados a una unidad nacional que jam\u00e1s buscaron y que evitaron a toda costa cuando se sentaron en el poder. Ese tiempo ya pas\u00f3. Ya llamaron narcos a los que se atrevieron a pensar distinto y a discrepar\u201d, public\u00f3 en su Twitter.<\/p>\n<p>https:\/\/twitter.com\/etorrescobo\/status\/1622774281556852739<\/p>\n<p>Al Ejecutivo le interesa sacar adelante algunas reformas a trav\u00e9s de la\u00a0<strong>Asamblea Nacional<\/strong>, como la\u00a0<strong>reforma laboral<\/strong>, el proyecto de\u00a0<strong>Ley de Zonas Francas<\/strong>\u00a0y la reforma parcial para\u00a0<strong>apoyo de las Fuerzas Armadas a la Polic\u00eda Nacional<\/strong>\u00a0y por eso el llamado a la concertaci\u00f3n.<\/p>\n<p>En materia de seguridad, el Ministro adelant\u00f3 que pr\u00f3ximamente se convocar\u00e1 a un\u00a0<strong>conversatorio a las nuevas autoridades locales\u00a0<\/strong>para identificar soluciones comunes.<\/p>\n<p>Jim\u00e9nez explic\u00f3 que cuando hay elecciones es normal que se\u00a0<strong>analicen cambios en el Gabinete\u00a0<\/strong>porque se modifica el tablero pol\u00edtico, pero que es el Jefe de Estado quien tiene la \u00faltima palabra.<\/p>\n<p>En cuanto a la nueva conformaci\u00f3n del Consejo de Participaci\u00f3n Ciudadana y Control Social con candidatos corre\u00edstas, el funcionario se limit\u00f3 a decir que mientras haya concursos de designaci\u00f3n transparentes, no habr\u00e1 problemas. Fuente: El Comercio<\/p>\n","protected":false},"excerpt":{"rendered":"<p>Tras los resultados de la consulta popular, el\u00a0Ministro de Gobierno\u00a0informa sobre\u00a0nueva hoja de ruta\u00a0y posibles\u00a0cambios en el Gabinete de Gobierno. Francisco Jim\u00e9nez, ministro de Gobierno, reaccion\u00f3 a las expresiones de algunas figuras pol\u00edticas en torno a los resultados del\u00a0refer\u00e9ndum\u00a0y las\u00a0elecciones seccionales. \u201cHay que tomar nota y seguir. No nos podemos detener en lo que ha sucedido. Entendemos las posiciones que puedan tener algunas organizaciones pol\u00edticas. Tal vez est\u00e1n haciendo sus declaraciones bajo el dolor de haber perdido bastiones hist\u00f3ricos, pero eso cada uno lo tendr\u00e1 que procesar\u201d, manifest\u00f3 Jim\u00e9nez durante una entrevista en Teleamazonas este martes, 7 de febrero de 2023. Lo dijo en respuesta a la postura del m\u00e1ximo l\u00edder del Partido Social Cristiano (PSC),\u00a0Jaime Nebot. El pol\u00edtico, a trav\u00e9s de un\u00a0video, reconoci\u00f3 el 6 de febrero el triunfo de figuras corre\u00edstas para la\u00a0Prefectura del Guayas\u00a0y la\u00a0Alcald\u00eda de Guayaquil. En ese contexto, mencion\u00f3: \u201cEn el a\u00f1o 2021, pensando en que era lo m\u00e1s conveniente para el pa\u00eds, dimos nuestros votos para Presidente a un hombre (Guillermo Lasso) que nos traicion\u00f3 al hacer lo contrario de lo que se plante\u00f3 en la campa\u00f1a\u201d. A su criterio, la\u00a0consulta popular\u00a0se contamin\u00f3 con las elecciones seccionales y los\u00a0candidatos del Gobierno\u00a0obtuvieron una \u201cmicrosc\u00f3pica cantidad de votos\u201d. Nebot resalt\u00f3 la posici\u00f3n de su partido: \u201cNunca m\u00e1s debemos aliarnos con aprovechadores que carecen de coherencia y de palabra, ni admitir o readmitir en el partido oportunistas que solo quieren ser sin hacer\u201d. Jim\u00e9nez sostuvo que \u201clos arrepentimientos son para los que se quieren ir a confesar\u201d y que el Gobierno alcanz\u00f3 alrededor de 24 alcaldes en las seccionales y presencia con asamble\u00edstas por lo que \u201cest\u00e1n dentro de la cancha\u201d. No se deben buscar culpables, a\u00f1adi\u00f3. Nueva hoja de ruta El Ministro asegur\u00f3 que el\u00a0Gobierno ha tomado nota\u00a0de lo que ha expresado la ciudadan\u00eda en las urnas y en funci\u00f3n de eso se trazar\u00e1 la nueva hoja de ruta que requiere el pa\u00eds para los pr\u00f3ximos dos a\u00f1os de gesti\u00f3n. \u201cEl presidente Lasso est\u00e1 muy claro en la hoja de ruta de concertaci\u00f3n que va a buscar implementar, de acuerdos, de di\u00e1logos, de establecimientos de consensos con las diferentes fuerzas pol\u00edticas\u201d, insisti\u00f3 Jim\u00e9nez. Esta postura lo anticip\u00f3 el Mandatario la noche del 6 de febrero. No obstante,\u00a0Esteban Torres, coordinador de la Bancada del PSC, cuestion\u00f3 la actitud del Gobierno. \u201cCaen muy mal falsos y fingidos llamados a una unidad nacional que jam\u00e1s buscaron y que evitaron a toda costa cuando se sentaron en el poder. Ese tiempo ya pas\u00f3. Ya llamaron narcos a los que se atrevieron a pensar distinto y a discrepar\u201d, public\u00f3 en su Twitter. https:\/\/twitter.com\/etorrescobo\/status\/1622774281556852739 Al Ejecutivo le interesa sacar adelante algunas reformas a trav\u00e9s de la\u00a0Asamblea Nacional, como la\u00a0reforma laboral, el proyecto de\u00a0Ley de Zonas Francas\u00a0y la reforma parcial para\u00a0apoyo de las Fuerzas Armadas a la Polic\u00eda Nacional\u00a0y por eso el llamado a la concertaci\u00f3n. En materia de seguridad, el Ministro adelant\u00f3 que pr\u00f3ximamente se convocar\u00e1 a un\u00a0conversatorio a las nuevas autoridades locales\u00a0para identificar soluciones comunes. Jim\u00e9nez explic\u00f3 que cuando hay elecciones es normal que se\u00a0analicen cambios en el Gabinete\u00a0porque se modifica el tablero pol\u00edtico, pero que es el Jefe de Estado quien tiene la \u00faltima palabra. En cuanto a la nueva conformaci\u00f3n del Consejo de Participaci\u00f3n Ciudadana y Control Social con candidatos corre\u00edstas, el funcionario se limit\u00f3 a decir que mientras haya concursos de designaci\u00f3n transparentes, no habr\u00e1 problemas. Fuente: El Comercio<\/p>\n","protected":false},"author":1,"featured_media":8237,"comment_status":"open","ping_status":"open","sticky":false,"template":"","format":"standard","meta":{"footnotes":""},"categories":[268],"tags":[],"class_list":["post-8236","post","type-post","status-publish","format-standard","has-post-thumbnail","hentry","category-nacionales"],"_links":{"self":[{"href":"https:\/\/www.elamazonico.com\/portal\/wp-json\/wp\/v2\/posts\/8236","targetHints":{"allow":["GET"]}}],"collection":[{"href":"https:\/\/www.elamazonico.com\/portal\/wp-json\/wp\/v2\/posts"}],"about":[{"href":"https:\/\/www.elamazonico.com\/portal\/wp-json\/wp\/v2\/types\/post"}],"author":[{"embeddable":true,"href":"https:\/\/www.elamazonico.com\/portal\/wp-json\/wp\/v2\/users\/1"}],"replies":[{"embeddable":true,"href":"https:\/\/www.elamazonico.com\/portal\/wp-json\/wp\/v2\/comments?post=8236"}],"version-history":[{"count":1,"href":"https:\/\/www.elamazonico.com\/portal\/wp-json\/wp\/v2\/posts\/8236\/revisions"}],"predecessor-version":[{"id":8238,"href":"https:\/\/www.elamazonico.com\/portal\/wp-json\/wp\/v2\/posts\/8236\/revisions\/8238"}],"wp:featuredmedia":[{"embeddable":true,"href":"https:\/\/www.elamazonico.com\/portal\/wp-json\/wp\/v2\/media\/8237"}],"wp:attachment":[{"href":"https:\/\/www.elamazonico.com\/portal\/wp-json\/wp\/v2\/media?parent=8236"}],"wp:term":[{"taxonomy":"category","embeddable":true,"href":"https:\/\/www.elamazonico.com\/portal\/wp-json\/wp\/v2\/categories?post=8236"},{"taxonomy":"post_tag","embeddable":true,"href":"https:\/\/www.elamazonico.com\/portal\/wp-json\/wp\/v2\/tags?post=8236"}],"curies":[{"name":"wp","href":"https:\/\/api.w.org\/{rel}","templated":true}]}}