{"id":8233,"date":"2023-02-07T12:58:24","date_gmt":"2023-02-07T17:58:24","guid":{"rendered":"https:\/\/www.elamazonico.com\/portal\/?p=8233"},"modified":"2023-02-07T12:58:24","modified_gmt":"2023-02-07T17:58:24","slug":"riesgo-pais-de-ecuador-alcanzo-la-cifra-mas-alta-de-lo-que-va-del-2023-por-las-elecciones","status":"publish","type":"post","link":"https:\/\/www.elamazonico.com\/portal\/riesgo-pais-de-ecuador-alcanzo-la-cifra-mas-alta-de-lo-que-va-del-2023-por-las-elecciones\/","title":{"rendered":"Riesgo Pa\u00eds de Ecuador alcanz\u00f3 la cifra m\u00e1s alta de lo que va del 2023 por las elecciones"},"content":{"rendered":"<p>El indicador\u00a0<strong>Riesgo Pa\u00eds de Ecuador<\/strong>\u00a0subi\u00f3 a 1 415 puntos este lunes 6 de febrero del 2023. Ese la cifra m\u00e1s alta de lo que va del 2023.<\/p>\n<p>El indicador\u00a0<strong>subi\u00f3 cerca de 300 puntos<\/strong>\u00a0tras los resultados de las\u00a0<strong>elecciones seccionales y de refer\u00e9ndum\u00a0<\/strong>del domingo 5 de febrero. El gobierno de\u00a0<strong>Guillermo Lasso<\/strong>\u00a0fue derrotado debido a que el no gan\u00f3 en la Consulta Popular. Ese resultado fue interpretado como un rechazo a su administraci\u00f3n.<\/p>\n<p><strong>Guillermo Avell\u00e1n<\/strong>, gerente del\u00a0<strong>Banco Central del Ecuador<\/strong>, se\u00f1al\u00f3 que \u00abel gran legado de nuestra generaci\u00f3n debe ser blindar la econom\u00eda del ciclo electoral\u00bb.<\/p>\n<p>Adem\u00e1s, se\u00f1al\u00f3 que el pa\u00eds debe continuar trabajando en consensos en materia fiscal, a fin de impulsar un crecimiento econ\u00f3mico sostenible.<\/p>\n<div class=\"flourish-embed flourish-chart\" data-src=\"visualisation\/12675036\">\n<div class=\"flourish-credit\">\n<h2 id=\"h-que-muestra-el-indicador\">\u00bfQu\u00e9 muestra el indicador?<\/h2>\n<p>El\u00a0<strong>Riesgo Pa\u00eds<\/strong>\u00a0es un indicador que\u00a0<strong>refleja la percepci\u00f3n de los mercados internacionale<\/strong>s frente a la capacidad de pago que tiene un pa\u00eds. Tambi\u00e9n muestra el clima financiero de una naci\u00f3n.<\/p>\n<p><strong>Mientras m\u00e1s alto es este \u00edndice se considera que ese pa\u00eds tiene m\u00e1s riesgo de caer en el no pago de sus deudas\u00a0<\/strong>o \u2018default\u2019. Es decir, es el riesgo que tienen los inversionistas sobre sus\u00a0<strong>t\u00edtulos, bonos o inversione<\/strong>s.<\/p>\n<h2>Un escenario complicado<\/h2>\n<p>Desde junio del 2022, tras las movilizaciones convocadas por la\u00a0<strong>Confederaci\u00f3n de Nacionalidades Ind\u00edgenas del Ecuador (Conaie)<\/strong>, el indicador no ha podido bajar de los 1 000 puntos.<\/p>\n<p>Antes de esas manifestaciones el riesgo se mantuvo en un promedio de 800 puntos desde el inicio del mandato de\u00a0<strong>Guillermo Lasso<\/strong>, en mayo del 2021.<\/p>\n<p>El\u00a0<strong>nivel m\u00e1s alto del indicador<\/strong>, en lo que va de este gobierno,\u00a0<strong>se alcanz\u00f3 el 13 de octubre del 2022, con 1 945 puntos.\u00a0<\/strong>Esto sucedi\u00f3 durante los \u00faltimos d\u00edas de las negociaciones de las mesas de di\u00e1logo instaladas tras las manifestaciones de junio de 2022.<\/p>\n<p>El\u00a0<strong>Riesgo Pa\u00eds de Ecuador<\/strong>\u00a0es afectado por factores como la inestabilidad pol\u00edtica y el\u00a0<strong>precio del petr\u00f3leo tipo WTI<\/strong>, de referencia para el pa\u00eds. Este lunes 6 de febrero se cotiz\u00f3 a USD 74. En los \u00faltimos doce meses el precio del barril de petr\u00f3leo ha descendido un 17,94%. <strong>Fuente: El Comercio<\/strong><\/p>\n<p>&nbsp;<\/p>\n<\/div>\n<\/div>\n","protected":false},"excerpt":{"rendered":"<p>El indicador\u00a0Riesgo Pa\u00eds de Ecuador\u00a0subi\u00f3 a 1 415 puntos este lunes 6 de febrero del 2023. Ese la cifra m\u00e1s alta de lo que va del 2023. El indicador\u00a0subi\u00f3 cerca de 300 puntos\u00a0tras los resultados de las\u00a0elecciones seccionales y de refer\u00e9ndum\u00a0del domingo 5 de febrero. El gobierno de\u00a0Guillermo Lasso\u00a0fue derrotado debido a que el no gan\u00f3 en la Consulta Popular. Ese resultado fue interpretado como un rechazo a su administraci\u00f3n. Guillermo Avell\u00e1n, gerente del\u00a0Banco Central del Ecuador, se\u00f1al\u00f3 que \u00abel gran legado de nuestra generaci\u00f3n debe ser blindar la econom\u00eda del ciclo electoral\u00bb. Adem\u00e1s, se\u00f1al\u00f3 que el pa\u00eds debe continuar trabajando en consensos en materia fiscal, a fin de impulsar un crecimiento econ\u00f3mico sostenible. \u00bfQu\u00e9 muestra el indicador? El\u00a0Riesgo Pa\u00eds\u00a0es un indicador que\u00a0refleja la percepci\u00f3n de los mercados internacionales frente a la capacidad de pago que tiene un pa\u00eds. Tambi\u00e9n muestra el clima financiero de una naci\u00f3n. Mientras m\u00e1s alto es este \u00edndice se considera que ese pa\u00eds tiene m\u00e1s riesgo de caer en el no pago de sus deudas\u00a0o \u2018default\u2019. Es decir, es el riesgo que tienen los inversionistas sobre sus\u00a0t\u00edtulos, bonos o inversiones. Un escenario complicado Desde junio del 2022, tras las movilizaciones convocadas por la\u00a0Confederaci\u00f3n de Nacionalidades Ind\u00edgenas del Ecuador (Conaie), el indicador no ha podido bajar de los 1 000 puntos. Antes de esas manifestaciones el riesgo se mantuvo en un promedio de 800 puntos desde el inicio del mandato de\u00a0Guillermo Lasso, en mayo del 2021. El\u00a0nivel m\u00e1s alto del indicador, en lo que va de este gobierno,\u00a0se alcanz\u00f3 el 13 de octubre del 2022, con 1 945 puntos.\u00a0Esto sucedi\u00f3 durante los \u00faltimos d\u00edas de las negociaciones de las mesas de di\u00e1logo instaladas tras las manifestaciones de junio de 2022. El\u00a0Riesgo Pa\u00eds de Ecuador\u00a0es afectado por factores como la inestabilidad pol\u00edtica y el\u00a0precio del petr\u00f3leo tipo WTI, de referencia para el pa\u00eds. Este lunes 6 de febrero se cotiz\u00f3 a USD 74. En los \u00faltimos doce meses el precio del barril de petr\u00f3leo ha descendido un 17,94%. Fuente: El Comercio &nbsp;<\/p>\n","protected":false},"author":1,"featured_media":8234,"comment_status":"open","ping_status":"open","sticky":false,"template":"","format":"standard","meta":{"footnotes":""},"categories":[268],"tags":[],"class_list":["post-8233","post","type-post","status-publish","format-standard","has-post-thumbnail","hentry","category-nacionales"],"_links":{"self":[{"href":"https:\/\/www.elamazonico.com\/portal\/wp-json\/wp\/v2\/posts\/8233","targetHints":{"allow":["GET"]}}],"collection":[{"href":"https:\/\/www.elamazonico.com\/portal\/wp-json\/wp\/v2\/posts"}],"about":[{"href":"https:\/\/www.elamazonico.com\/portal\/wp-json\/wp\/v2\/types\/post"}],"author":[{"embeddable":true,"href":"https:\/\/www.elamazonico.com\/portal\/wp-json\/wp\/v2\/users\/1"}],"replies":[{"embeddable":true,"href":"https:\/\/www.elamazonico.com\/portal\/wp-json\/wp\/v2\/comments?post=8233"}],"version-history":[{"count":1,"href":"https:\/\/www.elamazonico.com\/portal\/wp-json\/wp\/v2\/posts\/8233\/revisions"}],"predecessor-version":[{"id":8235,"href":"https:\/\/www.elamazonico.com\/portal\/wp-json\/wp\/v2\/posts\/8233\/revisions\/8235"}],"wp:featuredmedia":[{"embeddable":true,"href":"https:\/\/www.elamazonico.com\/portal\/wp-json\/wp\/v2\/media\/8234"}],"wp:attachment":[{"href":"https:\/\/www.elamazonico.com\/portal\/wp-json\/wp\/v2\/media?parent=8233"}],"wp:term":[{"taxonomy":"category","embeddable":true,"href":"https:\/\/www.elamazonico.com\/portal\/wp-json\/wp\/v2\/categories?post=8233"},{"taxonomy":"post_tag","embeddable":true,"href":"https:\/\/www.elamazonico.com\/portal\/wp-json\/wp\/v2\/tags?post=8233"}],"curies":[{"name":"wp","href":"https:\/\/api.w.org\/{rel}","templated":true}]}}