{"id":8226,"date":"2023-02-07T10:00:31","date_gmt":"2023-02-07T15:00:31","guid":{"rendered":"https:\/\/www.elamazonico.com\/portal\/?p=8226"},"modified":"2023-02-07T10:00:31","modified_gmt":"2023-02-07T15:00:31","slug":"el-no-se-impone-en-la-consulta-popular","status":"publish","type":"post","link":"https:\/\/www.elamazonico.com\/portal\/el-no-se-impone-en-la-consulta-popular\/","title":{"rendered":"El \u2018No\u2019 se impone en la consulta popular"},"content":{"rendered":"<p>Con corte a las 09:00 de este martes 7 de enero de 2023, tercer d\u00eda de escrutinio de las Elecciones 2023, el \u00abNo\u00bb ganaba terreno entre los electores tras responder a las 8 preguntas del Refer\u00e9ndum. Este ha sido impulsado por el Gobierno para aplicar reformas constitucionales y pol\u00edticas ambientales.<\/p>\n<p>Con el Refer\u00e9ndum, el Ejecutivo buscaba ocho cambios en la Constituci\u00f3n, uno de ellos relacionado con una de las mayores preocupaciones de la poblaci\u00f3n: la inseguridad. Tambi\u00e9n se relacion\u00f3 con la calidad de la institucionalidad, especialmente de la Asamblea Nacional y del Consejo de Participaci\u00f3n Ciudadana y Control Social (Cpccs)<\/p>\n<p>El presidente Guillermo Lasso asegur\u00f3 que el referendo \u00abes una herramienta para derrotar al principal enemigo de todos: la narcodelincuencia y el crimen organizado\u00bb. Por ello, en la primera pregunta pide apoyo para facilitar la extradici\u00f3n de ecuatorianos por estos delitos, que hasta ahora estaba prohibida.<\/p>\n<h2>Resultados de las preguntas de la Consulta Popular:<\/h2>\n<h4><strong>Pregunta 1<\/strong><\/h4>\n<p>\u00bfEst\u00e1 usted de acuerdo con permitir la extradici\u00f3n de ecuatorianos que hayan cometido delitos relacionados con el crimen organizado transnacional?<\/p>\n<p><strong>S\u00cd:\u00a0<\/strong>48.59%<\/p>\n<p><strong>NO:<\/strong>\u00a051.41%<\/p>\n<h4><strong>Pregunta 2<\/strong><\/h4>\n<p>\u00bfEst\u00e1 usted de acuerdo con garantizar la autonom\u00eda de la Fiscal\u00eda General del Estado para que esta seleccione, eval\u00fae, ascienda, capacite y sancione a los servidores que la conforman a trav\u00e9s de un Consejo Fiscal?<\/p>\n<p><strong>S\u00cd:\u00a0<\/strong>43.41%<\/p>\n<p><strong>NO:<\/strong>\u00a056.59%<\/p>\n<h4><strong>Pregunta 3<\/strong><\/h4>\n<p>\u00bfEst\u00e1 usted de acuerdo con reducir el n\u00famero de asamble\u00edstas y que se los elija de acuerdo con los siguientes criterios: 1 asamble\u00edsta por provincia y 1 asamble\u00edstas provincial adicional por cada 250 000 habitantes; 2 asamble\u00edstas nacionales por cada mill\u00f3n de habitantes y 1 asamble\u00edsta por cada 500 000 habitantes que residan en el exterior?<\/p>\n<p><strong>S\u00cd:\u00a0<\/strong>47.19%<\/p>\n<p><strong>NO:<\/strong>\u00a052.81%<\/p>\n<h4><strong>Pregunta 4<\/strong><\/h4>\n<p>\u00bfEst\u00e1 usted de acuerdo con exigir que los movimientos pol\u00edticos cuenten con un n\u00famero de afiliados m\u00ednimo equivalente al 1.5% del registro electoral de su jurisdicci\u00f3n y obligados a llevar un registro de sus miembros, auditado peri\u00f3dicamente por el Consejo Nacional Electoral?<\/p>\n<p><strong>S\u00cd:\u00a0<\/strong>45.73%<\/p>\n<p><strong>NO:<\/strong>\u00a054.27%<\/p>\n<h4><strong>Pregunta 5<\/strong><\/h4>\n<p>\u00bfEst\u00e1 usted de acuerdo con eliminar la facultad de designar autoridades que tiene el Cpccs e implementar procesos p\u00fablicos que garanticen participaci\u00f3n ciudadana, meritocracia y escrutinio p\u00fablico, de modo que sea la Asamblea Nacional la que designe, a trav\u00e9s de estos procesos, a las autoridades que actualmente elige el Cpccs?<\/p>\n<p><strong>S\u00cd:\u00a0<\/strong>42.49%<\/p>\n<p><strong>NO:<\/strong>\u00a059.51%<\/p>\n<h4><strong>Pregunta 6<\/strong><\/h4>\n<p>\u00bfEst\u00e1 usted de acuerdo con modificar el proceso de designaci\u00f3n de los miembros del Consejo de Participaci\u00f3n Ciudadana para que sean elegidos mediante un proceso que garantice la Participaci\u00f3n Ciudadana, llevado a cabo por la Asamblea Nacional?<\/p>\n<p><strong>S\u00cd:\u00a0<\/strong>42.25%<\/p>\n<p><strong>NO:<\/strong>\u00a057.75%<\/p>\n<h4><strong>Pregunta 7<\/strong><\/h4>\n<p>\u00bfEst\u00e1 usted de acuerdo con que se incorpore un subsistema de protecci\u00f3n h\u00eddrica al Sistema Nacional de \u00c1reas Protegidas enmendando la Constituci\u00f3n?<\/p>\n<p><strong>S\u00cd:\u00a0<\/strong>44.75%<\/p>\n<p><strong>NO:<\/strong>\u00a057.75%<\/p>\n<h4><strong>Pregunta 8<\/strong><\/h4>\n<p>\u00bfEst\u00e1 usted de acuerdo con que las personas, comunidades, pueblos y nacionalidades puedan ser beneficiarios de compensaciones debidamente regularizadas por el Estado por su apoyo a la generaci\u00f3n de servicios ambientales?<\/p>\n<p><strong>S\u00cd:\u00a0<\/strong>44.21%<\/p>\n<p><strong>NO:<\/strong>\u00a055.79%<\/p>\n<p>M\u00e1s de 13 millones de ecuatorianos estaban convocados a las urnas en esta jornada para elegir 5.667 nuevas dignidades a escala nacional, entre alcaldes, prefectos, concejales y consejeros de Participaci\u00f3n Ciudadana y Control Social, adem\u00e1s de la consulta popular. Fuente: Teleamazonas<\/p>\n<p><strong><em>Mire tambi\u00e9n:<\/em><\/strong><\/p>\n<h4><a href=\"https:\/\/www.teleamazonas.com\/participacion-ciudadana-elecciones-seccionales-2023\/\" target=\"_blank\" rel=\"noreferrer noopener\" data-type=\"URL\" data-id=\"https:\/\/www.teleamazonas.com\/participacion-ciudadana-elecciones-seccionales-2023\/\">80.74% de participaci\u00f3n ciudadana en Elecciones Seccionales 2023<\/a><\/h4>\n<blockquote class=\"twitter-tweet\" data-width=\"550\" data-dnt=\"true\">\n<p lang=\"es\" dir=\"ltr\"><a href=\"https:\/\/twitter.com\/hashtag\/Opci%C3%B3n2023?src=hash&amp;ref_src=twsrc%5Etfw\">#Opci\u00f3n2023<\/a> | Con el 62,13% de actas v\u00e1lidas procesadas, Pabel Mu\u00f1oz lidera la intenci\u00f3n del voto para la Alcald\u00eda de Quito, con el 25.10%, seguido de Jorge Yunda, con el 22.42% y Pedro Freile, con el 22.06% <a href=\"https:\/\/t.co\/B7wH2sTv35\">https:\/\/t.co\/B7wH2sTv35<\/a> <a href=\"https:\/\/t.co\/CpvnVqDePv\">pic.twitter.com\/CpvnVqDePv<\/a><\/p>\n<p>&mdash; Teleamazonas (@teleamazonasec) <a href=\"https:\/\/twitter.com\/teleamazonasec\/status\/1622457245479981056?ref_src=twsrc%5Etfw\">February 6, 2023<\/a><\/p><\/blockquote>\n<p><script async src=\"https:\/\/platform.twitter.com\/widgets.js\" charset=\"utf-8\"><\/script><\/p>\n<p>&nbsp;<\/p>\n","protected":false},"excerpt":{"rendered":"<p>Con corte a las 09:00 de este martes 7 de enero de 2023, tercer d\u00eda de escrutinio de las Elecciones 2023, el \u00abNo\u00bb ganaba terreno entre los electores tras responder a las 8 preguntas del Refer\u00e9ndum. Este ha sido impulsado por el Gobierno para aplicar reformas constitucionales y pol\u00edticas ambientales. Con el Refer\u00e9ndum, el Ejecutivo buscaba ocho cambios en la Constituci\u00f3n, uno de ellos relacionado con una de las mayores preocupaciones de la poblaci\u00f3n: la inseguridad. Tambi\u00e9n se relacion\u00f3 con la calidad de la institucionalidad, especialmente de la Asamblea Nacional y del Consejo de Participaci\u00f3n Ciudadana y Control Social (Cpccs) El presidente Guillermo Lasso asegur\u00f3 que el referendo \u00abes una herramienta para derrotar al principal enemigo de todos: la narcodelincuencia y el crimen organizado\u00bb. Por ello, en la primera pregunta pide apoyo para facilitar la extradici\u00f3n de ecuatorianos por estos delitos, que hasta ahora estaba prohibida. Resultados de las preguntas de la Consulta Popular: Pregunta 1 \u00bfEst\u00e1 usted de acuerdo con permitir la extradici\u00f3n de ecuatorianos que hayan cometido delitos relacionados con el crimen organizado transnacional? S\u00cd:\u00a048.59% NO:\u00a051.41% Pregunta 2 \u00bfEst\u00e1 usted de acuerdo con garantizar la autonom\u00eda de la Fiscal\u00eda General del Estado para que esta seleccione, eval\u00fae, ascienda, capacite y sancione a los servidores que la conforman a trav\u00e9s de un Consejo Fiscal? S\u00cd:\u00a043.41% NO:\u00a056.59% Pregunta 3 \u00bfEst\u00e1 usted de acuerdo con reducir el n\u00famero de asamble\u00edstas y que se los elija de acuerdo con los siguientes criterios: 1 asamble\u00edsta por provincia y 1 asamble\u00edstas provincial adicional por cada 250 000 habitantes; 2 asamble\u00edstas nacionales por cada mill\u00f3n de habitantes y 1 asamble\u00edsta por cada 500 000 habitantes que residan en el exterior? S\u00cd:\u00a047.19% NO:\u00a052.81% Pregunta 4 \u00bfEst\u00e1 usted de acuerdo con exigir que los movimientos pol\u00edticos cuenten con un n\u00famero de afiliados m\u00ednimo equivalente al 1.5% del registro electoral de su jurisdicci\u00f3n y obligados a llevar un registro de sus miembros, auditado peri\u00f3dicamente por el Consejo Nacional Electoral? S\u00cd:\u00a045.73% NO:\u00a054.27% Pregunta 5 \u00bfEst\u00e1 usted de acuerdo con eliminar la facultad de designar autoridades que tiene el Cpccs e implementar procesos p\u00fablicos que garanticen participaci\u00f3n ciudadana, meritocracia y escrutinio p\u00fablico, de modo que sea la Asamblea Nacional la que designe, a trav\u00e9s de estos procesos, a las autoridades que actualmente elige el Cpccs? S\u00cd:\u00a042.49% NO:\u00a059.51% Pregunta 6 \u00bfEst\u00e1 usted de acuerdo con modificar el proceso de designaci\u00f3n de los miembros del Consejo de Participaci\u00f3n Ciudadana para que sean elegidos mediante un proceso que garantice la Participaci\u00f3n Ciudadana, llevado a cabo por la Asamblea Nacional? S\u00cd:\u00a042.25% NO:\u00a057.75% Pregunta 7 \u00bfEst\u00e1 usted de acuerdo con que se incorpore un subsistema de protecci\u00f3n h\u00eddrica al Sistema Nacional de \u00c1reas Protegidas enmendando la Constituci\u00f3n? S\u00cd:\u00a044.75% NO:\u00a057.75% Pregunta 8 \u00bfEst\u00e1 usted de acuerdo con que las personas, comunidades, pueblos y nacionalidades puedan ser beneficiarios de compensaciones debidamente regularizadas por el Estado por su apoyo a la generaci\u00f3n de servicios ambientales? S\u00cd:\u00a044.21% NO:\u00a055.79% M\u00e1s de 13 millones de ecuatorianos estaban convocados a las urnas en esta jornada para elegir 5.667 nuevas dignidades a escala nacional, entre alcaldes, prefectos, concejales y consejeros de Participaci\u00f3n Ciudadana y Control Social, adem\u00e1s de la consulta popular. Fuente: Teleamazonas Mire tambi\u00e9n: 80.74% de participaci\u00f3n ciudadana en Elecciones Seccionales 2023 #Opci\u00f3n2023 | Con el 62,13% de actas v\u00e1lidas procesadas, Pabel Mu\u00f1oz lidera la intenci\u00f3n del voto para la Alcald\u00eda de Quito, con el 25.10%, seguido de Jorge Yunda, con el 22.42% y Pedro Freile, con el 22.06% https:\/\/t.co\/B7wH2sTv35 pic.twitter.com\/CpvnVqDePv &mdash; Teleamazonas (@teleamazonasec) February 6, 2023 &nbsp;<\/p>\n","protected":false},"author":1,"featured_media":8227,"comment_status":"open","ping_status":"open","sticky":false,"template":"","format":"standard","meta":{"footnotes":""},"categories":[268],"tags":[],"class_list":["post-8226","post","type-post","status-publish","format-standard","has-post-thumbnail","hentry","category-nacionales"],"_links":{"self":[{"href":"https:\/\/www.elamazonico.com\/portal\/wp-json\/wp\/v2\/posts\/8226","targetHints":{"allow":["GET"]}}],"collection":[{"href":"https:\/\/www.elamazonico.com\/portal\/wp-json\/wp\/v2\/posts"}],"about":[{"href":"https:\/\/www.elamazonico.com\/portal\/wp-json\/wp\/v2\/types\/post"}],"author":[{"embeddable":true,"href":"https:\/\/www.elamazonico.com\/portal\/wp-json\/wp\/v2\/users\/1"}],"replies":[{"embeddable":true,"href":"https:\/\/www.elamazonico.com\/portal\/wp-json\/wp\/v2\/comments?post=8226"}],"version-history":[{"count":1,"href":"https:\/\/www.elamazonico.com\/portal\/wp-json\/wp\/v2\/posts\/8226\/revisions"}],"predecessor-version":[{"id":8228,"href":"https:\/\/www.elamazonico.com\/portal\/wp-json\/wp\/v2\/posts\/8226\/revisions\/8228"}],"wp:featuredmedia":[{"embeddable":true,"href":"https:\/\/www.elamazonico.com\/portal\/wp-json\/wp\/v2\/media\/8227"}],"wp:attachment":[{"href":"https:\/\/www.elamazonico.com\/portal\/wp-json\/wp\/v2\/media?parent=8226"}],"wp:term":[{"taxonomy":"category","embeddable":true,"href":"https:\/\/www.elamazonico.com\/portal\/wp-json\/wp\/v2\/categories?post=8226"},{"taxonomy":"post_tag","embeddable":true,"href":"https:\/\/www.elamazonico.com\/portal\/wp-json\/wp\/v2\/tags?post=8226"}],"curies":[{"name":"wp","href":"https:\/\/api.w.org\/{rel}","templated":true}]}}