{"id":8214,"date":"2023-02-07T06:14:31","date_gmt":"2023-02-07T11:14:31","guid":{"rendered":"https:\/\/www.elamazonico.com\/portal\/?p=8214"},"modified":"2023-02-07T06:14:31","modified_gmt":"2023-02-07T11:14:31","slug":"presidente-lasso-llama-a-la-unidad-para-afrontar-los-problemas-del-ecuador","status":"publish","type":"post","link":"https:\/\/www.elamazonico.com\/portal\/presidente-lasso-llama-a-la-unidad-para-afrontar-los-problemas-del-ecuador\/","title":{"rendered":"Presidente Lasso llama a la unidad para afrontar los problemas del Ecuador"},"content":{"rendered":"<p>El presidente Guillermo Lasso llam\u00f3 a la unidad por el bienestar y tranquilidad de todos los ecuatorianos. Lo hizo en una cadena nacional este lunes 6 de febrero de 2023, en la que se\u00f1al\u00f3 que todas las organizaciones pol\u00edticas est\u00e1n invitadas a reunirse con el Gobierno Nacional para afrontar los problemas del Ecuador.<\/p>\n<p>\u00abEs necesario que entre todos podamos encontrar los acuerdos fundamentales priorizando siempre el bienestar y la tranquilidad de las y los ecuatorianos\u00bb, apunt\u00f3.<\/p>\n<p>Una de las tareas del Gobierno Nacional es escuchar la voluntad y las demandas de la ciudadan\u00eda. Para ello, el presidente Lasso ratific\u00f3 su compromiso con la poblaci\u00f3n en los temas de seguridad, salud, educaci\u00f3n y creaci\u00f3n de fuentes de empleo.<\/p>\n<p>\u201dEl pueblo ecuatoriano nos ha pedido a todos los partidos y agrupaciones que dejemos de abonar rencillas entre nosotros y nos pongamos de una vez por todas a solucionar los problemas urgentes y concretos de nuestra gente. Este presidente acoge ese llamado\u00bb, mencion\u00f3.<\/p>\n<p>En ese sentido reconoci\u00f3 que las elecciones seccionales fueron un llamado de atenci\u00f3n para el Gobierno Nacional y todos los movimientos pol\u00edticos.<\/p>\n<p>\u00abLo que ocurri\u00f3 el domingo fue un llamado del pueblo al Gobierno y no vamos a eludir esa responsabilidad, pero tambi\u00e9n lo fue a toda la dirigencia pol\u00edtica y al Estado\u00bb, dijo.<\/p>\n<p>El presidente Lasso dijo que el trabajo en conjunto entre todos los ecuatorianos ayudar\u00e1 a combatir los problemas sociales y con ello construir un gran acuerdo nacional.<\/p>\n<p>En su intervenci\u00f3n, el gobernante a\u00f1adi\u00f3 que el enemigo del Ecuador es el narcotr\u00e1fico y sus v\u00ednculos con algunos sectores de la pol\u00edtica. Recalc\u00f3 que el bienestar de los ecuatorianos no pasaba exclusivamente por la Consulta Ciudadana, sino que esta conllevaba varios aspectos para mejorar las condiciones de todos los ciudadanos.<\/p>\n<p>Por otro lado, felicit\u00f3 a los aspirantes que ganaron en las elecciones y mencion\u00f3 que el Gobierno colaborar\u00e1 para que alcancen los objetivos de los lugares donde fueron elegidos. Fuente: El Tel\u00e9grafo<\/p>\n<p><a href=\"https:\/\/youtu.be\/LWxrmjt6-mU\">https:\/\/youtu.be\/LWxrmjt6-mU\u00a0<\/a><\/p>\n","protected":false},"excerpt":{"rendered":"<p>El presidente Guillermo Lasso llam\u00f3 a la unidad por el bienestar y tranquilidad de todos los ecuatorianos. Lo hizo en una cadena nacional este lunes 6 de febrero de 2023, en la que se\u00f1al\u00f3 que todas las organizaciones pol\u00edticas est\u00e1n invitadas a reunirse con el Gobierno Nacional para afrontar los problemas del Ecuador. \u00abEs necesario que entre todos podamos encontrar los acuerdos fundamentales priorizando siempre el bienestar y la tranquilidad de las y los ecuatorianos\u00bb, apunt\u00f3. Una de las tareas del Gobierno Nacional es escuchar la voluntad y las demandas de la ciudadan\u00eda. Para ello, el presidente Lasso ratific\u00f3 su compromiso con la poblaci\u00f3n en los temas de seguridad, salud, educaci\u00f3n y creaci\u00f3n de fuentes de empleo. \u201dEl pueblo ecuatoriano nos ha pedido a todos los partidos y agrupaciones que dejemos de abonar rencillas entre nosotros y nos pongamos de una vez por todas a solucionar los problemas urgentes y concretos de nuestra gente. Este presidente acoge ese llamado\u00bb, mencion\u00f3. En ese sentido reconoci\u00f3 que las elecciones seccionales fueron un llamado de atenci\u00f3n para el Gobierno Nacional y todos los movimientos pol\u00edticos. \u00abLo que ocurri\u00f3 el domingo fue un llamado del pueblo al Gobierno y no vamos a eludir esa responsabilidad, pero tambi\u00e9n lo fue a toda la dirigencia pol\u00edtica y al Estado\u00bb, dijo. El presidente Lasso dijo que el trabajo en conjunto entre todos los ecuatorianos ayudar\u00e1 a combatir los problemas sociales y con ello construir un gran acuerdo nacional. En su intervenci\u00f3n, el gobernante a\u00f1adi\u00f3 que el enemigo del Ecuador es el narcotr\u00e1fico y sus v\u00ednculos con algunos sectores de la pol\u00edtica. Recalc\u00f3 que el bienestar de los ecuatorianos no pasaba exclusivamente por la Consulta Ciudadana, sino que esta conllevaba varios aspectos para mejorar las condiciones de todos los ciudadanos. Por otro lado, felicit\u00f3 a los aspirantes que ganaron en las elecciones y mencion\u00f3 que el Gobierno colaborar\u00e1 para que alcancen los objetivos de los lugares donde fueron elegidos. Fuente: El Tel\u00e9grafo https:\/\/youtu.be\/LWxrmjt6-mU\u00a0<\/p>\n","protected":false},"author":1,"featured_media":8215,"comment_status":"open","ping_status":"open","sticky":false,"template":"","format":"standard","meta":{"footnotes":""},"categories":[268],"tags":[],"class_list":["post-8214","post","type-post","status-publish","format-standard","has-post-thumbnail","hentry","category-nacionales"],"_links":{"self":[{"href":"https:\/\/www.elamazonico.com\/portal\/wp-json\/wp\/v2\/posts\/8214","targetHints":{"allow":["GET"]}}],"collection":[{"href":"https:\/\/www.elamazonico.com\/portal\/wp-json\/wp\/v2\/posts"}],"about":[{"href":"https:\/\/www.elamazonico.com\/portal\/wp-json\/wp\/v2\/types\/post"}],"author":[{"embeddable":true,"href":"https:\/\/www.elamazonico.com\/portal\/wp-json\/wp\/v2\/users\/1"}],"replies":[{"embeddable":true,"href":"https:\/\/www.elamazonico.com\/portal\/wp-json\/wp\/v2\/comments?post=8214"}],"version-history":[{"count":1,"href":"https:\/\/www.elamazonico.com\/portal\/wp-json\/wp\/v2\/posts\/8214\/revisions"}],"predecessor-version":[{"id":8216,"href":"https:\/\/www.elamazonico.com\/portal\/wp-json\/wp\/v2\/posts\/8214\/revisions\/8216"}],"wp:featuredmedia":[{"embeddable":true,"href":"https:\/\/www.elamazonico.com\/portal\/wp-json\/wp\/v2\/media\/8215"}],"wp:attachment":[{"href":"https:\/\/www.elamazonico.com\/portal\/wp-json\/wp\/v2\/media?parent=8214"}],"wp:term":[{"taxonomy":"category","embeddable":true,"href":"https:\/\/www.elamazonico.com\/portal\/wp-json\/wp\/v2\/categories?post=8214"},{"taxonomy":"post_tag","embeddable":true,"href":"https:\/\/www.elamazonico.com\/portal\/wp-json\/wp\/v2\/tags?post=8214"}],"curies":[{"name":"wp","href":"https:\/\/api.w.org\/{rel}","templated":true}]}}