{"id":8162,"date":"2023-01-31T04:05:41","date_gmt":"2023-01-31T09:05:41","guid":{"rendered":"https:\/\/www.elamazonico.com\/portal\/?p=8162"},"modified":"2023-01-30T21:29:23","modified_gmt":"2023-01-31T02:29:23","slug":"ninos-ninas-y-adolescentes-conmemoran-el-dia-escolar-de-la-no-violencia-y-la-paz","status":"publish","type":"post","link":"https:\/\/www.elamazonico.com\/portal\/ninos-ninas-y-adolescentes-conmemoran-el-dia-escolar-de-la-no-violencia-y-la-paz\/","title":{"rendered":"Ni\u00f1os, ni\u00f1as y adolescentes conmemoran el D\u00eda Escolar de la No Violencia y la Paz"},"content":{"rendered":"<p><em>El 30 de enero se conmemora el D\u00eda Escolar de la No Violencia y la Paz, <\/em><em>la UNESCO reconoci\u00f3 esta efem\u00e9ride en el a\u00f1o 1993, que est\u00e1 relacionada con el aniversario de la muerte <\/em><em>Mahatma Gandhi<\/em><em>.<\/em><\/p>\n<p>Un conjunto de actividades se efectu\u00f3, este lunes 30 de enero de 2023, en diferentes instituciones educativas de las provincias de El Oro, Loja y Zamora Chinchipe, en conmemoraci\u00f3n del D\u00eda Internacional de la Violencia.<\/p>\n<p>Los estudiantes y docentes participaron de lecturas y debates sobre la paz y la no violencia, hicieron ejercicios reflexivos, din\u00e1micas, mesas de di\u00e1logo, conferencias, pinturas, manualidades y actividades l\u00fadicas, con la finalidad de fomentar valores de solidaridad, respeto a los Derechos Humanos, la no violencia y la paz, utilizando a la Educaci\u00f3n como instrumento.<\/p>\n<p>Camilo Espinosa, coordinador Zonal 7 de Educaci\u00f3n, dijo: \u201cComo Ministerio de Educaci\u00f3n, mediante estas actividades fomentamos la tolerancia, el entendimiento y el respeto mutuo entre personas de distinta procedencia y modos de pensamiento. Nuestros docentes son gu\u00edas id\u00f3neos para brindar ese seguimiento oportuno a nuestros estudiantes\u201d.<\/p>\n<p>Por su parte, Andr\u00e9s Ben\u00edtez, estudiante de la Unidad Educativa Manuel Ignacio Monteros, mencion\u00f3: \u201cHoy reflexionamos sobre brindar ayuda a las personas que lo necesitan, en torno a temas de violencia, ya sea un amigo, un compa\u00f1ero de clases o alguien de la familia. Siempre estemos dispuestos a ayudar, sin discriminaci\u00f3n ni violencia, tratemos de hacer m\u00e1s paz. La violencia no es la respuesta para un conflicto, la mejor respuesta que podemos dar como juventud es ser asertivos, solidarios y emp\u00e1ticos\u201d.<\/p>\n<p>Desde el Ministerio de Educaci\u00f3n se ha <strong>trabajado en todos los niveles educativos,<\/strong> desde Educaci\u00f3n Infantil hasta Bachillerato, con la tem\u00e1tica del D\u00eda Escolar de la No Violencia y la Paz. La comunidad educativa se ha involucrado en crear verdaderos espacios seguros libres de violencia, reforzando su desarrollo como ciudadanos globales cr\u00edticos y comprometidos con sus derechos y los de otras personas.<\/p>\n","protected":false},"excerpt":{"rendered":"<p>El 30 de enero se conmemora el D\u00eda Escolar de la No Violencia y la Paz, la UNESCO reconoci\u00f3 esta efem\u00e9ride en el a\u00f1o 1993, que est\u00e1 relacionada con el aniversario de la muerte Mahatma Gandhi. Un conjunto de actividades se efectu\u00f3, este lunes 30 de enero de 2023, en diferentes instituciones educativas de las provincias de El Oro, Loja y Zamora Chinchipe, en conmemoraci\u00f3n del D\u00eda Internacional de la Violencia. Los estudiantes y docentes participaron de lecturas y debates sobre la paz y la no violencia, hicieron ejercicios reflexivos, din\u00e1micas, mesas de di\u00e1logo, conferencias, pinturas, manualidades y actividades l\u00fadicas, con la finalidad de fomentar valores de solidaridad, respeto a los Derechos Humanos, la no violencia y la paz, utilizando a la Educaci\u00f3n como instrumento. Camilo Espinosa, coordinador Zonal 7 de Educaci\u00f3n, dijo: \u201cComo Ministerio de Educaci\u00f3n, mediante estas actividades fomentamos la tolerancia, el entendimiento y el respeto mutuo entre personas de distinta procedencia y modos de pensamiento. Nuestros docentes son gu\u00edas id\u00f3neos para brindar ese seguimiento oportuno a nuestros estudiantes\u201d. Por su parte, Andr\u00e9s Ben\u00edtez, estudiante de la Unidad Educativa Manuel Ignacio Monteros, mencion\u00f3: \u201cHoy reflexionamos sobre brindar ayuda a las personas que lo necesitan, en torno a temas de violencia, ya sea un amigo, un compa\u00f1ero de clases o alguien de la familia. Siempre estemos dispuestos a ayudar, sin discriminaci\u00f3n ni violencia, tratemos de hacer m\u00e1s paz. La violencia no es la respuesta para un conflicto, la mejor respuesta que podemos dar como juventud es ser asertivos, solidarios y emp\u00e1ticos\u201d. Desde el Ministerio de Educaci\u00f3n se ha trabajado en todos los niveles educativos, desde Educaci\u00f3n Infantil hasta Bachillerato, con la tem\u00e1tica del D\u00eda Escolar de la No Violencia y la Paz. La comunidad educativa se ha involucrado en crear verdaderos espacios seguros libres de violencia, reforzando su desarrollo como ciudadanos globales cr\u00edticos y comprometidos con sus derechos y los de otras personas.<\/p>\n","protected":false},"author":1,"featured_media":8163,"comment_status":"open","ping_status":"open","sticky":false,"template":"","format":"standard","meta":{"footnotes":""},"categories":[284,243],"tags":[],"class_list":["post-8162","post","type-post","status-publish","format-standard","has-post-thumbnail","hentry","category-noticias-loja","category-noticias-zamora"],"_links":{"self":[{"href":"https:\/\/www.elamazonico.com\/portal\/wp-json\/wp\/v2\/posts\/8162","targetHints":{"allow":["GET"]}}],"collection":[{"href":"https:\/\/www.elamazonico.com\/portal\/wp-json\/wp\/v2\/posts"}],"about":[{"href":"https:\/\/www.elamazonico.com\/portal\/wp-json\/wp\/v2\/types\/post"}],"author":[{"embeddable":true,"href":"https:\/\/www.elamazonico.com\/portal\/wp-json\/wp\/v2\/users\/1"}],"replies":[{"embeddable":true,"href":"https:\/\/www.elamazonico.com\/portal\/wp-json\/wp\/v2\/comments?post=8162"}],"version-history":[{"count":1,"href":"https:\/\/www.elamazonico.com\/portal\/wp-json\/wp\/v2\/posts\/8162\/revisions"}],"predecessor-version":[{"id":8164,"href":"https:\/\/www.elamazonico.com\/portal\/wp-json\/wp\/v2\/posts\/8162\/revisions\/8164"}],"wp:featuredmedia":[{"embeddable":true,"href":"https:\/\/www.elamazonico.com\/portal\/wp-json\/wp\/v2\/media\/8163"}],"wp:attachment":[{"href":"https:\/\/www.elamazonico.com\/portal\/wp-json\/wp\/v2\/media?parent=8162"}],"wp:term":[{"taxonomy":"category","embeddable":true,"href":"https:\/\/www.elamazonico.com\/portal\/wp-json\/wp\/v2\/categories?post=8162"},{"taxonomy":"post_tag","embeddable":true,"href":"https:\/\/www.elamazonico.com\/portal\/wp-json\/wp\/v2\/tags?post=8162"}],"curies":[{"name":"wp","href":"https:\/\/api.w.org\/{rel}","templated":true}]}}