{"id":8125,"date":"2023-01-30T11:48:37","date_gmt":"2023-01-30T16:48:37","guid":{"rendered":"https:\/\/www.elamazonico.com\/portal\/?p=8125"},"modified":"2023-01-30T11:48:37","modified_gmt":"2023-01-30T16:48:37","slug":"se-suspende-la-jornada-de-trabajo-del-lunes-6-de-febrero-por-elecciones","status":"publish","type":"post","link":"https:\/\/www.elamazonico.com\/portal\/se-suspende-la-jornada-de-trabajo-del-lunes-6-de-febrero-por-elecciones\/","title":{"rendered":"Se suspende la jornada de trabajo del lunes 6 de febrero por elecciones"},"content":{"rendered":"<p class=\"p_0\"><b>Se suspende la jornada de trabajo del lunes 6 de febrero del 2023<\/b>, as\u00ed lo dispuso el presidente de la Rep\u00fablica,\u00a0<b>Guillermo Lasso<\/b>, bajo decreto ejecutivo. La medida tiene efecto en el sector p\u00fablico y privado.<\/p>\n<p class=\"p_1\">La jornada de trabajo suspendida ser\u00e1 recuperada en el sector p\u00fablico a trav\u00e9s de\u00a0<b>una hora adicional\u00a0<\/b>durante los ocho d\u00edas laborables subsiguientes.<\/p>\n<p class=\"p_2\">Mientras que en el sector privado, la recuperaci\u00f3n ser\u00e1 establecida por mutuo acuerdo entre empleadores y trabajadores.<\/p>\n<p class=\"p_3\">As\u00ed mismo, la Secretar\u00eda de Comunicaci\u00f3n de la Presidencia manifest\u00f3 en un comunicado que el lunes, 6 de febrero,\u00a0<b>se deber\u00e1 garantizar la provisi\u00f3n de servicios b\u00e1sicos\u00a0<\/b>de salud, bomberos, aeropuertos, terminales terrestres, mar\u00edtimos, fluviales y servicios bancarios.<\/p>\n<p class=\"p_4\">\u201cPor lo que las autoridades competentes deber\u00e1n disponer del personal m\u00ednimo para atender a la ciudadan\u00eda\u201d, dice la misiva.<\/p>\n<p class=\"p_5\">La decisi\u00f3n llega luego de que el\u00a0<b>Consejo Nacional Electoral (CNE)<\/b>\u00a0envi\u00f3 una solicitud al Ejecutivo para que suspenda la jornada del d\u00eda despu\u00e9s de las Elecciones Seccionales, del Consejo de Participaci\u00f3n Ciudadana y Control Social (CPCCS) y Refer\u00e9ndum 2023.<\/p>\n<p class=\"p_6\">Esto debido a que hay el<b>\u00a0riesgo de que las actividades\u00a0<\/b>que cumplir\u00e1n los Miembros de las Juntas Receptoras del Voto (MJRV)\u00a0<b>se extiendan<\/b>.<\/p>\n<p class=\"p_7\">De conformidad con el an\u00e1lisis t\u00e9cnico, se determin\u00f3 que el tiempo utilizado para el escrutinio simult\u00e1neo de las dignidades seccionales es de 05:58 horas; para el Refer\u00e9ndum y CPCCS es de 05:34 horas, con la participaci\u00f3n de los cinco MJRV, en grupos de trabajo de dos y tres personas, respectivamente<\/p>\n<p class=\"p_8\">Tambi\u00e9n se indica que para los comicios se activar\u00e1n 4.380 recintos electorales, de los cuales 4.013 son unidades educativas, 63 universidades y 304 infraestructuras de otro tipo, las mismas que, despu\u00e9s de la jornada democr\u00e1tica,\u00a0<b>deber\u00e1n ser adecuadas<\/b>, lo que incluye la respectiva limpieza para su normal funcionamiento.<\/p>\n","protected":false},"excerpt":{"rendered":"<p>Se suspende la jornada de trabajo del lunes 6 de febrero del 2023, as\u00ed lo dispuso el presidente de la Rep\u00fablica,\u00a0Guillermo Lasso, bajo decreto ejecutivo. La medida tiene efecto en el sector p\u00fablico y privado. La jornada de trabajo suspendida ser\u00e1 recuperada en el sector p\u00fablico a trav\u00e9s de\u00a0una hora adicional\u00a0durante los ocho d\u00edas laborables subsiguientes. Mientras que en el sector privado, la recuperaci\u00f3n ser\u00e1 establecida por mutuo acuerdo entre empleadores y trabajadores. As\u00ed mismo, la Secretar\u00eda de Comunicaci\u00f3n de la Presidencia manifest\u00f3 en un comunicado que el lunes, 6 de febrero,\u00a0se deber\u00e1 garantizar la provisi\u00f3n de servicios b\u00e1sicos\u00a0de salud, bomberos, aeropuertos, terminales terrestres, mar\u00edtimos, fluviales y servicios bancarios. \u201cPor lo que las autoridades competentes deber\u00e1n disponer del personal m\u00ednimo para atender a la ciudadan\u00eda\u201d, dice la misiva. La decisi\u00f3n llega luego de que el\u00a0Consejo Nacional Electoral (CNE)\u00a0envi\u00f3 una solicitud al Ejecutivo para que suspenda la jornada del d\u00eda despu\u00e9s de las Elecciones Seccionales, del Consejo de Participaci\u00f3n Ciudadana y Control Social (CPCCS) y Refer\u00e9ndum 2023. Esto debido a que hay el\u00a0riesgo de que las actividades\u00a0que cumplir\u00e1n los Miembros de las Juntas Receptoras del Voto (MJRV)\u00a0se extiendan. De conformidad con el an\u00e1lisis t\u00e9cnico, se determin\u00f3 que el tiempo utilizado para el escrutinio simult\u00e1neo de las dignidades seccionales es de 05:58 horas; para el Refer\u00e9ndum y CPCCS es de 05:34 horas, con la participaci\u00f3n de los cinco MJRV, en grupos de trabajo de dos y tres personas, respectivamente Tambi\u00e9n se indica que para los comicios se activar\u00e1n 4.380 recintos electorales, de los cuales 4.013 son unidades educativas, 63 universidades y 304 infraestructuras de otro tipo, las mismas que, despu\u00e9s de la jornada democr\u00e1tica,\u00a0deber\u00e1n ser adecuadas, lo que incluye la respectiva limpieza para su normal funcionamiento.<\/p>\n","protected":false},"author":1,"featured_media":8126,"comment_status":"open","ping_status":"open","sticky":false,"template":"","format":"standard","meta":{"footnotes":""},"categories":[268],"tags":[],"class_list":["post-8125","post","type-post","status-publish","format-standard","has-post-thumbnail","hentry","category-nacionales"],"_links":{"self":[{"href":"https:\/\/www.elamazonico.com\/portal\/wp-json\/wp\/v2\/posts\/8125","targetHints":{"allow":["GET"]}}],"collection":[{"href":"https:\/\/www.elamazonico.com\/portal\/wp-json\/wp\/v2\/posts"}],"about":[{"href":"https:\/\/www.elamazonico.com\/portal\/wp-json\/wp\/v2\/types\/post"}],"author":[{"embeddable":true,"href":"https:\/\/www.elamazonico.com\/portal\/wp-json\/wp\/v2\/users\/1"}],"replies":[{"embeddable":true,"href":"https:\/\/www.elamazonico.com\/portal\/wp-json\/wp\/v2\/comments?post=8125"}],"version-history":[{"count":1,"href":"https:\/\/www.elamazonico.com\/portal\/wp-json\/wp\/v2\/posts\/8125\/revisions"}],"predecessor-version":[{"id":8127,"href":"https:\/\/www.elamazonico.com\/portal\/wp-json\/wp\/v2\/posts\/8125\/revisions\/8127"}],"wp:featuredmedia":[{"embeddable":true,"href":"https:\/\/www.elamazonico.com\/portal\/wp-json\/wp\/v2\/media\/8126"}],"wp:attachment":[{"href":"https:\/\/www.elamazonico.com\/portal\/wp-json\/wp\/v2\/media?parent=8125"}],"wp:term":[{"taxonomy":"category","embeddable":true,"href":"https:\/\/www.elamazonico.com\/portal\/wp-json\/wp\/v2\/categories?post=8125"},{"taxonomy":"post_tag","embeddable":true,"href":"https:\/\/www.elamazonico.com\/portal\/wp-json\/wp\/v2\/tags?post=8125"}],"curies":[{"name":"wp","href":"https:\/\/api.w.org\/{rel}","templated":true}]}}