{"id":8114,"date":"2023-01-30T06:20:10","date_gmt":"2023-01-30T11:20:10","guid":{"rendered":"https:\/\/www.elamazonico.com\/portal\/?p=8114"},"modified":"2023-01-30T06:20:10","modified_gmt":"2023-01-30T11:20:10","slug":"actividades-de-educacion-ambiental-se-emplean-en-la-zona-7","status":"publish","type":"post","link":"https:\/\/www.elamazonico.com\/portal\/actividades-de-educacion-ambiental-se-emplean-en-la-zona-7\/","title":{"rendered":"Actividades de educaci\u00f3n ambiental se emplean en la Zona 7"},"content":{"rendered":"<p><em>Ser responsable con el planeta es un compromiso de ni\u00f1os y j\u00f3venes.<\/em><\/p>\n<p>Desde el 23 al 27 de enero de 2023, estudiantes de diferentes planteles de las provincias de El Oro, Loja y Zamora Chinchipe, conmemoraron el D\u00eda Mundial de la Educaci\u00f3n Ambiental, con la propuesta denominada \u201cRecreo Verde: Acci\u00f3n por el Clima\u201d.<\/p>\n<p>&nbsp;<\/p>\n<p>Recreo Verde se ejecut\u00f3 con actividades en diversos espacios tales como siembra de \u00e1rboles, limpieza de vertientes de agua, teatro, m\u00fasica, concursos, peri\u00f3dicos murales, conferencias, entre otros.<\/p>\n<p>El eje central de estas acciones es el \u201cCambio Clim\u00e1tico\u201d, en donde con la gu\u00eda de los docentes, la comunidad educativa pudo abrir debates, mantenerse informados y\u00a0\u00a0 concientizarse sobre algunos de los impactos y las posibles soluciones de adaptaci\u00f3n y mitigaci\u00f3n ante el cambio clim\u00e1tico.<\/p>\n<p>&nbsp;<\/p>\n<p>El coordinador Zonal 7 de Educaci\u00f3n, que particip\u00f3 de las actividades programadas por la Unidad Educativa Lauro Guerreo, durante su intervenci\u00f3n mencion\u00f3: \u201cEl Ministerio de Educaci\u00f3n, dentro de sus pol\u00edticas, aplica estrategias que permiten fortalecer el desarrollo de los valores ambientales en ni\u00f1os, ni\u00f1as y adolescentes y, a la vez, involucra a familias, docentes y a la comunidad circundante, a las instituciones educativas\u201d.<\/p>\n<p>\u201cLa educaci\u00f3n es un elemento esencial en la promoci\u00f3n de la acci\u00f3n en favor de la naturaleza, proponiendo a la sociedad los conocimientos, los valores y las aptitudes que necesitan para actuar como agentes del cambio\u201d agreg\u00f3 el Coordinador Zonal.<\/p>\n<p>El estudiante Juan Cazar, dijo: \u201cEs importante que la manera de concientizar sobre este tema tan importante como lo es el cambio clim\u00e1tico sea pr\u00e1ctico, en nuestra instituci\u00f3n, educ\u00e1ndonos, sobre el cuidado del agua, de las plantas y de la no contaminaci\u00f3n\u201d.<\/p>\n<p>El Ministerio de Educaci\u00f3n, a trav\u00e9s del eje de Excelencia, promueve la educaci\u00f3n ambiental con actividades colectivas de formaci\u00f3n pr\u00e1ctica.<\/p>\n","protected":false},"excerpt":{"rendered":"<p>Ser responsable con el planeta es un compromiso de ni\u00f1os y j\u00f3venes. Desde el 23 al 27 de enero de 2023, estudiantes de diferentes planteles de las provincias de El Oro, Loja y Zamora Chinchipe, conmemoraron el D\u00eda Mundial de la Educaci\u00f3n Ambiental, con la propuesta denominada \u201cRecreo Verde: Acci\u00f3n por el Clima\u201d. &nbsp; Recreo Verde se ejecut\u00f3 con actividades en diversos espacios tales como siembra de \u00e1rboles, limpieza de vertientes de agua, teatro, m\u00fasica, concursos, peri\u00f3dicos murales, conferencias, entre otros. El eje central de estas acciones es el \u201cCambio Clim\u00e1tico\u201d, en donde con la gu\u00eda de los docentes, la comunidad educativa pudo abrir debates, mantenerse informados y\u00a0\u00a0 concientizarse sobre algunos de los impactos y las posibles soluciones de adaptaci\u00f3n y mitigaci\u00f3n ante el cambio clim\u00e1tico. &nbsp; El coordinador Zonal 7 de Educaci\u00f3n, que particip\u00f3 de las actividades programadas por la Unidad Educativa Lauro Guerreo, durante su intervenci\u00f3n mencion\u00f3: \u201cEl Ministerio de Educaci\u00f3n, dentro de sus pol\u00edticas, aplica estrategias que permiten fortalecer el desarrollo de los valores ambientales en ni\u00f1os, ni\u00f1as y adolescentes y, a la vez, involucra a familias, docentes y a la comunidad circundante, a las instituciones educativas\u201d. \u201cLa educaci\u00f3n es un elemento esencial en la promoci\u00f3n de la acci\u00f3n en favor de la naturaleza, proponiendo a la sociedad los conocimientos, los valores y las aptitudes que necesitan para actuar como agentes del cambio\u201d agreg\u00f3 el Coordinador Zonal. El estudiante Juan Cazar, dijo: \u201cEs importante que la manera de concientizar sobre este tema tan importante como lo es el cambio clim\u00e1tico sea pr\u00e1ctico, en nuestra instituci\u00f3n, educ\u00e1ndonos, sobre el cuidado del agua, de las plantas y de la no contaminaci\u00f3n\u201d. El Ministerio de Educaci\u00f3n, a trav\u00e9s del eje de Excelencia, promueve la educaci\u00f3n ambiental con actividades colectivas de formaci\u00f3n pr\u00e1ctica.<\/p>\n","protected":false},"author":1,"featured_media":8115,"comment_status":"open","ping_status":"open","sticky":false,"template":"","format":"standard","meta":{"footnotes":""},"categories":[284,243],"tags":[],"class_list":["post-8114","post","type-post","status-publish","format-standard","has-post-thumbnail","hentry","category-noticias-loja","category-noticias-zamora"],"_links":{"self":[{"href":"https:\/\/www.elamazonico.com\/portal\/wp-json\/wp\/v2\/posts\/8114","targetHints":{"allow":["GET"]}}],"collection":[{"href":"https:\/\/www.elamazonico.com\/portal\/wp-json\/wp\/v2\/posts"}],"about":[{"href":"https:\/\/www.elamazonico.com\/portal\/wp-json\/wp\/v2\/types\/post"}],"author":[{"embeddable":true,"href":"https:\/\/www.elamazonico.com\/portal\/wp-json\/wp\/v2\/users\/1"}],"replies":[{"embeddable":true,"href":"https:\/\/www.elamazonico.com\/portal\/wp-json\/wp\/v2\/comments?post=8114"}],"version-history":[{"count":1,"href":"https:\/\/www.elamazonico.com\/portal\/wp-json\/wp\/v2\/posts\/8114\/revisions"}],"predecessor-version":[{"id":8116,"href":"https:\/\/www.elamazonico.com\/portal\/wp-json\/wp\/v2\/posts\/8114\/revisions\/8116"}],"wp:featuredmedia":[{"embeddable":true,"href":"https:\/\/www.elamazonico.com\/portal\/wp-json\/wp\/v2\/media\/8115"}],"wp:attachment":[{"href":"https:\/\/www.elamazonico.com\/portal\/wp-json\/wp\/v2\/media?parent=8114"}],"wp:term":[{"taxonomy":"category","embeddable":true,"href":"https:\/\/www.elamazonico.com\/portal\/wp-json\/wp\/v2\/categories?post=8114"},{"taxonomy":"post_tag","embeddable":true,"href":"https:\/\/www.elamazonico.com\/portal\/wp-json\/wp\/v2\/tags?post=8114"}],"curies":[{"name":"wp","href":"https:\/\/api.w.org\/{rel}","templated":true}]}}