{"id":8097,"date":"2023-01-27T17:33:23","date_gmt":"2023-01-27T22:33:23","guid":{"rendered":"https:\/\/www.elamazonico.com\/portal\/?p=8097"},"modified":"2023-01-27T17:33:23","modified_gmt":"2023-01-27T22:33:23","slug":"francisco-cordero-promulga-plan-de-trabajo-como-apoyo-a-colectividad","status":"publish","type":"post","link":"https:\/\/www.elamazonico.com\/portal\/francisco-cordero-promulga-plan-de-trabajo-como-apoyo-a-colectividad\/","title":{"rendered":"Francisco Cordero promulga Plan de Trabajo como apoyo a colectividad"},"content":{"rendered":"<p>Francisco Cordero lleva aproximadamente 30 a\u00f1os viviendo en el cant\u00f3n Nangaritza, donde creci\u00f3 y se form\u00f3 como un profesional, al que actualmente se encuentra sirviendo y aportando con sus conocimientos adquiridos. \u00c9l fungi\u00f3 como presidente del gad parroquial de Zurmi, y actualmente se encuentra a pocos d\u00edas de decidir su futuro pol\u00edtico, esto, en vista de su participaci\u00f3n para ser el nuevo personero municipal de esta localidad.<\/p>\n<p>Como el resto de candidatos, se encuentra dando a conocer cada una de sus propuestas, demostrando con datos, su viabilidad; respondiendo a las necesidades del pueblo nangaricense.<\/p>\n<p>El plan del trabajo que promulga Cordero fue construido con los habitantes, organizaciones, gremios de este importante cant\u00f3n, seg\u00fan da a conocer. Los sectores educativos, salud, ornato de la ciudad, infraestructura y dem\u00e1s reposan dentro del plan de trabajo.<\/p>\n<p>El centro de Guayzimi, cabecera cantonal, es atravesado por tres quebradas que, en \u00e9poca invernal han causado una serie de da\u00f1os, por sus desbordamientos, generando en la poblaci\u00f3n una creciente amenaza, para ello, el candidato, considera que se la debe declarar en emergencia.<\/p>\n<p>Y como una posible soluci\u00f3n, el candidato ha planeado lo siguiente: \u201ctenemos un proyecto encaminado en construir muros necesarios con un presupuesto interesante\u201d, expuso Cordero e hizo hincapi\u00e9 en el llamado al gobierno nacional para que contribuya en una contraparte con los recursos y se pueda solucionar este inconveniente que mantiene a la expectativa a Nangaritza.<\/p>\n<p>En cuanto a servicios b\u00e1sicos, asegura que el cant\u00f3n, no cuenta con su dotaci\u00f3n completa y que el gobierno municipal debe panificar la zona de urbanizaci\u00f3n para que la ciudad crezca de forma ordenada con proyecci\u00f3n a un futuro. \u201cHace a\u00f1os atr\u00e1s se present\u00f3 un proyecto de alcantarillado sanitario, pero no se tuvo la visi\u00f3n suficiente para garantizar el crecimiento poblacional y que hoy en d\u00eda est\u00e1 generando problemas\u201d, expuso Cordero haciendo referencia a que por esta propuesta no se est\u00e1 colocando el asfalto como es debido.<\/p>\n<p>Su modelo de gesti\u00f3n se basa en la \u2018participaci\u00f3n, transparente, de servicio a la colectividad, con un municipio de puertas abiertas\u2019. El proceso de digitalizaci\u00f3n de varios servicios municipales. Con procesos de contrataci\u00f3n p\u00fablica de acuerdo a la ley, pero con la implementaci\u00f3n de modelos de gesti\u00f3n directa que garanticen la generaci\u00f3n de mayor empleo.<\/p>\n<p>El candidato asegura que aparte del desbordamiento de las quebradas, tambi\u00e9n existe una emergencia vial, donde no existe el mantenimiento correspondiente. Como propuesta, trata de: \u201cnuestro objetivo es asfaltar la v\u00eda principal y sobre todo las parroquias a trav\u00e9s de la gesti\u00f3n correspondiente\u201d, explic\u00f3.<\/p>\n<p>En cuanto al turismo, considera que es una alternativa econ\u00f3mica, pero que no ha sido explotada a\u00fan, consecuencia por varios factores, principalmente por el tema vial. Para solucionar esta tem\u00e1tica, el candidato plantea la adquisici\u00f3n de un equipo caminero en convenio con los gobiernos provincial y parroquiales, para brindar el mantenimiento necesario que garantice que los visitantes se lleven una buena experiencia.<\/p>\n<p>Otro problema es que el cant\u00f3n no cuenta con una ruta tur\u00edstica. Para ello, prev\u00e9 gestionarla y promocionarla en los distintos puntos de transporte a\u00e9reo y terrestre; as\u00ed como en puntos de informaci\u00f3n.<\/p>\n<p>En el tema de la miner\u00eda, informa que hubo una ordenanza, pero que, a finales del 2022, se derog\u00f3. En ella rezaba, el cobro por uso de suelo a quienes transitaban en veh\u00edculos de tracci\u00f3n pesada. De la misma manera, esperan que se establezca una regularizaci\u00f3n para los mineros de parte del gobierno nacional, con los debidos procedimientos para la realizaci\u00f3n de sus actividades.<\/p>\n<p>Finalmente explica que se requiere la inversi\u00f3n de 7 millones de d\u00f3lares para la culminaci\u00f3n del proyecto de la v\u00eda principal y que, mediante di\u00e1logos, se compromete que, al primer a\u00f1o de gesti\u00f3n, har\u00e1 realidad esta situaci\u00f3n para convertirse en una oportunidad de crecimiento para este y otros cantones.<\/p>\n","protected":false},"excerpt":{"rendered":"<p>Francisco Cordero lleva aproximadamente 30 a\u00f1os viviendo en el cant\u00f3n Nangaritza, donde creci\u00f3 y se form\u00f3 como un profesional, al que actualmente se encuentra sirviendo y aportando con sus conocimientos adquiridos. \u00c9l fungi\u00f3 como presidente del gad parroquial de Zurmi, y actualmente se encuentra a pocos d\u00edas de decidir su futuro pol\u00edtico, esto, en vista de su participaci\u00f3n para ser el nuevo personero municipal de esta localidad. Como el resto de candidatos, se encuentra dando a conocer cada una de sus propuestas, demostrando con datos, su viabilidad; respondiendo a las necesidades del pueblo nangaricense. El plan del trabajo que promulga Cordero fue construido con los habitantes, organizaciones, gremios de este importante cant\u00f3n, seg\u00fan da a conocer. Los sectores educativos, salud, ornato de la ciudad, infraestructura y dem\u00e1s reposan dentro del plan de trabajo. El centro de Guayzimi, cabecera cantonal, es atravesado por tres quebradas que, en \u00e9poca invernal han causado una serie de da\u00f1os, por sus desbordamientos, generando en la poblaci\u00f3n una creciente amenaza, para ello, el candidato, considera que se la debe declarar en emergencia. Y como una posible soluci\u00f3n, el candidato ha planeado lo siguiente: \u201ctenemos un proyecto encaminado en construir muros necesarios con un presupuesto interesante\u201d, expuso Cordero e hizo hincapi\u00e9 en el llamado al gobierno nacional para que contribuya en una contraparte con los recursos y se pueda solucionar este inconveniente que mantiene a la expectativa a Nangaritza. En cuanto a servicios b\u00e1sicos, asegura que el cant\u00f3n, no cuenta con su dotaci\u00f3n completa y que el gobierno municipal debe panificar la zona de urbanizaci\u00f3n para que la ciudad crezca de forma ordenada con proyecci\u00f3n a un futuro. \u201cHace a\u00f1os atr\u00e1s se present\u00f3 un proyecto de alcantarillado sanitario, pero no se tuvo la visi\u00f3n suficiente para garantizar el crecimiento poblacional y que hoy en d\u00eda est\u00e1 generando problemas\u201d, expuso Cordero haciendo referencia a que por esta propuesta no se est\u00e1 colocando el asfalto como es debido. Su modelo de gesti\u00f3n se basa en la \u2018participaci\u00f3n, transparente, de servicio a la colectividad, con un municipio de puertas abiertas\u2019. El proceso de digitalizaci\u00f3n de varios servicios municipales. Con procesos de contrataci\u00f3n p\u00fablica de acuerdo a la ley, pero con la implementaci\u00f3n de modelos de gesti\u00f3n directa que garanticen la generaci\u00f3n de mayor empleo. El candidato asegura que aparte del desbordamiento de las quebradas, tambi\u00e9n existe una emergencia vial, donde no existe el mantenimiento correspondiente. Como propuesta, trata de: \u201cnuestro objetivo es asfaltar la v\u00eda principal y sobre todo las parroquias a trav\u00e9s de la gesti\u00f3n correspondiente\u201d, explic\u00f3. En cuanto al turismo, considera que es una alternativa econ\u00f3mica, pero que no ha sido explotada a\u00fan, consecuencia por varios factores, principalmente por el tema vial. Para solucionar esta tem\u00e1tica, el candidato plantea la adquisici\u00f3n de un equipo caminero en convenio con los gobiernos provincial y parroquiales, para brindar el mantenimiento necesario que garantice que los visitantes se lleven una buena experiencia. Otro problema es que el cant\u00f3n no cuenta con una ruta tur\u00edstica. Para ello, prev\u00e9 gestionarla y promocionarla en los distintos puntos de transporte a\u00e9reo y terrestre; as\u00ed como en puntos de informaci\u00f3n. En el tema de la miner\u00eda, informa que hubo una ordenanza, pero que, a finales del 2022, se derog\u00f3. En ella rezaba, el cobro por uso de suelo a quienes transitaban en veh\u00edculos de tracci\u00f3n pesada. De la misma manera, esperan que se establezca una regularizaci\u00f3n para los mineros de parte del gobierno nacional, con los debidos procedimientos para la realizaci\u00f3n de sus actividades. Finalmente explica que se requiere la inversi\u00f3n de 7 millones de d\u00f3lares para la culminaci\u00f3n del proyecto de la v\u00eda principal y que, mediante di\u00e1logos, se compromete que, al primer a\u00f1o de gesti\u00f3n, har\u00e1 realidad esta situaci\u00f3n para convertirse en una oportunidad de crecimiento para este y otros cantones.<\/p>\n","protected":false},"author":1,"featured_media":8098,"comment_status":"open","ping_status":"open","sticky":false,"template":"","format":"standard","meta":{"footnotes":""},"categories":[243],"tags":[],"class_list":["post-8097","post","type-post","status-publish","format-standard","has-post-thumbnail","hentry","category-noticias-zamora"],"_links":{"self":[{"href":"https:\/\/www.elamazonico.com\/portal\/wp-json\/wp\/v2\/posts\/8097","targetHints":{"allow":["GET"]}}],"collection":[{"href":"https:\/\/www.elamazonico.com\/portal\/wp-json\/wp\/v2\/posts"}],"about":[{"href":"https:\/\/www.elamazonico.com\/portal\/wp-json\/wp\/v2\/types\/post"}],"author":[{"embeddable":true,"href":"https:\/\/www.elamazonico.com\/portal\/wp-json\/wp\/v2\/users\/1"}],"replies":[{"embeddable":true,"href":"https:\/\/www.elamazonico.com\/portal\/wp-json\/wp\/v2\/comments?post=8097"}],"version-history":[{"count":1,"href":"https:\/\/www.elamazonico.com\/portal\/wp-json\/wp\/v2\/posts\/8097\/revisions"}],"predecessor-version":[{"id":8099,"href":"https:\/\/www.elamazonico.com\/portal\/wp-json\/wp\/v2\/posts\/8097\/revisions\/8099"}],"wp:featuredmedia":[{"embeddable":true,"href":"https:\/\/www.elamazonico.com\/portal\/wp-json\/wp\/v2\/media\/8098"}],"wp:attachment":[{"href":"https:\/\/www.elamazonico.com\/portal\/wp-json\/wp\/v2\/media?parent=8097"}],"wp:term":[{"taxonomy":"category","embeddable":true,"href":"https:\/\/www.elamazonico.com\/portal\/wp-json\/wp\/v2\/categories?post=8097"},{"taxonomy":"post_tag","embeddable":true,"href":"https:\/\/www.elamazonico.com\/portal\/wp-json\/wp\/v2\/tags?post=8097"}],"curies":[{"name":"wp","href":"https:\/\/api.w.org\/{rel}","templated":true}]}}