{"id":8093,"date":"2023-01-27T11:56:43","date_gmt":"2023-01-27T16:56:43","guid":{"rendered":"https:\/\/www.elamazonico.com\/portal\/?p=8093"},"modified":"2023-01-27T11:56:43","modified_gmt":"2023-01-27T16:56:43","slug":"wilman-rodriguez-restructuracion-de-espacios-publicos-urbanos","status":"publish","type":"post","link":"https:\/\/www.elamazonico.com\/portal\/wilman-rodriguez-restructuracion-de-espacios-publicos-urbanos\/","title":{"rendered":"Wilm\u00e1n Rodr\u00edguez: restructuraci\u00f3n de espacios p\u00fablicos urbanos"},"content":{"rendered":"<p>El candidato representante de la alianza Suma-Reto, para la dignidad de alcalde de Zamora, Wilman Rodr\u00edguez, est\u00e1 a d\u00edas de definir su futuro pol\u00edtico; en el contexto de elecciones del 05 de febrero de 2023. En di\u00e1logo con Diario El Amaz\u00f3nico, donde comparti\u00f3 su experiencia recorriendo los territorios.<\/p>\n<p>En las \u00faltimas semanas, los candidatos est\u00e1n recorriendo cada cant\u00f3n, parroquia, barrio o comunidad. Desde primeras horas de la madrugada, se movilizan a territorio con el fin de dialogar con la ciudadan\u00eda, porque en el campo, es as\u00ed, desde las 5H00, el productor ya emprende su viaje a realizar sus labores agr\u00edcolas y ganaderas.<\/p>\n<p>\u201cCansados, s\u00ed, lo normal, pero vamos recorriendo cada parroquia, barrio, exponiendo el plan de trabajo y tambi\u00e9n saludando a la gente del sector urbano y rural; enfrasc\u00e1ndonos en un di\u00e1logo ciudadano\u201d, expuso Wilman Rodr\u00edguez, frente a labor que est\u00e1n llevando a cabo.<\/p>\n<p>Asegura que este caminar les permite genera un ambiente de confianza con los ciudadanos. Llama a la ciudadan\u00eda a analizar a los candidatos, su trayectoria y mediante ello, determinar la persona id\u00f3nea para administrar los recursos para el transcurso de los siguientes 4 a\u00f1os del cant\u00f3n Zamora, con responsabilidad y planificaci\u00f3n.<\/p>\n<p>\u201cEs evidente el retraso de m\u00e1s de 10 a\u00f1os que est\u00e1 soportando la capital de provincia. No hay obras y proyectos en beneficio de Zamora\u201d, destac\u00f3 Rodr\u00edguez. Esto en cuanto a que existen recursos en el Fondo Com\u00fan en Secretaria T\u00e9cnica Amaz\u00f3nica, pero referentes que no han sido aprovechados con la elaboraci\u00f3n y gesti\u00f3n de proyectos, para suplir las necesidades prioritarias.<\/p>\n<p>Dice no sentirse en desventaja con el resto de candidatos, m\u00e1s bien, considera que, tienen un plus, con conocimiento y experiencia para ponerla al servicio del cant\u00f3n. Adem\u00e1s, recalca que ha expuesto las propuestas de trabajo con absoluta claridad.<\/p>\n<p>Asegura que se esta dando frecuentemente el tema de la llamada \u2018campa\u00f1a sucia\u2019, como en todo proceso electoral. Pero Rodr\u00edguez, hace menci\u00f3n que, en su trabajo, lo est\u00e1n promoviendo con ofertas de campa\u00f1a real, con el mensaje hacia el ciudadano. No ve como una opci\u00f3n favorable la reelecci\u00f3n, solo en contados casos, donde ha habido una excelente administraci\u00f3n.<\/p>\n<p>Catalog\u00f3 de \u2018injusta\u2019 la licencia de un mes que les otorgan a las autoridades a reelecci\u00f3n. Lo ve como un aspecto negativo en la democracia, porque destaca que no se cumple con el principio de igual y justicia e igualdad de derechos en la participaci\u00f3n electoral.<\/p>\n<p>Dentro de su equipo de trabajo, consta la participaci\u00f3n de candidatos a concejales urbanos, quienes poseen una amplia experiencia en el agro. Con ello, pretenden implantar las ferias agr\u00edcolas, comerciales y de emprendimiento en cada una de las parroquias de por lo menos cada 15 d\u00edas para comprobar como se va desarrollando, sin oponerse a los d\u00edas feriantes que se realizan normalmente.<\/p>\n<p>Como parte del apoyo productivo, tienen planeado comprar dos veh\u00edculos tipo cami\u00f3n, distribuidos entre las parroquias rurales, con la finalidad de facilitar el transporte de los productores y ganaderos. Convenios de \u2018cogesti\u00f3n\u2019 con el gobierno provincial para el tema del mejoramiento de la vialidad en Zamora. \u00a0Es un espacio para que el producto venda sin intermediarios a precio justo y con rentabilidad.<\/p>\n<p>\u201cEs importante el apoyo productivo en estos aspectos: capacitaci\u00f3n, asistencia t\u00e9cnica, acompa\u00f1amiento en todo el proceso productivo, mejoramiento de la vialidad rural, transporte y programas de legalizaci\u00f3n de tierras rurales y urbanas\u201d, recalc\u00f3 Rodr\u00edguez con referencia a los procedimientos para el desarrollo de estos sectores. Adem\u00e1s de la disminuci\u00f3n porcentual tributaria e impuestos.<\/p>\n<p>En cuanto a la tasa interna de Contribuci\u00f3n Especial, que se aplica en otros cantones, pero no en Zamora. \u201cC\u00f3mo vamos a cobrar eso valores, si no est\u00e1n bien hechas las obras, pero s\u00ed en obras bien ejecutadas y bien hechas\u201d, pero con verificaci\u00f3n, considerando la condici\u00f3n socioecon\u00f3mica de las familias, puntualiz\u00f3.<\/p>\n<p><strong>SERVICIOS B\u00c1SICOS DEL SECTOR RURAL <\/strong><\/p>\n<p>Coincide en que algunos de los sistemas de agua de varios sectores est\u00e1n por colapsar, asevera que los moradores han detectado fallas en la parte constructiva, donde, adem\u00e1s, ha tardado su ejecuci\u00f3n y no han entrado en funcionamiento.<\/p>\n<p>Ante esto, asevera que no existe el control y fiscalizaci\u00f3n en este tipo de obras. Aduce que tampoco los concejales han fiscalizado este tipo de obras. \u201cSe est\u00e1n invirtiendo recursos en obras de agua potable y alcantarillado, pero no se concluyen\u201d, destac\u00f3 el candidato, aduciendo que coincide con lo que la ciudadan\u00eda observa.<\/p>\n<p><strong>COBRO AL TRANSPORTE PESADO<\/strong><\/p>\n<p>Asegura que es un cobro al que no se lo aprovecha y transparenta porque \u201cno conocen los ingresos reales\u201d. Considera que esos ingresos se los debe invertir en lo que manda la ordenanza, para obras de mantenimiento de la vialidad urbana.<\/p>\n<p>En caso de llegar a la alcald\u00eda, emprender\u00e1n en transparentar los ingresos que lleguen al municipio. Para cambiar esta situaci\u00f3n, cree necesario el cambio de cobro f\u00edsico a un sistema automatizado. Asimismo, habla del aspecto de las calles y veredas, a las que cree que se deben realizar un cambio de ese material.<\/p>\n<p>Su modelo de gesti\u00f3n partir\u00e1 desde la gesti\u00f3n de obras con participaci\u00f3n ciudadana, porque as\u00ed lo establece la constituci\u00f3n y la ley. \u201cPara ejecutar la obra p\u00fablica, se debe tener en cuenta el plan de ordenamiento territorial (PDOT)\u201d, recalc\u00f3 el candidato, utilizadas como herramientas de planificaci\u00f3n.<\/p>\n<p>La reestructuraci\u00f3n de espacios p\u00fablicos como el terminal, lugar donde el candidato especific\u00f3 la necesidad de mantenimiento. Considera que, por esta situaci\u00f3n, los lugares tur\u00edsticos se deben reactivar para as\u00ed, los turistas puedan visitar este cant\u00f3n. \u201cCon voluntad y trabajo todo es posible, se evidencia el cambio. Los atractivos tur\u00edsticos mejoran el ornato de la ciudad\u201d. Finaliz\u00f3 Rodr\u00edguez. (I) LM<\/p>\n<p>&nbsp;<\/p>\n<p>&nbsp;<\/p>\n<p>&nbsp;<\/p>\n<p>&nbsp;<\/p>\n<p>&nbsp;<\/p>\n<p>&nbsp;<\/p>\n","protected":false},"excerpt":{"rendered":"<p>El candidato representante de la alianza Suma-Reto, para la dignidad de alcalde de Zamora, Wilman Rodr\u00edguez, est\u00e1 a d\u00edas de definir su futuro pol\u00edtico; en el contexto de elecciones del 05 de febrero de 2023. En di\u00e1logo con Diario El Amaz\u00f3nico, donde comparti\u00f3 su experiencia recorriendo los territorios. En las \u00faltimas semanas, los candidatos est\u00e1n recorriendo cada cant\u00f3n, parroquia, barrio o comunidad. Desde primeras horas de la madrugada, se movilizan a territorio con el fin de dialogar con la ciudadan\u00eda, porque en el campo, es as\u00ed, desde las 5H00, el productor ya emprende su viaje a realizar sus labores agr\u00edcolas y ganaderas. \u201cCansados, s\u00ed, lo normal, pero vamos recorriendo cada parroquia, barrio, exponiendo el plan de trabajo y tambi\u00e9n saludando a la gente del sector urbano y rural; enfrasc\u00e1ndonos en un di\u00e1logo ciudadano\u201d, expuso Wilman Rodr\u00edguez, frente a labor que est\u00e1n llevando a cabo. Asegura que este caminar les permite genera un ambiente de confianza con los ciudadanos. Llama a la ciudadan\u00eda a analizar a los candidatos, su trayectoria y mediante ello, determinar la persona id\u00f3nea para administrar los recursos para el transcurso de los siguientes 4 a\u00f1os del cant\u00f3n Zamora, con responsabilidad y planificaci\u00f3n. \u201cEs evidente el retraso de m\u00e1s de 10 a\u00f1os que est\u00e1 soportando la capital de provincia. No hay obras y proyectos en beneficio de Zamora\u201d, destac\u00f3 Rodr\u00edguez. Esto en cuanto a que existen recursos en el Fondo Com\u00fan en Secretaria T\u00e9cnica Amaz\u00f3nica, pero referentes que no han sido aprovechados con la elaboraci\u00f3n y gesti\u00f3n de proyectos, para suplir las necesidades prioritarias. Dice no sentirse en desventaja con el resto de candidatos, m\u00e1s bien, considera que, tienen un plus, con conocimiento y experiencia para ponerla al servicio del cant\u00f3n. Adem\u00e1s, recalca que ha expuesto las propuestas de trabajo con absoluta claridad. Asegura que se esta dando frecuentemente el tema de la llamada \u2018campa\u00f1a sucia\u2019, como en todo proceso electoral. Pero Rodr\u00edguez, hace menci\u00f3n que, en su trabajo, lo est\u00e1n promoviendo con ofertas de campa\u00f1a real, con el mensaje hacia el ciudadano. No ve como una opci\u00f3n favorable la reelecci\u00f3n, solo en contados casos, donde ha habido una excelente administraci\u00f3n. Catalog\u00f3 de \u2018injusta\u2019 la licencia de un mes que les otorgan a las autoridades a reelecci\u00f3n. Lo ve como un aspecto negativo en la democracia, porque destaca que no se cumple con el principio de igual y justicia e igualdad de derechos en la participaci\u00f3n electoral. Dentro de su equipo de trabajo, consta la participaci\u00f3n de candidatos a concejales urbanos, quienes poseen una amplia experiencia en el agro. Con ello, pretenden implantar las ferias agr\u00edcolas, comerciales y de emprendimiento en cada una de las parroquias de por lo menos cada 15 d\u00edas para comprobar como se va desarrollando, sin oponerse a los d\u00edas feriantes que se realizan normalmente. Como parte del apoyo productivo, tienen planeado comprar dos veh\u00edculos tipo cami\u00f3n, distribuidos entre las parroquias rurales, con la finalidad de facilitar el transporte de los productores y ganaderos. Convenios de \u2018cogesti\u00f3n\u2019 con el gobierno provincial para el tema del mejoramiento de la vialidad en Zamora. \u00a0Es un espacio para que el producto venda sin intermediarios a precio justo y con rentabilidad. \u201cEs importante el apoyo productivo en estos aspectos: capacitaci\u00f3n, asistencia t\u00e9cnica, acompa\u00f1amiento en todo el proceso productivo, mejoramiento de la vialidad rural, transporte y programas de legalizaci\u00f3n de tierras rurales y urbanas\u201d, recalc\u00f3 Rodr\u00edguez con referencia a los procedimientos para el desarrollo de estos sectores. Adem\u00e1s de la disminuci\u00f3n porcentual tributaria e impuestos. En cuanto a la tasa interna de Contribuci\u00f3n Especial, que se aplica en otros cantones, pero no en Zamora. \u201cC\u00f3mo vamos a cobrar eso valores, si no est\u00e1n bien hechas las obras, pero s\u00ed en obras bien ejecutadas y bien hechas\u201d, pero con verificaci\u00f3n, considerando la condici\u00f3n socioecon\u00f3mica de las familias, puntualiz\u00f3. SERVICIOS B\u00c1SICOS DEL SECTOR RURAL Coincide en que algunos de los sistemas de agua de varios sectores est\u00e1n por colapsar, asevera que los moradores han detectado fallas en la parte constructiva, donde, adem\u00e1s, ha tardado su ejecuci\u00f3n y no han entrado en funcionamiento. Ante esto, asevera que no existe el control y fiscalizaci\u00f3n en este tipo de obras. Aduce que tampoco los concejales han fiscalizado este tipo de obras. \u201cSe est\u00e1n invirtiendo recursos en obras de agua potable y alcantarillado, pero no se concluyen\u201d, destac\u00f3 el candidato, aduciendo que coincide con lo que la ciudadan\u00eda observa. COBRO AL TRANSPORTE PESADO Asegura que es un cobro al que no se lo aprovecha y transparenta porque \u201cno conocen los ingresos reales\u201d. Considera que esos ingresos se los debe invertir en lo que manda la ordenanza, para obras de mantenimiento de la vialidad urbana. En caso de llegar a la alcald\u00eda, emprender\u00e1n en transparentar los ingresos que lleguen al municipio. Para cambiar esta situaci\u00f3n, cree necesario el cambio de cobro f\u00edsico a un sistema automatizado. Asimismo, habla del aspecto de las calles y veredas, a las que cree que se deben realizar un cambio de ese material. Su modelo de gesti\u00f3n partir\u00e1 desde la gesti\u00f3n de obras con participaci\u00f3n ciudadana, porque as\u00ed lo establece la constituci\u00f3n y la ley. \u201cPara ejecutar la obra p\u00fablica, se debe tener en cuenta el plan de ordenamiento territorial (PDOT)\u201d, recalc\u00f3 el candidato, utilizadas como herramientas de planificaci\u00f3n. La reestructuraci\u00f3n de espacios p\u00fablicos como el terminal, lugar donde el candidato especific\u00f3 la necesidad de mantenimiento. Considera que, por esta situaci\u00f3n, los lugares tur\u00edsticos se deben reactivar para as\u00ed, los turistas puedan visitar este cant\u00f3n. \u201cCon voluntad y trabajo todo es posible, se evidencia el cambio. Los atractivos tur\u00edsticos mejoran el ornato de la ciudad\u201d. Finaliz\u00f3 Rodr\u00edguez. (I) LM &nbsp; &nbsp; &nbsp; &nbsp; &nbsp; &nbsp;<\/p>\n","protected":false},"author":1,"featured_media":8094,"comment_status":"open","ping_status":"open","sticky":false,"template":"","format":"standard","meta":{"footnotes":""},"categories":[243],"tags":[],"class_list":["post-8093","post","type-post","status-publish","format-standard","has-post-thumbnail","hentry","category-noticias-zamora"],"_links":{"self":[{"href":"https:\/\/www.elamazonico.com\/portal\/wp-json\/wp\/v2\/posts\/8093","targetHints":{"allow":["GET"]}}],"collection":[{"href":"https:\/\/www.elamazonico.com\/portal\/wp-json\/wp\/v2\/posts"}],"about":[{"href":"https:\/\/www.elamazonico.com\/portal\/wp-json\/wp\/v2\/types\/post"}],"author":[{"embeddable":true,"href":"https:\/\/www.elamazonico.com\/portal\/wp-json\/wp\/v2\/users\/1"}],"replies":[{"embeddable":true,"href":"https:\/\/www.elamazonico.com\/portal\/wp-json\/wp\/v2\/comments?post=8093"}],"version-history":[{"count":1,"href":"https:\/\/www.elamazonico.com\/portal\/wp-json\/wp\/v2\/posts\/8093\/revisions"}],"predecessor-version":[{"id":8095,"href":"https:\/\/www.elamazonico.com\/portal\/wp-json\/wp\/v2\/posts\/8093\/revisions\/8095"}],"wp:featuredmedia":[{"embeddable":true,"href":"https:\/\/www.elamazonico.com\/portal\/wp-json\/wp\/v2\/media\/8094"}],"wp:attachment":[{"href":"https:\/\/www.elamazonico.com\/portal\/wp-json\/wp\/v2\/media?parent=8093"}],"wp:term":[{"taxonomy":"category","embeddable":true,"href":"https:\/\/www.elamazonico.com\/portal\/wp-json\/wp\/v2\/categories?post=8093"},{"taxonomy":"post_tag","embeddable":true,"href":"https:\/\/www.elamazonico.com\/portal\/wp-json\/wp\/v2\/tags?post=8093"}],"curies":[{"name":"wp","href":"https:\/\/api.w.org\/{rel}","templated":true}]}}