{"id":8080,"date":"2023-01-26T10:42:29","date_gmt":"2023-01-26T15:42:29","guid":{"rendered":"https:\/\/www.elamazonico.com\/portal\/?p=8080"},"modified":"2023-01-26T10:42:29","modified_gmt":"2023-01-26T15:42:29","slug":"consejo-nacional-electoral-solicito-al-ejecutivo-que-se-declare-al-6-de-febrero-como-dia-de-descanso-nacional","status":"publish","type":"post","link":"https:\/\/www.elamazonico.com\/portal\/consejo-nacional-electoral-solicito-al-ejecutivo-que-se-declare-al-6-de-febrero-como-dia-de-descanso-nacional\/","title":{"rendered":"Consejo Nacional Electoral solicit\u00f3 al Ejecutivo que se declare al 6 de febrero como d\u00eda de descanso nacional"},"content":{"rendered":"<p>El pleno del Consejo Nacional Electoral (CNE) aprob\u00f3 el informe t\u00e9cnico este mi\u00e9rcoles 25 de enero de 2023, en el cual solicit\u00f3 al presidente Guillermo Lasso que declare como d\u00eda de descanso nacional para el sector p\u00fablico y privado al lunes 6 de febrero de 2023. Esto ser\u00e1 un d\u00eda despu\u00e9s de desarrollarse los comicios seccionales y la Consulta Popular a la ciudadan\u00eda.<\/p>\n<p>El CNE plantea que el d\u00eda de vacaci\u00f3n que se otorgue sea recuperable para los funcionarios p\u00fablicos y los trabajadores del sector privado.<\/p>\n<p>El pedido al Ejecutivo se sustent\u00f3 en las actividades que sostendr\u00e1n los Miembros de las Juntas Receptoras del Voto (MJRV), que iniciar\u00e1n sus actividades desde las 06:30 del domingo 5 de febrero y podr\u00edan extenderse hasta el d\u00eda siguiente. En las elecciones seccionales se elegir\u00e1n alcaldes, prefectos, concejales, miembros de las juntas parroquiales y vocales del Consejo de Participaci\u00f3n Ciudadana y Control Social (CPCCS). Adem\u00e1s se realizar\u00e1 la Consulta Ciudadana en torno a aspectos como seguridad, gobernabilidad y medioambiente.<\/p>\n<p>\u00abDe conformidad con el an\u00e1lisis t\u00e9cnico se determin\u00f3 que el tiempo utilizado para el escrutinio simult\u00e1neo de las dignidades seccionales es de 05:58 horas; para el Refer\u00e9ndum y CPCCS es de 05:34 horas, con la participaci\u00f3n de los cinco MJRV, en grupos de trabajo de dos y tres personas, respectivamente\u00bb, indic\u00f3 el CNE.<\/p>\n<p>La entidad apunt\u00f3 que para los comicios del 5 de febrero se activar\u00e1n 4 380 recintos electorales, de los que 4013 son unidades educativas, 63 son universidades y 304 son otro tipo de infraestructuras. Estas deben ser readecuadas despu\u00e9s del conteo para su respectivo orden y limpieza.<\/p>\n<p>\u00abEn tal sentido, se solicita al Presidente de la Rep\u00fablica que, en el \u00e1mbito de sus facultades constitucionales y legales, suspenda la jornada de trabajo del lunes 6 de febrero de 2023 (recuperable) para el sector p\u00fablico y privado\u00bb, detall\u00f3 el CNE.<\/p>\n","protected":false},"excerpt":{"rendered":"<p>El pleno del Consejo Nacional Electoral (CNE) aprob\u00f3 el informe t\u00e9cnico este mi\u00e9rcoles 25 de enero de 2023, en el cual solicit\u00f3 al presidente Guillermo Lasso que declare como d\u00eda de descanso nacional para el sector p\u00fablico y privado al lunes 6 de febrero de 2023. Esto ser\u00e1 un d\u00eda despu\u00e9s de desarrollarse los comicios seccionales y la Consulta Popular a la ciudadan\u00eda. El CNE plantea que el d\u00eda de vacaci\u00f3n que se otorgue sea recuperable para los funcionarios p\u00fablicos y los trabajadores del sector privado. El pedido al Ejecutivo se sustent\u00f3 en las actividades que sostendr\u00e1n los Miembros de las Juntas Receptoras del Voto (MJRV), que iniciar\u00e1n sus actividades desde las 06:30 del domingo 5 de febrero y podr\u00edan extenderse hasta el d\u00eda siguiente. En las elecciones seccionales se elegir\u00e1n alcaldes, prefectos, concejales, miembros de las juntas parroquiales y vocales del Consejo de Participaci\u00f3n Ciudadana y Control Social (CPCCS). Adem\u00e1s se realizar\u00e1 la Consulta Ciudadana en torno a aspectos como seguridad, gobernabilidad y medioambiente. \u00abDe conformidad con el an\u00e1lisis t\u00e9cnico se determin\u00f3 que el tiempo utilizado para el escrutinio simult\u00e1neo de las dignidades seccionales es de 05:58 horas; para el Refer\u00e9ndum y CPCCS es de 05:34 horas, con la participaci\u00f3n de los cinco MJRV, en grupos de trabajo de dos y tres personas, respectivamente\u00bb, indic\u00f3 el CNE. La entidad apunt\u00f3 que para los comicios del 5 de febrero se activar\u00e1n 4 380 recintos electorales, de los que 4013 son unidades educativas, 63 son universidades y 304 son otro tipo de infraestructuras. Estas deben ser readecuadas despu\u00e9s del conteo para su respectivo orden y limpieza. \u00abEn tal sentido, se solicita al Presidente de la Rep\u00fablica que, en el \u00e1mbito de sus facultades constitucionales y legales, suspenda la jornada de trabajo del lunes 6 de febrero de 2023 (recuperable) para el sector p\u00fablico y privado\u00bb, detall\u00f3 el CNE.<\/p>\n","protected":false},"author":1,"featured_media":8081,"comment_status":"open","ping_status":"open","sticky":false,"template":"","format":"standard","meta":{"footnotes":""},"categories":[268],"tags":[],"class_list":["post-8080","post","type-post","status-publish","format-standard","has-post-thumbnail","hentry","category-nacionales"],"_links":{"self":[{"href":"https:\/\/www.elamazonico.com\/portal\/wp-json\/wp\/v2\/posts\/8080","targetHints":{"allow":["GET"]}}],"collection":[{"href":"https:\/\/www.elamazonico.com\/portal\/wp-json\/wp\/v2\/posts"}],"about":[{"href":"https:\/\/www.elamazonico.com\/portal\/wp-json\/wp\/v2\/types\/post"}],"author":[{"embeddable":true,"href":"https:\/\/www.elamazonico.com\/portal\/wp-json\/wp\/v2\/users\/1"}],"replies":[{"embeddable":true,"href":"https:\/\/www.elamazonico.com\/portal\/wp-json\/wp\/v2\/comments?post=8080"}],"version-history":[{"count":1,"href":"https:\/\/www.elamazonico.com\/portal\/wp-json\/wp\/v2\/posts\/8080\/revisions"}],"predecessor-version":[{"id":8082,"href":"https:\/\/www.elamazonico.com\/portal\/wp-json\/wp\/v2\/posts\/8080\/revisions\/8082"}],"wp:featuredmedia":[{"embeddable":true,"href":"https:\/\/www.elamazonico.com\/portal\/wp-json\/wp\/v2\/media\/8081"}],"wp:attachment":[{"href":"https:\/\/www.elamazonico.com\/portal\/wp-json\/wp\/v2\/media?parent=8080"}],"wp:term":[{"taxonomy":"category","embeddable":true,"href":"https:\/\/www.elamazonico.com\/portal\/wp-json\/wp\/v2\/categories?post=8080"},{"taxonomy":"post_tag","embeddable":true,"href":"https:\/\/www.elamazonico.com\/portal\/wp-json\/wp\/v2\/tags?post=8080"}],"curies":[{"name":"wp","href":"https:\/\/api.w.org\/{rel}","templated":true}]}}