{"id":8074,"date":"2023-01-26T10:35:20","date_gmt":"2023-01-26T15:35:20","guid":{"rendered":"https:\/\/www.elamazonico.com\/portal\/?p=8074"},"modified":"2023-01-26T10:35:20","modified_gmt":"2023-01-26T15:35:20","slug":"yunda-sin-derechos-politicos-no-podra-posesionarse-si-gana","status":"publish","type":"post","link":"https:\/\/www.elamazonico.com\/portal\/yunda-sin-derechos-politicos-no-podra-posesionarse-si-gana\/","title":{"rendered":"&#8216;Yunda sin derechos pol\u00edticos, no podr\u00e1 posesionarse si gana&#8217;"},"content":{"rendered":"<p>\u201cSi usted est\u00e1 pensando en votar por Jorge Yunda, tenga la certeza de que Yunda no podr\u00e1 posesionarse, no podr\u00e1 sentarse en el cargo, ni cumplir nada de lo que le est\u00e1 ofreciendo. \u00bfPor qu\u00e9 raz\u00f3n? No tiene derechos pol\u00edticos, pues en cualquier momento se ejecutor\u00eda el fallo del Tribunal Contenciosos Electoral\u201d. As\u00ed alert\u00f3 la candidata a la Alcald\u00eda de Quito, J\u00e9ssica Jaramillo.<\/p>\n<p>Y agreg\u00f3 que el recurso que present\u00f3, de aclaraci\u00f3n y ampliaci\u00f3n, no cambia el fondo de la sentencia, que dice no tiene derechos pol\u00edticos. Sonorama\/jtr<\/p>\n","protected":false},"excerpt":{"rendered":"<p>\u201cSi usted est\u00e1 pensando en votar por Jorge Yunda, tenga la certeza de que Yunda no podr\u00e1 posesionarse, no podr\u00e1 sentarse en el cargo, ni cumplir nada de lo que le est\u00e1 ofreciendo. \u00bfPor qu\u00e9 raz\u00f3n? No tiene derechos pol\u00edticos, pues en cualquier momento se ejecutor\u00eda el fallo del Tribunal Contenciosos Electoral\u201d. As\u00ed alert\u00f3 la candidata a la Alcald\u00eda de Quito, J\u00e9ssica Jaramillo. Y agreg\u00f3 que el recurso que present\u00f3, de aclaraci\u00f3n y ampliaci\u00f3n, no cambia el fondo de la sentencia, que dice no tiene derechos pol\u00edticos. Sonorama\/jtr<\/p>\n","protected":false},"author":1,"featured_media":8075,"comment_status":"open","ping_status":"open","sticky":false,"template":"","format":"standard","meta":{"footnotes":""},"categories":[268],"tags":[],"class_list":["post-8074","post","type-post","status-publish","format-standard","has-post-thumbnail","hentry","category-nacionales"],"_links":{"self":[{"href":"https:\/\/www.elamazonico.com\/portal\/wp-json\/wp\/v2\/posts\/8074","targetHints":{"allow":["GET"]}}],"collection":[{"href":"https:\/\/www.elamazonico.com\/portal\/wp-json\/wp\/v2\/posts"}],"about":[{"href":"https:\/\/www.elamazonico.com\/portal\/wp-json\/wp\/v2\/types\/post"}],"author":[{"embeddable":true,"href":"https:\/\/www.elamazonico.com\/portal\/wp-json\/wp\/v2\/users\/1"}],"replies":[{"embeddable":true,"href":"https:\/\/www.elamazonico.com\/portal\/wp-json\/wp\/v2\/comments?post=8074"}],"version-history":[{"count":1,"href":"https:\/\/www.elamazonico.com\/portal\/wp-json\/wp\/v2\/posts\/8074\/revisions"}],"predecessor-version":[{"id":8076,"href":"https:\/\/www.elamazonico.com\/portal\/wp-json\/wp\/v2\/posts\/8074\/revisions\/8076"}],"wp:featuredmedia":[{"embeddable":true,"href":"https:\/\/www.elamazonico.com\/portal\/wp-json\/wp\/v2\/media\/8075"}],"wp:attachment":[{"href":"https:\/\/www.elamazonico.com\/portal\/wp-json\/wp\/v2\/media?parent=8074"}],"wp:term":[{"taxonomy":"category","embeddable":true,"href":"https:\/\/www.elamazonico.com\/portal\/wp-json\/wp\/v2\/categories?post=8074"},{"taxonomy":"post_tag","embeddable":true,"href":"https:\/\/www.elamazonico.com\/portal\/wp-json\/wp\/v2\/tags?post=8074"}],"curies":[{"name":"wp","href":"https:\/\/api.w.org\/{rel}","templated":true}]}}