{"id":8000,"date":"2023-01-24T10:16:02","date_gmt":"2023-01-24T15:16:02","guid":{"rendered":"https:\/\/www.elamazonico.com\/portal\/?p=8000"},"modified":"2023-01-24T10:16:02","modified_gmt":"2023-01-24T15:16:02","slug":"juan-carlos-holguin-nunca-en-mi-vida-he-conocido-ni-se-quien-sea-ruben-cherrez","status":"publish","type":"post","link":"https:\/\/www.elamazonico.com\/portal\/juan-carlos-holguin-nunca-en-mi-vida-he-conocido-ni-se-quien-sea-ruben-cherrez\/","title":{"rendered":"Juan Carlos Holgu\u00edn: &#8216;Nunca en mi vida he conocido ni s\u00e9 qui\u00e9n sea Rub\u00e9n Ch\u00e9rrez&#8217;"},"content":{"rendered":"<p>El canciller Juan Carlos Holgu\u00edn reiter\u00f3 este lunes 23 de enero de 2023 que nunca ha mantenido contacto ni conoce a Rub\u00e9n Ch\u00e9rrez, un supuesto intermediario en una presunta trama de corrupci\u00f3n en las empresas p\u00fablicas.<\/p>\n<p>\u00abMe puse hoy precisamente a disposici\u00f3n de la fiscal (Diana Salazar) a trav\u00e9s de una comunicaci\u00f3n hacia ella, dando conocimiento que se ha mencionado mi nombre en un audio y que estoy a disposici\u00f3n completa de cualquier investigaci\u00f3n que pueda profundizar esta posici\u00f3n\u00bb, dijo el canciller, en una entrevista con FM Mundo de Quito.<\/p>\n<p>Holgu\u00edn reiter\u00f3 que nunca ha conocido a Ch\u00e9rrez y tampoco ha mantenido negocios o una relaci\u00f3n profesional con Danilo Carrera, quien es mencionado en unos audios filtrados por un medio digital ecuatoriano.<\/p>\n<p>El funcionario tambi\u00e9n reiter\u00f3 que Carrera no fue parte de la delegaci\u00f3n oficial de Ecuador en una visita a Estados Unidos en diciembre de 2022, en donde el presidente Guillermo Lasso se reuni\u00f3 con el mandatario de ese pa\u00eds, Joe Biden.<\/p>\n<p>\u00ab\u00c9l fue con una delegaci\u00f3n de empresarios que acompa\u00f1aron la visita. Fueron m\u00e1s de 20. La fotograf\u00eda en la que aparece fue tomada en el cementerio de Arlington, en donde fue un evento p\u00fablico\u00bb,\u00a0 se\u00f1al\u00f3 Holgu\u00edn.<\/p>\n<p>El canciller mencion\u00f3 que el Gobierno Nacional ir\u00e1 hasta las \u00faltimas consecuencias, para determinar las responsabilidades de presuntos actos de corrupci\u00f3n de un exfuncionario de la Empresa Coordinadora de Empresas P\u00fablicas (EMCO), que se encuentran en fase de investigaci\u00f3n por parte de la Fiscal\u00eda del Ecuador.<\/p>\n","protected":false},"excerpt":{"rendered":"<p>El canciller Juan Carlos Holgu\u00edn reiter\u00f3 este lunes 23 de enero de 2023 que nunca ha mantenido contacto ni conoce a Rub\u00e9n Ch\u00e9rrez, un supuesto intermediario en una presunta trama de corrupci\u00f3n en las empresas p\u00fablicas. \u00abMe puse hoy precisamente a disposici\u00f3n de la fiscal (Diana Salazar) a trav\u00e9s de una comunicaci\u00f3n hacia ella, dando conocimiento que se ha mencionado mi nombre en un audio y que estoy a disposici\u00f3n completa de cualquier investigaci\u00f3n que pueda profundizar esta posici\u00f3n\u00bb, dijo el canciller, en una entrevista con FM Mundo de Quito. Holgu\u00edn reiter\u00f3 que nunca ha conocido a Ch\u00e9rrez y tampoco ha mantenido negocios o una relaci\u00f3n profesional con Danilo Carrera, quien es mencionado en unos audios filtrados por un medio digital ecuatoriano. El funcionario tambi\u00e9n reiter\u00f3 que Carrera no fue parte de la delegaci\u00f3n oficial de Ecuador en una visita a Estados Unidos en diciembre de 2022, en donde el presidente Guillermo Lasso se reuni\u00f3 con el mandatario de ese pa\u00eds, Joe Biden. \u00ab\u00c9l fue con una delegaci\u00f3n de empresarios que acompa\u00f1aron la visita. Fueron m\u00e1s de 20. La fotograf\u00eda en la que aparece fue tomada en el cementerio de Arlington, en donde fue un evento p\u00fablico\u00bb,\u00a0 se\u00f1al\u00f3 Holgu\u00edn. El canciller mencion\u00f3 que el Gobierno Nacional ir\u00e1 hasta las \u00faltimas consecuencias, para determinar las responsabilidades de presuntos actos de corrupci\u00f3n de un exfuncionario de la Empresa Coordinadora de Empresas P\u00fablicas (EMCO), que se encuentran en fase de investigaci\u00f3n por parte de la Fiscal\u00eda del Ecuador.<\/p>\n","protected":false},"author":1,"featured_media":8001,"comment_status":"open","ping_status":"open","sticky":false,"template":"","format":"standard","meta":{"footnotes":""},"categories":[268],"tags":[],"class_list":["post-8000","post","type-post","status-publish","format-standard","has-post-thumbnail","hentry","category-nacionales"],"_links":{"self":[{"href":"https:\/\/www.elamazonico.com\/portal\/wp-json\/wp\/v2\/posts\/8000","targetHints":{"allow":["GET"]}}],"collection":[{"href":"https:\/\/www.elamazonico.com\/portal\/wp-json\/wp\/v2\/posts"}],"about":[{"href":"https:\/\/www.elamazonico.com\/portal\/wp-json\/wp\/v2\/types\/post"}],"author":[{"embeddable":true,"href":"https:\/\/www.elamazonico.com\/portal\/wp-json\/wp\/v2\/users\/1"}],"replies":[{"embeddable":true,"href":"https:\/\/www.elamazonico.com\/portal\/wp-json\/wp\/v2\/comments?post=8000"}],"version-history":[{"count":2,"href":"https:\/\/www.elamazonico.com\/portal\/wp-json\/wp\/v2\/posts\/8000\/revisions"}],"predecessor-version":[{"id":8003,"href":"https:\/\/www.elamazonico.com\/portal\/wp-json\/wp\/v2\/posts\/8000\/revisions\/8003"}],"wp:featuredmedia":[{"embeddable":true,"href":"https:\/\/www.elamazonico.com\/portal\/wp-json\/wp\/v2\/media\/8001"}],"wp:attachment":[{"href":"https:\/\/www.elamazonico.com\/portal\/wp-json\/wp\/v2\/media?parent=8000"}],"wp:term":[{"taxonomy":"category","embeddable":true,"href":"https:\/\/www.elamazonico.com\/portal\/wp-json\/wp\/v2\/categories?post=8000"},{"taxonomy":"post_tag","embeddable":true,"href":"https:\/\/www.elamazonico.com\/portal\/wp-json\/wp\/v2\/tags?post=8000"}],"curies":[{"name":"wp","href":"https:\/\/api.w.org\/{rel}","templated":true}]}}