{"id":7997,"date":"2023-01-24T10:09:56","date_gmt":"2023-01-24T15:09:56","guid":{"rendered":"https:\/\/www.elamazonico.com\/portal\/?p=7997"},"modified":"2023-01-24T10:09:56","modified_gmt":"2023-01-24T15:09:56","slug":"corte-constitucional-destituye-a-los-siete-consejeros-del-cpccs","status":"publish","type":"post","link":"https:\/\/www.elamazonico.com\/portal\/corte-constitucional-destituye-a-los-siete-consejeros-del-cpccs\/","title":{"rendered":"Corte Constitucional destituye a los siete consejeros del Cpccs"},"content":{"rendered":"<p>Sentencia definitiva. La Corte Constitucional decidi\u00f3 hoy destituir a los siete consejeros y consejeras del Consejo de Participaci\u00f3n Ciudadana y Control Social. La raz\u00f3n: Incumplimiento de la medida relativa a la designaci\u00f3n del titular del Consejo de la Judicatura, ordenada en la sentencia N\u00b0 1219-22-EP\/22, por parte los consejeros.<\/p>\n<p>Los consejeros destituidos son: Hern\u00e1n Stalin Ulloa Ord\u00f3\u00f1ez, Mar\u00eda Fernanda Rivadeneira Cuzco, Sof\u00eda Yvette Almeida Fuentes, Francisco Lorenzo Bravo Mac\u00edas, Juan Javier D\u00e1valos Ben\u00edtez, Graciela Ibeth Estupi\u00f1\u00e1n G\u00f3mez y David Alejandro Rosero Minda.<\/p>\n<p>La Corte decidi\u00f3 que hasta que el \u00f3rgano competente nombre a uno de los candidatos o candidata de la cuarta terna para que presida el Consejo de la Judicatura, \u00c1lvaro Rom\u00e1n M\u00e1rquez asumir\u00e1 la presidencia temporal del Consejo de la Judicatura en su calidad de suplente por la ausencia del presidente titular del Organismo.<\/p>\n<p>Cabe recordar que esta decisi\u00f3n es definitiva, en virtud del art\u00edculo 440 de la Constituci\u00f3n de la Rep\u00fablica y no puede ser impugnada a trav\u00e9s de garant\u00edas jurisdiccionales u otro mecanismo de justicia ordinaria, bajo prevenciones de incumplimiento de decisiones de autoridad competente. jtr<\/p>\n","protected":false},"excerpt":{"rendered":"<p>Sentencia definitiva. La Corte Constitucional decidi\u00f3 hoy destituir a los siete consejeros y consejeras del Consejo de Participaci\u00f3n Ciudadana y Control Social. La raz\u00f3n: Incumplimiento de la medida relativa a la designaci\u00f3n del titular del Consejo de la Judicatura, ordenada en la sentencia N\u00b0 1219-22-EP\/22, por parte los consejeros. Los consejeros destituidos son: Hern\u00e1n Stalin Ulloa Ord\u00f3\u00f1ez, Mar\u00eda Fernanda Rivadeneira Cuzco, Sof\u00eda Yvette Almeida Fuentes, Francisco Lorenzo Bravo Mac\u00edas, Juan Javier D\u00e1valos Ben\u00edtez, Graciela Ibeth Estupi\u00f1\u00e1n G\u00f3mez y David Alejandro Rosero Minda. La Corte decidi\u00f3 que hasta que el \u00f3rgano competente nombre a uno de los candidatos o candidata de la cuarta terna para que presida el Consejo de la Judicatura, \u00c1lvaro Rom\u00e1n M\u00e1rquez asumir\u00e1 la presidencia temporal del Consejo de la Judicatura en su calidad de suplente por la ausencia del presidente titular del Organismo. Cabe recordar que esta decisi\u00f3n es definitiva, en virtud del art\u00edculo 440 de la Constituci\u00f3n de la Rep\u00fablica y no puede ser impugnada a trav\u00e9s de garant\u00edas jurisdiccionales u otro mecanismo de justicia ordinaria, bajo prevenciones de incumplimiento de decisiones de autoridad competente. jtr<\/p>\n","protected":false},"author":1,"featured_media":7998,"comment_status":"open","ping_status":"open","sticky":false,"template":"","format":"standard","meta":{"footnotes":""},"categories":[268],"tags":[],"class_list":["post-7997","post","type-post","status-publish","format-standard","has-post-thumbnail","hentry","category-nacionales"],"_links":{"self":[{"href":"https:\/\/www.elamazonico.com\/portal\/wp-json\/wp\/v2\/posts\/7997","targetHints":{"allow":["GET"]}}],"collection":[{"href":"https:\/\/www.elamazonico.com\/portal\/wp-json\/wp\/v2\/posts"}],"about":[{"href":"https:\/\/www.elamazonico.com\/portal\/wp-json\/wp\/v2\/types\/post"}],"author":[{"embeddable":true,"href":"https:\/\/www.elamazonico.com\/portal\/wp-json\/wp\/v2\/users\/1"}],"replies":[{"embeddable":true,"href":"https:\/\/www.elamazonico.com\/portal\/wp-json\/wp\/v2\/comments?post=7997"}],"version-history":[{"count":1,"href":"https:\/\/www.elamazonico.com\/portal\/wp-json\/wp\/v2\/posts\/7997\/revisions"}],"predecessor-version":[{"id":7999,"href":"https:\/\/www.elamazonico.com\/portal\/wp-json\/wp\/v2\/posts\/7997\/revisions\/7999"}],"wp:featuredmedia":[{"embeddable":true,"href":"https:\/\/www.elamazonico.com\/portal\/wp-json\/wp\/v2\/media\/7998"}],"wp:attachment":[{"href":"https:\/\/www.elamazonico.com\/portal\/wp-json\/wp\/v2\/media?parent=7997"}],"wp:term":[{"taxonomy":"category","embeddable":true,"href":"https:\/\/www.elamazonico.com\/portal\/wp-json\/wp\/v2\/categories?post=7997"},{"taxonomy":"post_tag","embeddable":true,"href":"https:\/\/www.elamazonico.com\/portal\/wp-json\/wp\/v2\/tags?post=7997"}],"curies":[{"name":"wp","href":"https:\/\/api.w.org\/{rel}","templated":true}]}}