{"id":7955,"date":"2023-01-22T19:46:36","date_gmt":"2023-01-23T00:46:36","guid":{"rendered":"https:\/\/www.elamazonico.com\/portal\/?p=7955"},"modified":"2023-01-22T19:46:36","modified_gmt":"2023-01-23T00:46:36","slug":"el-dia-que-bellas-artes-abrio-sus-puertas-al-striptease-la-marihuana-y-el-rock","status":"publish","type":"post","link":"https:\/\/www.elamazonico.com\/portal\/el-dia-que-bellas-artes-abrio-sus-puertas-al-striptease-la-marihuana-y-el-rock\/","title":{"rendered":"El d\u00eda que Bellas Artes abri\u00f3 sus puertas al \u2018striptease\u2019, la marihuana y el rock"},"content":{"rendered":"<p class=\"\">Cuentan los que estuvieron all\u00ed, que el Palacio de Bellas Artes qued\u00f3 envuelto \u201cen una fumarola con olor combinado de mota e incienso\u201d la tarde del 4 de diciembre de 1971. Ese d\u00eda, como hab\u00eda sido anunciado en los peri\u00f3dicos, uno de los recintos culturales m\u00e1s solemnes de M\u00e9xico abri\u00f3 sus puertas a un \u201cespect\u00e1culo pop\u201d de m\u00e1s de dos horas que llen\u00f3 butacas. El show inclu\u00eda la actuaci\u00f3n de bailarinas, de poetas, de luchadores, de faquires y de rockeros. Fue un s\u00e1bado, a las cinco de la tarde, en Bellas Artes. El lunes siguiente, sin embargo, el director del Instituto Nacional de Bellas Artes present\u00f3 su renuncia y el evento desapareci\u00f3 de los archivos oficiales, seg\u00fan cuenta el escritor Federico Rubli en su nuevo libro,\u00a0<i>Prometeo 71\u00a0<\/i>(Trilce, 2023). El periodista se hace una pregunta desde hace varios a\u00f1os: \u00bfc\u00f3mo pudo ocurrir el evento, en primer lugar?<\/p>\n<p class=\"\">Rubli, que tiene 68 a\u00f1os y en diciembre de 1971 ten\u00eda 17, no estuvo en Bellas Artes la tarde en la que se present\u00f3\u00a0<i>Prometeo Espect\u00e1culo Pop<\/i>. Aunque ha dedicado su vida a escribir sobre rock y en esa \u00e9poca era reportero del semanario\u00a0<i>M\u00e9xico Canta,<\/i>\u00a0no supo nada del evento hasta 2017, cuando el m\u00fasico y representante Armando Molina le envi\u00f3 un correo electr\u00f3nico con un recorte de peri\u00f3dico. Rubli estaba incr\u00e9dulo y respondi\u00f3: \u201cLa verdad no me encaja esto con la represi\u00f3n y la censura contra el rock que se desat\u00f3 despu\u00e9s de Av\u00e1ndaro\u201d. En septiembre, se hab\u00eda celebrado a pocos kil\u00f3metros de Ciudad de M\u00e9xico<a href=\"https:\/\/elpais.com\/mexico\/2021-09-11\/avandaro-12-horas-que-marcaron-la-cima-y-la-caida-del-rock-mexicano.html\" data-link-track-dtm=\"\">\u00a0el festival de rock de Av\u00e1ndaro<\/a>, un Woodstock a la mexicana que marc\u00f3 la cima y la ca\u00edda del rock en el pa\u00eds. El evento escandaliz\u00f3 al Gobierno y a la prensa y el g\u00e9nero desapareci\u00f3 de las radios y de los conciertos durante una d\u00e9cada.<\/p>\n<p class=\"\">C\u00f3mo era posible, entonces, que las autoridades hubieran autorizado un evento \u201ctan adelantado, vanguardista y contestatario\u201d, se pregunt\u00f3 Rubli. C\u00f3mo era posible, sobre todo, que el Gobierno\u00a0<a href=\"https:\/\/elpais.com\/mexico\/2022-07-09\/luis-echeverria-el-presidente-de-mexico-que-murio-impune.html\" data-link-track-dtm=\"\">del priista Luis Echevarr\u00eda<\/a>\u00a0lo permitiera si en el cartel aparec\u00edan dos grupos que hab\u00edan tocado en Av\u00e1ndaro, Peace &amp; Love y los Dug Dug\u2019s. El periodista empez\u00f3 una investigaci\u00f3n de cuatro a\u00f1os para \u201crescatar un evento que estaba enterrado\u201d, dijo esta semana en la presentaci\u00f3n de libro en una cafeter\u00eda de la colonia Roma de Ciudad de M\u00e9xico. Rubli entrevist\u00f3 a casi una veintena de personas cuyo recuerdos, a veces, se volv\u00edan imprecisos. Una de las primeras llamadas fue al pintor Arnaldo Coen, quien junto a sus hermanos Am\u00edlcar y Aristides y junto al productor Roberto Mosqueira, organiz\u00f3 el evento.<\/p>\n<p class=\"\">Coen le cont\u00f3 a Rubli que la autorizaci\u00f3n para hacer la presentaci\u00f3n surgi\u00f3 como \u201cuna oportunidad fortuita, inesperada y casual\u201d: \u201cNos encontramos con el director de Bellas Artes en una fiesta. Empezamos a platicarle del espect\u00e1culo y dijo: \u2018\u00bfPor qu\u00e9 no lo ponemos en Bellas Artes? Nos ofreci\u00f3 la taquilla y no nos pod\u00eda ofrecer nada m\u00e1s\u201d. El pintor, de 82 a\u00f1os, que en 2014 gan\u00f3 el Premio Nacional de Ciencias y Artes, vest\u00eda este martes zapatillas negras, un pantal\u00f3n holgado color gris y dos camisetas debajo del chaleco. Est\u00e1 calvo desde hace a\u00f1os, pero conserva la barba despeinada que ten\u00eda de joven. Durante la presentaci\u00f3n, estuvo sentado con el bast\u00f3n en una mano y record\u00f3 aquella tarde \u201capote\u00f3sica\u201d: \u201cEra fascinante el entusiasmo para entrar a Bellas Artes\u201d.<\/p>\n<p class=\"\"><i>Prometeo Espect\u00e1culo Pop<\/i>, en realidad, se hab\u00eda presentado por primera vez meses antes en el Centro Deportivo Israelita, en la periferia de Ciudad de M\u00e9xico. Para exponerlo en Bellas Artes solo hubo que hacer algunos ajustes porque el espacio era m\u00e1s grande. El espect\u00e1culo hab\u00eda sido el resultado de varios experimentos que ven\u00edan ensayando diferentes artistas que por aquellos a\u00f1os coincid\u00edan en la Zona Rosa de la capital. Coen record\u00f3 as\u00ed el ambiente en una entrevista para el libro: \u201cHab\u00eda una pluralidad realmente extraordinaria de las personas que nos reun\u00edamos. En fin, era una cotidianeidad. Si quer\u00edas encontrarte con alguien te ibas a la Zona Rosa a alguno de los caf\u00e9s, ibas a las galer\u00edas y ah\u00ed nos reun\u00edamos artistas de todo tipo de disciplinas\u201d.<\/p>\n<p class=\"\">El d\u00eda de la presentaci\u00f3n en Bellas Artes, los que no hab\u00edan conseguido entradas en plateas y palcos o no hab\u00edan podido pagarlas \u201cse trepaban como moscas\u201d, record\u00f3 Coen. Afuera del recinto, cerca de 2.000 personas se hab\u00edan quedado sin entrar. El espect\u00e1culo empezaba con un personaje recitando sobre el escenario el comienzo de\u00a0<i>Prometeo encadenado<\/i>, la tragedia griega basada en el mito del tit\u00e1n que desafi\u00f3 a los dioses y sufri\u00f3 un castigo perpetuo. El relato era interrumpido por otro personaje que desde el p\u00fablico saltaba y acribillaba al hombre que recitaba. \u201cEmpezaba un ruidajal tremendo. Esa m\u00fasica estridente iba llevando a una m\u00fasica zen y unas bailarinas, que estaban mimetizadas con la escenograf\u00eda, empezaban a salir\u201d, relat\u00f3 Coen.<\/p>\n<p class=\"\">Durante el show, aparec\u00edan tambi\u00e9n en escena faquires, tragafuegos y domadores de serpientes, luchadores, poetas declamando versos, m\u00e1s bailarinas que se desnudaban al ritmo del blues y tres de las bandas de rock m\u00e1s importantes del momento: Peace &amp; Love, los Dug Dug\u2019s y Javier B\u00e1tiz, el m\u00fasico estelar del evento. Rubli cree que una de las razones por las que fue posible su actuaci\u00f3n fue porque \u201cel rock estaba escondido en el cartel\u201d y \u201cpas\u00f3 desapercibido\u201d para las autoridades. Felipe Maldonado, que tocaba los teclados en Peace &amp; Love, le dijo a Rubli: \u201cCreo que nunca m\u00e1s en la historia del Palacio se volvi\u00f3 a escenificar rock ah\u00ed\u201d. El \u00fanico antecedente que hab\u00eda era de los a\u00f1os sesenta, cuando actuaron Los locos del ritmo. Al final, apareci\u00f3 el dramaturgo Juan Jos\u00e9 Gurrola para hacer el mon\u00f3logo de cierre y entonces cay\u00f3 el tel\u00f3n.<\/p>\n<p class=\"\">El libro de Rubli est\u00e1 repleto de im\u00e1genes que dan una idea de lo que fue aquello. Hojas del cuaderno de Arnaldo Coen con los primeros bocetos; recortes de peri\u00f3dico que anunciaban una \u201cactividad de vanguardia\u201d; fotograf\u00edas de una bailarina desnuda con el cuerpo pintado con c\u00edrculos rosas, verdes y rojos, o una instant\u00e1nea de Armando Nava, l\u00edder de los Dug Dug\u2019s, vestido de frac sobre el escenario. \u201cFue nuestra forma de romper con este paradigma de la cultura oficial en Bellas Artes. No lo hicimos con esa intenci\u00f3n, as\u00ed se dio\u201d, cont\u00f3 este martes Roberto Mosqueira, que fue el productor del espect\u00e1culo y que hoy tiene 74 a\u00f1os. Se hizo, asegur\u00f3, sin ninguna pretensi\u00f3n: \u201cNunca vimos la importancia hacia un futuro y menos hacia un presente. Est\u00e1bamos ah\u00ed, quer\u00edamos hacer algo, lo hicimos y eso bast\u00f3\u201d.<\/p>\n<p class=\"\">Al d\u00eda siguiente, el domingo, el peri\u00f3dico\u00a0<i>Exc\u00e9lsior\u00a0<\/i>public\u00f3 una cr\u00f3nica sobre el espect\u00e1culo y el lunes, Miguel Bueno, que era director del Instituto Nacional de Bellas Artes desde hac\u00eda un a\u00f1o, present\u00f3 su renuncia. Rubli ofrece algunas hip\u00f3tesis en el libro sobre por qu\u00e9 Bueno autoriz\u00f3 el espect\u00e1culo. Sus ideas surgen de entrevistas que dio Bueno antes de morir en 2000: \u201cPara ese momento, su relaci\u00f3n con las autoridades era muy mala y percib\u00eda que su salida del Instituto estaba cercana. Pudo haber pensado que ya no le importaba mucho correr el riesgo de hacer algo innovador y revolucionario. Con esto, pod\u00eda mandar una se\u00f1al de independencia (&#8230;) Por otro lado, era una manera de demostrarle al secretario [de Educaci\u00f3n P\u00fablica, V\u00edctor Bravo Ah\u00faja] que, aun sin presupuesto, pod\u00eda organizar un espect\u00e1culo impactante\u201d.<\/p>\n<p class=\"\">Rubli intent\u00f3, mediante solicitudes a trav\u00e9s de la Ley de Transparencia, indagar en los registros que quedaron de aquel d\u00eda en el INBA. Pero no obtuvo la informaci\u00f3n que buscaba. \u201cOficial y formalmente no existe ninguna referencia en los archivos del instituto (&#8230;) Prometeo no existi\u00f3\u201d, escribe el autor en el libro. Solo encontr\u00f3 referencias en algunas publicaciones, pero esos documentos no tienen car\u00e1cter \u201coficial y formal\u201d. \u201cDespu\u00e9s de que las autoridades calificaran el espect\u00e1culo como un acto bochornoso, inmoral e indigno que nunca debi\u00f3 llegar al foro de Bellas Artes era de esperarse que quisieran borrar toda huella de lo sucedido\u201d, sostiene el escritor.<\/p>\n<p>Los organizadores de\u00a0<i>Prometeo Espect\u00e1culo Pop\u00a0<\/i>se quedaron sin el dinero de las taquillas y perdieron toda la producci\u00f3n que hab\u00edan preparado para el show. \u201cBueno nos qued\u00f3 a deber, pero hay que agradecerle\u201d, dijo Coen este martes. Despu\u00e9s explic\u00f3: \u201cFue un acto espont\u00e1neo que naci\u00f3 del coraz\u00f3n y las v\u00edsceras, de un esfuerzo que hicimos, pero que al mismo tiempo fue divertid\u00edsimo. Recuerdo habernos comprado camisas de charro con los escudos [de M\u00e9xico], ir a comprar las v\u00edrgenes de Guadalupe con lentejuelas\u2026 Creo que esa espontaneidad es important\u00edsima para creatividad y sobre todo para la libertad. La libertad es el escudo que podemos traer los que queremos dedicarnos al arte\u201d. <strong>Fuente: El Pa\u00eds<\/strong><\/p>\n","protected":false},"excerpt":{"rendered":"<p>Cuentan los que estuvieron all\u00ed, que el Palacio de Bellas Artes qued\u00f3 envuelto \u201cen una fumarola con olor combinado de mota e incienso\u201d la tarde del 4 de diciembre de 1971. Ese d\u00eda, como hab\u00eda sido anunciado en los peri\u00f3dicos, uno de los recintos culturales m\u00e1s solemnes de M\u00e9xico abri\u00f3 sus puertas a un \u201cespect\u00e1culo pop\u201d de m\u00e1s de dos horas que llen\u00f3 butacas. El show inclu\u00eda la actuaci\u00f3n de bailarinas, de poetas, de luchadores, de faquires y de rockeros. Fue un s\u00e1bado, a las cinco de la tarde, en Bellas Artes. El lunes siguiente, sin embargo, el director del Instituto Nacional de Bellas Artes present\u00f3 su renuncia y el evento desapareci\u00f3 de los archivos oficiales, seg\u00fan cuenta el escritor Federico Rubli en su nuevo libro,\u00a0Prometeo 71\u00a0(Trilce, 2023). El periodista se hace una pregunta desde hace varios a\u00f1os: \u00bfc\u00f3mo pudo ocurrir el evento, en primer lugar? Rubli, que tiene 68 a\u00f1os y en diciembre de 1971 ten\u00eda 17, no estuvo en Bellas Artes la tarde en la que se present\u00f3\u00a0Prometeo Espect\u00e1culo Pop. Aunque ha dedicado su vida a escribir sobre rock y en esa \u00e9poca era reportero del semanario\u00a0M\u00e9xico Canta,\u00a0no supo nada del evento hasta 2017, cuando el m\u00fasico y representante Armando Molina le envi\u00f3 un correo electr\u00f3nico con un recorte de peri\u00f3dico. Rubli estaba incr\u00e9dulo y respondi\u00f3: \u201cLa verdad no me encaja esto con la represi\u00f3n y la censura contra el rock que se desat\u00f3 despu\u00e9s de Av\u00e1ndaro\u201d. En septiembre, se hab\u00eda celebrado a pocos kil\u00f3metros de Ciudad de M\u00e9xico\u00a0el festival de rock de Av\u00e1ndaro, un Woodstock a la mexicana que marc\u00f3 la cima y la ca\u00edda del rock en el pa\u00eds. El evento escandaliz\u00f3 al Gobierno y a la prensa y el g\u00e9nero desapareci\u00f3 de las radios y de los conciertos durante una d\u00e9cada. C\u00f3mo era posible, entonces, que las autoridades hubieran autorizado un evento \u201ctan adelantado, vanguardista y contestatario\u201d, se pregunt\u00f3 Rubli. C\u00f3mo era posible, sobre todo, que el Gobierno\u00a0del priista Luis Echevarr\u00eda\u00a0lo permitiera si en el cartel aparec\u00edan dos grupos que hab\u00edan tocado en Av\u00e1ndaro, Peace &amp; Love y los Dug Dug\u2019s. El periodista empez\u00f3 una investigaci\u00f3n de cuatro a\u00f1os para \u201crescatar un evento que estaba enterrado\u201d, dijo esta semana en la presentaci\u00f3n de libro en una cafeter\u00eda de la colonia Roma de Ciudad de M\u00e9xico. Rubli entrevist\u00f3 a casi una veintena de personas cuyo recuerdos, a veces, se volv\u00edan imprecisos. Una de las primeras llamadas fue al pintor Arnaldo Coen, quien junto a sus hermanos Am\u00edlcar y Aristides y junto al productor Roberto Mosqueira, organiz\u00f3 el evento. Coen le cont\u00f3 a Rubli que la autorizaci\u00f3n para hacer la presentaci\u00f3n surgi\u00f3 como \u201cuna oportunidad fortuita, inesperada y casual\u201d: \u201cNos encontramos con el director de Bellas Artes en una fiesta. Empezamos a platicarle del espect\u00e1culo y dijo: \u2018\u00bfPor qu\u00e9 no lo ponemos en Bellas Artes? Nos ofreci\u00f3 la taquilla y no nos pod\u00eda ofrecer nada m\u00e1s\u201d. El pintor, de 82 a\u00f1os, que en 2014 gan\u00f3 el Premio Nacional de Ciencias y Artes, vest\u00eda este martes zapatillas negras, un pantal\u00f3n holgado color gris y dos camisetas debajo del chaleco. Est\u00e1 calvo desde hace a\u00f1os, pero conserva la barba despeinada que ten\u00eda de joven. Durante la presentaci\u00f3n, estuvo sentado con el bast\u00f3n en una mano y record\u00f3 aquella tarde \u201capote\u00f3sica\u201d: \u201cEra fascinante el entusiasmo para entrar a Bellas Artes\u201d. Prometeo Espect\u00e1culo Pop, en realidad, se hab\u00eda presentado por primera vez meses antes en el Centro Deportivo Israelita, en la periferia de Ciudad de M\u00e9xico. Para exponerlo en Bellas Artes solo hubo que hacer algunos ajustes porque el espacio era m\u00e1s grande. El espect\u00e1culo hab\u00eda sido el resultado de varios experimentos que ven\u00edan ensayando diferentes artistas que por aquellos a\u00f1os coincid\u00edan en la Zona Rosa de la capital. Coen record\u00f3 as\u00ed el ambiente en una entrevista para el libro: \u201cHab\u00eda una pluralidad realmente extraordinaria de las personas que nos reun\u00edamos. En fin, era una cotidianeidad. Si quer\u00edas encontrarte con alguien te ibas a la Zona Rosa a alguno de los caf\u00e9s, ibas a las galer\u00edas y ah\u00ed nos reun\u00edamos artistas de todo tipo de disciplinas\u201d. El d\u00eda de la presentaci\u00f3n en Bellas Artes, los que no hab\u00edan conseguido entradas en plateas y palcos o no hab\u00edan podido pagarlas \u201cse trepaban como moscas\u201d, record\u00f3 Coen. Afuera del recinto, cerca de 2.000 personas se hab\u00edan quedado sin entrar. El espect\u00e1culo empezaba con un personaje recitando sobre el escenario el comienzo de\u00a0Prometeo encadenado, la tragedia griega basada en el mito del tit\u00e1n que desafi\u00f3 a los dioses y sufri\u00f3 un castigo perpetuo. El relato era interrumpido por otro personaje que desde el p\u00fablico saltaba y acribillaba al hombre que recitaba. \u201cEmpezaba un ruidajal tremendo. Esa m\u00fasica estridente iba llevando a una m\u00fasica zen y unas bailarinas, que estaban mimetizadas con la escenograf\u00eda, empezaban a salir\u201d, relat\u00f3 Coen. Durante el show, aparec\u00edan tambi\u00e9n en escena faquires, tragafuegos y domadores de serpientes, luchadores, poetas declamando versos, m\u00e1s bailarinas que se desnudaban al ritmo del blues y tres de las bandas de rock m\u00e1s importantes del momento: Peace &amp; Love, los Dug Dug\u2019s y Javier B\u00e1tiz, el m\u00fasico estelar del evento. Rubli cree que una de las razones por las que fue posible su actuaci\u00f3n fue porque \u201cel rock estaba escondido en el cartel\u201d y \u201cpas\u00f3 desapercibido\u201d para las autoridades. Felipe Maldonado, que tocaba los teclados en Peace &amp; Love, le dijo a Rubli: \u201cCreo que nunca m\u00e1s en la historia del Palacio se volvi\u00f3 a escenificar rock ah\u00ed\u201d. El \u00fanico antecedente que hab\u00eda era de los a\u00f1os sesenta, cuando actuaron Los locos del ritmo. Al final, apareci\u00f3 el dramaturgo Juan Jos\u00e9 Gurrola para hacer el mon\u00f3logo de cierre y entonces cay\u00f3 el tel\u00f3n. El libro de Rubli est\u00e1 repleto de im\u00e1genes que dan una idea de lo que fue aquello. Hojas del cuaderno de Arnaldo Coen con los primeros bocetos; recortes de peri\u00f3dico que anunciaban una \u201cactividad de vanguardia\u201d; fotograf\u00edas de una bailarina desnuda con el cuerpo pintado con c\u00edrculos rosas, verdes y rojos, o una instant\u00e1nea de Armando Nava, l\u00edder de los Dug<\/p>\n","protected":false},"author":1,"featured_media":7956,"comment_status":"open","ping_status":"open","sticky":false,"template":"","format":"standard","meta":{"footnotes":""},"categories":[290],"tags":[],"class_list":["post-7955","post","type-post","status-publish","format-standard","has-post-thumbnail","hentry","category-cultura"],"_links":{"self":[{"href":"https:\/\/www.elamazonico.com\/portal\/wp-json\/wp\/v2\/posts\/7955","targetHints":{"allow":["GET"]}}],"collection":[{"href":"https:\/\/www.elamazonico.com\/portal\/wp-json\/wp\/v2\/posts"}],"about":[{"href":"https:\/\/www.elamazonico.com\/portal\/wp-json\/wp\/v2\/types\/post"}],"author":[{"embeddable":true,"href":"https:\/\/www.elamazonico.com\/portal\/wp-json\/wp\/v2\/users\/1"}],"replies":[{"embeddable":true,"href":"https:\/\/www.elamazonico.com\/portal\/wp-json\/wp\/v2\/comments?post=7955"}],"version-history":[{"count":1,"href":"https:\/\/www.elamazonico.com\/portal\/wp-json\/wp\/v2\/posts\/7955\/revisions"}],"predecessor-version":[{"id":7957,"href":"https:\/\/www.elamazonico.com\/portal\/wp-json\/wp\/v2\/posts\/7955\/revisions\/7957"}],"wp:featuredmedia":[{"embeddable":true,"href":"https:\/\/www.elamazonico.com\/portal\/wp-json\/wp\/v2\/media\/7956"}],"wp:attachment":[{"href":"https:\/\/www.elamazonico.com\/portal\/wp-json\/wp\/v2\/media?parent=7955"}],"wp:term":[{"taxonomy":"category","embeddable":true,"href":"https:\/\/www.elamazonico.com\/portal\/wp-json\/wp\/v2\/categories?post=7955"},{"taxonomy":"post_tag","embeddable":true,"href":"https:\/\/www.elamazonico.com\/portal\/wp-json\/wp\/v2\/tags?post=7955"}],"curies":[{"name":"wp","href":"https:\/\/api.w.org\/{rel}","templated":true}]}}