{"id":7943,"date":"2023-01-22T14:50:56","date_gmt":"2023-01-22T19:50:56","guid":{"rendered":"https:\/\/www.elamazonico.com\/portal\/?p=7943"},"modified":"2023-01-22T14:50:56","modified_gmt":"2023-01-22T19:50:56","slug":"lorena-collantes-vuelve-a-ser-jueza-consejo-de-la-judicatura-debe-pedir-disculpas-publicas","status":"publish","type":"post","link":"https:\/\/www.elamazonico.com\/portal\/lorena-collantes-vuelve-a-ser-jueza-consejo-de-la-judicatura-debe-pedir-disculpas-publicas\/","title":{"rendered":"Lorena Collantes vuelve a ser jueza; Consejo de la Judicatura debe pedir disculpas p\u00fablicas"},"content":{"rendered":"<p><strong>Lorena Collantes Loor<\/strong>\u00a0volver\u00e1 a ser jueza tras un\u00a0<strong>fallo judicial\u00a0<\/strong>a su favor en el que tambi\u00e9n se establece que el\u00a0<strong>Consejo de la<\/strong>\u00a0<strong>Judicatura\u00a0<\/strong>deber\u00e1 pedir\u00a0<strong>disculpas<\/strong>\u00a0<strong>p\u00fablicas\u00a0<\/strong>a la magistrada.<\/p>\n<p>A finales de 2016 se hicieron virales en las redes sociales una serie de videos donde se pod\u00eda ver a\u00a0<strong>Collantes\u00a0<\/strong>aparentemente insultando a agentes de\u00a0<strong>polic\u00eda\u00a0<\/strong>en el interior de una patrulla.<\/p>\n<p>En uno de esos videos a la\u00a0<strong>jueza\u00a0<\/strong>Collantes se le escucho decir a uno de los agentes \u201c\u00bfquieres probar mi poder?\u201d.<\/p>\n<p>Tras estos videos, la\u00a0<strong>Fiscal\u00eda\u00a0<\/strong>formul\u00f3 cargos en contra de\u00a0<strong>Collantes\u00a0<\/strong>y en 2018 un\u00a0<strong>Tribunal\u00a0<\/strong>le sentencio a seis meses de prisi\u00f3n por el delito de\u00a0<strong>ataque\u00a0<\/strong>o\u00a0<strong>resistencia<\/strong>, estipulado en el art\u00edculo 283 del C\u00f3digo Org\u00e1nico Integral Penal (<strong>COIP<\/strong>).<\/p>\n<p>Una\u00a0<strong>Sala Penal\u00a0<\/strong>de\u00a0<strong>Guayas\u00a0<\/strong>ratific\u00f3 el estado de\u00a0<strong>inocencia\u00a0<\/strong>de\u00a0<strong>Collantes\u00a0<\/strong>en 2020.<\/p>\n<p>En 2016, el\u00a0<strong>Consejo\u00a0<\/strong>de la\u00a0<strong>Judicatura\u00a0<\/strong>se\u00f1al\u00f3 que, seg\u00fan el parte policial,\u00a0<strong>Collantes\u00a0<\/strong>se atribuy\u00f3 el cargo de\u00a0<strong>jueza\u00a0<\/strong>al momento de su detenci\u00f3n.\u00a0 Sin embargo, en noviembre de ese a\u00f1o, la magistrada ya no pertenec\u00eda a la\u00a0<strong>Funci\u00f3n Judicial<\/strong>.<\/p>\n<p><strong>Collantes<\/strong>\u00a0se desempe\u00f1\u00f3 como\u00a0<strong>Jueza\u00a0<\/strong>de Familia, Mujer, Ni\u00f1ez y Adolescencia de Guayaquil hasta el 28 de octubre de 2016. Pero se abri\u00f3 un\u00a0<strong>expediente disciplinario\u00a0<\/strong>que termin\u00f3 en su destituci\u00f3n.<\/p>\n<p>El 26 de octubre de 2022,\u00a0<strong>Collantes\u00a0<\/strong>interpuso una acci\u00f3n de protecci\u00f3n en contra del\u00a0<strong>Consejo\u00a0<\/strong>de la\u00a0<strong>Judicatura\u00a0<\/strong>y\u00a0<strong>Procuradur\u00eda\u00a0<\/strong>del\u00a0<strong>Estado<\/strong>.<\/p>\n<h2 id=\"h-violacion-al-derecho-a-la-defensa\">&#8216;Violaci\u00f3n al derecho a la defensa&#8217;<\/h2>\n<p>En la sentencia emitida 11 de enero de 2023, se establece que hay una \u201cevidente violaci\u00f3n al\u00a0<strong>derecho<\/strong>\u00a0a la\u00a0<strong>defensa\u00a0<\/strong>y el debido proceso contemplado en el art\u00edculo 78 de la\u00a0<strong>Constituci\u00f3n<\/strong>\u00ab.<\/p>\n<p>Por esta raz\u00f3n se dispuso el\u00a0<strong>reintegro\u00a0<\/strong>de\u00a0<strong>Lorena Collantes\u00a0<\/strong>\u201ca las funciones que ven\u00eda desempe\u00f1ando como jueza de la Unidad Judicial Florida Norte de Familia, Mujer, Ni\u00f1ez y Adolescencia de Guayaquil u otro cargo similar como\u00a0<strong>jueza de Primera<\/strong>\u00a0<strong>Instancia<\/strong>\u201d.<\/p>\n<p>Tambi\u00e9n se establece que se proceda con el pago de las remuneraciones con sus\u00a0<strong>respectivos<\/strong>\u00a0<strong>intereses\u00a0<\/strong>y dem\u00e1s beneficios de ley a partir del momento de su destituci\u00f3n hasta cuando se haga efectivo su reintegro.<\/p>\n<p>En la\u00a0<strong>sentencia\u00a0<\/strong>tambi\u00e9n est\u00e1 establecido que el Consejo de la Judicatura debe pedir\u00a0<strong>disculpas p\u00fablicas<\/strong> a trav\u00e9s de medios de comunicaci\u00f3n, p\u00e1gina web institucional de la entidad y \u201cen la proporcionalidad que esta judicatura le corresponde por la improcedente destituci\u00f3n que se ejecut\u00f3\u201d en contra de Collantes. <strong>Fuente: El Comercio<\/strong><\/p>\n","protected":false},"excerpt":{"rendered":"<p>Lorena Collantes Loor\u00a0volver\u00e1 a ser jueza tras un\u00a0fallo judicial\u00a0a su favor en el que tambi\u00e9n se establece que el\u00a0Consejo de la\u00a0Judicatura\u00a0deber\u00e1 pedir\u00a0disculpas\u00a0p\u00fablicas\u00a0a la magistrada. A finales de 2016 se hicieron virales en las redes sociales una serie de videos donde se pod\u00eda ver a\u00a0Collantes\u00a0aparentemente insultando a agentes de\u00a0polic\u00eda\u00a0en el interior de una patrulla. En uno de esos videos a la\u00a0jueza\u00a0Collantes se le escucho decir a uno de los agentes \u201c\u00bfquieres probar mi poder?\u201d. Tras estos videos, la\u00a0Fiscal\u00eda\u00a0formul\u00f3 cargos en contra de\u00a0Collantes\u00a0y en 2018 un\u00a0Tribunal\u00a0le sentencio a seis meses de prisi\u00f3n por el delito de\u00a0ataque\u00a0o\u00a0resistencia, estipulado en el art\u00edculo 283 del C\u00f3digo Org\u00e1nico Integral Penal (COIP). Una\u00a0Sala Penal\u00a0de\u00a0Guayas\u00a0ratific\u00f3 el estado de\u00a0inocencia\u00a0de\u00a0Collantes\u00a0en 2020. En 2016, el\u00a0Consejo\u00a0de la\u00a0Judicatura\u00a0se\u00f1al\u00f3 que, seg\u00fan el parte policial,\u00a0Collantes\u00a0se atribuy\u00f3 el cargo de\u00a0jueza\u00a0al momento de su detenci\u00f3n.\u00a0 Sin embargo, en noviembre de ese a\u00f1o, la magistrada ya no pertenec\u00eda a la\u00a0Funci\u00f3n Judicial. Collantes\u00a0se desempe\u00f1\u00f3 como\u00a0Jueza\u00a0de Familia, Mujer, Ni\u00f1ez y Adolescencia de Guayaquil hasta el 28 de octubre de 2016. Pero se abri\u00f3 un\u00a0expediente disciplinario\u00a0que termin\u00f3 en su destituci\u00f3n. El 26 de octubre de 2022,\u00a0Collantes\u00a0interpuso una acci\u00f3n de protecci\u00f3n en contra del\u00a0Consejo\u00a0de la\u00a0Judicatura\u00a0y\u00a0Procuradur\u00eda\u00a0del\u00a0Estado. &#8216;Violaci\u00f3n al derecho a la defensa&#8217; En la sentencia emitida 11 de enero de 2023, se establece que hay una \u201cevidente violaci\u00f3n al\u00a0derecho\u00a0a la\u00a0defensa\u00a0y el debido proceso contemplado en el art\u00edculo 78 de la\u00a0Constituci\u00f3n\u00ab. Por esta raz\u00f3n se dispuso el\u00a0reintegro\u00a0de\u00a0Lorena Collantes\u00a0\u201ca las funciones que ven\u00eda desempe\u00f1ando como jueza de la Unidad Judicial Florida Norte de Familia, Mujer, Ni\u00f1ez y Adolescencia de Guayaquil u otro cargo similar como\u00a0jueza de Primera\u00a0Instancia\u201d. Tambi\u00e9n se establece que se proceda con el pago de las remuneraciones con sus\u00a0respectivos\u00a0intereses\u00a0y dem\u00e1s beneficios de ley a partir del momento de su destituci\u00f3n hasta cuando se haga efectivo su reintegro. En la\u00a0sentencia\u00a0tambi\u00e9n est\u00e1 establecido que el Consejo de la Judicatura debe pedir\u00a0disculpas p\u00fablicas a trav\u00e9s de medios de comunicaci\u00f3n, p\u00e1gina web institucional de la entidad y \u201cen la proporcionalidad que esta judicatura le corresponde por la improcedente destituci\u00f3n que se ejecut\u00f3\u201d en contra de Collantes. Fuente: El Comercio<\/p>\n","protected":false},"author":1,"featured_media":7944,"comment_status":"open","ping_status":"open","sticky":false,"template":"","format":"standard","meta":{"footnotes":""},"categories":[268],"tags":[],"class_list":["post-7943","post","type-post","status-publish","format-standard","has-post-thumbnail","hentry","category-nacionales"],"_links":{"self":[{"href":"https:\/\/www.elamazonico.com\/portal\/wp-json\/wp\/v2\/posts\/7943","targetHints":{"allow":["GET"]}}],"collection":[{"href":"https:\/\/www.elamazonico.com\/portal\/wp-json\/wp\/v2\/posts"}],"about":[{"href":"https:\/\/www.elamazonico.com\/portal\/wp-json\/wp\/v2\/types\/post"}],"author":[{"embeddable":true,"href":"https:\/\/www.elamazonico.com\/portal\/wp-json\/wp\/v2\/users\/1"}],"replies":[{"embeddable":true,"href":"https:\/\/www.elamazonico.com\/portal\/wp-json\/wp\/v2\/comments?post=7943"}],"version-history":[{"count":1,"href":"https:\/\/www.elamazonico.com\/portal\/wp-json\/wp\/v2\/posts\/7943\/revisions"}],"predecessor-version":[{"id":7945,"href":"https:\/\/www.elamazonico.com\/portal\/wp-json\/wp\/v2\/posts\/7943\/revisions\/7945"}],"wp:featuredmedia":[{"embeddable":true,"href":"https:\/\/www.elamazonico.com\/portal\/wp-json\/wp\/v2\/media\/7944"}],"wp:attachment":[{"href":"https:\/\/www.elamazonico.com\/portal\/wp-json\/wp\/v2\/media?parent=7943"}],"wp:term":[{"taxonomy":"category","embeddable":true,"href":"https:\/\/www.elamazonico.com\/portal\/wp-json\/wp\/v2\/categories?post=7943"},{"taxonomy":"post_tag","embeddable":true,"href":"https:\/\/www.elamazonico.com\/portal\/wp-json\/wp\/v2\/tags?post=7943"}],"curies":[{"name":"wp","href":"https:\/\/api.w.org\/{rel}","templated":true}]}}