{"id":7939,"date":"2023-01-22T14:37:29","date_gmt":"2023-01-22T19:37:29","guid":{"rendered":"https:\/\/www.elamazonico.com\/portal\/?p=7939"},"modified":"2023-01-22T14:38:04","modified_gmt":"2023-01-22T19:38:04","slug":"capturan-al-presunto-autor-intelectual-del-asesinato-de-julio-cesar-farachio-efe","status":"publish","type":"post","link":"https:\/\/www.elamazonico.com\/portal\/capturan-al-presunto-autor-intelectual-del-asesinato-de-julio-cesar-farachio-efe\/","title":{"rendered":"Capturan al presunto autor intelectual del asesinato de Julio C\u00e9sar Farachio EFE"},"content":{"rendered":"<p class=\"p_0\">El ministro ecuatoriano del Interior,\u00a0<b>Juan Zapata<\/b>, inform\u00f3 este domingo de la detenci\u00f3n del\u00a0<b>presunto autor intelectual<\/b>\u00a0del asesinato de\u00a0<a href=\"https:\/\/www.vistazo.com\/actualidad\/nacional\/julio-cesar-farachio-candidato-a-la-alcaldia-de-salinas-fue-asesinado-este-fue-el-ultimo-mensaje-que-publico-en-sus-redes-sociales-CB4267307\" target=\"_blank\" rel=\"nofollow noopener noreferrer\">Julio C\u00e9sar Farachio<\/a>, candidato a la Alcald\u00eda de Salinas.<\/p>\n<p class=\"p_1\">\u00abEl gran trabajo de DINASED logr\u00f3 capturar al presunto autor intelectual de la muerte de un candidato a la Alcald\u00eda de Salinas\u00bb, se\u00f1al\u00f3 Zapata en su cuenta de Twitter, sin m\u00e1s detalles.<\/p>\n<blockquote class=\"twitter-tweet\" data-width=\"550\" data-dnt=\"true\">\n<p lang=\"es\" dir=\"ltr\">Lo hemos dicho en varias ocasiones, y lo ratificamos tenemos una <a href=\"https:\/\/twitter.com\/PoliciaEcuador?ref_src=twsrc%5Etfw\">@PoliciaEcuador<\/a> t\u00e9cnica y profesional. <br \/>El gran trabajo de <a href=\"https:\/\/twitter.com\/hashtag\/DINASED?src=hash&amp;ref_src=twsrc%5Etfw\">#DINASED<\/a> logr\u00f3 capturar al presunto autor intelectual de la muerte de un candidato a la Alcald\u00eda de <a href=\"https:\/\/twitter.com\/hashtag\/Salinas?src=hash&amp;ref_src=twsrc%5Etfw\">#Salinas<\/a>. <a href=\"https:\/\/twitter.com\/hashtag\/SinTreguaAlCrimen?src=hash&amp;ref_src=twsrc%5Etfw\">#SinTreguaAlCrimen<\/a><a href=\"https:\/\/twitter.com\/hashtag\/M%C3%A1sFuertesQueNunca?src=hash&amp;ref_src=twsrc%5Etfw\">#M\u00e1sFuertesQueNunca<\/a> <a href=\"https:\/\/t.co\/42EOLIoFQh\">pic.twitter.com\/42EOLIoFQh<\/a><\/p>\n<p>&mdash; Juan Zapata (@CapiZapataEC) <a href=\"https:\/\/twitter.com\/CapiZapataEC\/status\/1617139338432634880?ref_src=twsrc%5Etfw\">January 22, 2023<\/a><\/p><\/blockquote>\n<p><script async src=\"https:\/\/platform.twitter.com\/widgets.js\" charset=\"utf-8\"><\/script><\/p>\n<p class=\"p_2\">El crimen ocurri\u00f3 mientras Farachio desarrollaba actividades pol\u00edticas en plena zona c\u00e9ntrica de la parroquia\u00a0<b>Jos\u00e9 Luis Tamayo<\/b>, en el cant\u00f3n Salinas.<\/p>\n<p class=\"p_3\">En videos que circularon en redes sociales se observa que varias personas, quienes lo acompa\u00f1aban durante el recorrido, colocaron banderas para tapar el rostro de Farachio.<\/p>\n<p class=\"p_4\">Seg\u00fan informaci\u00f3n preliminar,\u00a0<b>dos sujetos a bordo de una motocicleta se acercaron a la v\u00edctima y le propinaron varios disparos<\/b>\u00a0para, segundos despu\u00e9s, huir de la escena.<\/p>\n<p class=\"p_5\">Los victimarios habr\u00edan abandonado el veh\u00edculo en ese sitio para luego\u00a0<b>huir en un taxi<\/b>, indic\u00f3 el teniente coronel Carlos Mancheno.<\/p>\n<p class=\"p_6\">\u00abExpresamos nuestro sentimiento de pesar ante el fallecimiento del abogado Julio C\u00e9sar Farachio Drouet, candidato a la alcald\u00eda del cant\u00f3n Salinas por la alianza 2-3-35. \u00a1Que en paz descanse!\u00bb, se\u00f1al\u00f3 el\u00a0<b>Consejo Nacional Electoral<\/b>\u00a0de la provincia de Santa Elena, adonde pertenece Salinas.<\/p>\n<p class=\"p_7\">Y expres\u00f3 sus condolencias a los familiares, amigos y allegados de Farachio ante el \u00abhecho violento que le arrebat\u00f3 la vida\u00bb. <strong>Fuente: Vistazo<\/strong><\/p>\n","protected":false},"excerpt":{"rendered":"<p>El ministro ecuatoriano del Interior,\u00a0Juan Zapata, inform\u00f3 este domingo de la detenci\u00f3n del\u00a0presunto autor intelectual\u00a0del asesinato de\u00a0Julio C\u00e9sar Farachio, candidato a la Alcald\u00eda de Salinas. \u00abEl gran trabajo de DINASED logr\u00f3 capturar al presunto autor intelectual de la muerte de un candidato a la Alcald\u00eda de Salinas\u00bb, se\u00f1al\u00f3 Zapata en su cuenta de Twitter, sin m\u00e1s detalles. Lo hemos dicho en varias ocasiones, y lo ratificamos tenemos una @PoliciaEcuador t\u00e9cnica y profesional. El gran trabajo de #DINASED logr\u00f3 capturar al presunto autor intelectual de la muerte de un candidato a la Alcald\u00eda de #Salinas. #SinTreguaAlCrimen#M\u00e1sFuertesQueNunca pic.twitter.com\/42EOLIoFQh &mdash; Juan Zapata (@CapiZapataEC) January 22, 2023 El crimen ocurri\u00f3 mientras Farachio desarrollaba actividades pol\u00edticas en plena zona c\u00e9ntrica de la parroquia\u00a0Jos\u00e9 Luis Tamayo, en el cant\u00f3n Salinas. En videos que circularon en redes sociales se observa que varias personas, quienes lo acompa\u00f1aban durante el recorrido, colocaron banderas para tapar el rostro de Farachio. Seg\u00fan informaci\u00f3n preliminar,\u00a0dos sujetos a bordo de una motocicleta se acercaron a la v\u00edctima y le propinaron varios disparos\u00a0para, segundos despu\u00e9s, huir de la escena. Los victimarios habr\u00edan abandonado el veh\u00edculo en ese sitio para luego\u00a0huir en un taxi, indic\u00f3 el teniente coronel Carlos Mancheno. \u00abExpresamos nuestro sentimiento de pesar ante el fallecimiento del abogado Julio C\u00e9sar Farachio Drouet, candidato a la alcald\u00eda del cant\u00f3n Salinas por la alianza 2-3-35. \u00a1Que en paz descanse!\u00bb, se\u00f1al\u00f3 el\u00a0Consejo Nacional Electoral\u00a0de la provincia de Santa Elena, adonde pertenece Salinas. Y expres\u00f3 sus condolencias a los familiares, amigos y allegados de Farachio ante el \u00abhecho violento que le arrebat\u00f3 la vida\u00bb. Fuente: Vistazo<\/p>\n","protected":false},"author":1,"featured_media":7940,"comment_status":"open","ping_status":"open","sticky":false,"template":"","format":"standard","meta":{"footnotes":""},"categories":[268],"tags":[],"class_list":["post-7939","post","type-post","status-publish","format-standard","has-post-thumbnail","hentry","category-nacionales"],"_links":{"self":[{"href":"https:\/\/www.elamazonico.com\/portal\/wp-json\/wp\/v2\/posts\/7939","targetHints":{"allow":["GET"]}}],"collection":[{"href":"https:\/\/www.elamazonico.com\/portal\/wp-json\/wp\/v2\/posts"}],"about":[{"href":"https:\/\/www.elamazonico.com\/portal\/wp-json\/wp\/v2\/types\/post"}],"author":[{"embeddable":true,"href":"https:\/\/www.elamazonico.com\/portal\/wp-json\/wp\/v2\/users\/1"}],"replies":[{"embeddable":true,"href":"https:\/\/www.elamazonico.com\/portal\/wp-json\/wp\/v2\/comments?post=7939"}],"version-history":[{"count":2,"href":"https:\/\/www.elamazonico.com\/portal\/wp-json\/wp\/v2\/posts\/7939\/revisions"}],"predecessor-version":[{"id":7942,"href":"https:\/\/www.elamazonico.com\/portal\/wp-json\/wp\/v2\/posts\/7939\/revisions\/7942"}],"wp:featuredmedia":[{"embeddable":true,"href":"https:\/\/www.elamazonico.com\/portal\/wp-json\/wp\/v2\/media\/7940"}],"wp:attachment":[{"href":"https:\/\/www.elamazonico.com\/portal\/wp-json\/wp\/v2\/media?parent=7939"}],"wp:term":[{"taxonomy":"category","embeddable":true,"href":"https:\/\/www.elamazonico.com\/portal\/wp-json\/wp\/v2\/categories?post=7939"},{"taxonomy":"post_tag","embeddable":true,"href":"https:\/\/www.elamazonico.com\/portal\/wp-json\/wp\/v2\/tags?post=7939"}],"curies":[{"name":"wp","href":"https:\/\/api.w.org\/{rel}","templated":true}]}}