{"id":7915,"date":"2023-01-20T15:38:45","date_gmt":"2023-01-20T20:38:45","guid":{"rendered":"https:\/\/www.elamazonico.com\/portal\/?p=7915"},"modified":"2023-01-20T15:38:45","modified_gmt":"2023-01-20T20:38:45","slug":"fiscalia-nombra-caso-encuentro-a-investigacion-por-supuesta-corrupcion-en-empresas-publicas","status":"publish","type":"post","link":"https:\/\/www.elamazonico.com\/portal\/fiscalia-nombra-caso-encuentro-a-investigacion-por-supuesta-corrupcion-en-empresas-publicas\/","title":{"rendered":"Fiscal\u00eda nombra caso Encuentro a investigaci\u00f3n por supuesta corrupci\u00f3n en empresas p\u00fablicas"},"content":{"rendered":"<p>La Fiscal\u00eda General del Estado denomin\u00f3 caso Encuentro a las investigaciones sobre supuestas irregularidades en los contratos de empresas p\u00fablicas del sector el\u00e9ctrico. Este viernes 20 de enero de 2023 anunci\u00f3 el nombre de la causa, al informar sobre ocho allanamientos en Quito y Guayaquil como parte de esas indagaciones.<\/p>\n<p>\u00abEncuentro\u00bb es el slogan que utiliza Guillermo Lasso en su Presidencia. El R\u00e9gimen se denomina: \u00abEl Gobierno del encuentro\u00bb. Iv\u00e1n Correa, secretario de la Administraci\u00f3n P\u00fablica fue consultado sobre la particularidad de llamar de esta forma al caso, en el cual est\u00e1n investigadas exfuncionarios p\u00fablicos de alto nivel. Adem\u00e1s, en unos audios se menciona al cu\u00f1ado del Presidente, Danilo Carrera.<\/p>\n<p>Durante una reuni\u00f3n con los medios en Carondelet, Correa dijo: \u201cNo es importante la definici\u00f3n del nombre. Lo importante es que se esclarezcan los hechos. Se encuentre a los responsables y que la justicia act\u00fae\u201d.<\/p>\n<p>El Secretario dio las declaraciones en el marco de una intervenci\u00f3n del Gobierno, desde la sede del Ejecutivo, donde tambi\u00e9n hablaron los ministros de Gobierno y del Interior, Francisco Jim\u00e9nez y Juan Zapata, respectivamente.<\/p>\n<p>Los ministros se pronunciaron luego de que la Fiscal\u00eda informara que en la madrugada de este viernes agentes fiscales y polic\u00edas realizaron ocho allanamientos a domicilios en Quito y Guayaquil.<\/p>\n<p>\u201cLa Polic\u00eda Nacional ha actuado y actuar\u00e1, como el d\u00eda de hoy, en los allanamientos realizados en Guayaquil, Samborond\u00f3n y en Quito. Tenemos que cumplir disposiciones legalmente establecidas\u201d, manifest\u00f3 Zapata.<\/p>\n<p>El Comercio pidi\u00f3 un pronunciamientos a la Secretar\u00eda de Comunicaci\u00f3n de la Presidencia sobre la denominaci\u00f3n que la Fiscal\u00eda hace sobre este caso, pero hasta las 14:36 de este viernes no emit\u00edan una respuesta.<\/p>\n<p>La Fiscal\u00eda inform\u00f3 esta ma\u00f1ana que los allanamientos se hicieron a los domicilios de las personas investigadas por una presunta trama de corrupci\u00f3n en empresas p\u00fablicas. Pero no revel\u00f3 los nombres de esas personas.<\/p>\n<p>Sobre si alguna propiedad de Carrera fue allanada, el ministro Francisco Jim\u00e9nez respondi\u00f3: \u201cNo, no se encuentra incluido en esos allanamientos\u201d.<\/p>\n<p>Tampoco se puede dar detalles sobre las personas cuyos domicilios fueron allanados, seg\u00fan Jim\u00e9nez, porque es informaci\u00f3n reservada y de exclusiva competencia de la Fiscal\u00eda. Esta instituci\u00f3n no ha respondido a las consultas de la prensa.<\/p>\n<p>Lo que s\u00ed detall\u00f3 Zapata es que como producto de los allanamientos se incautaron: 17 celulares, dos tablets, dos discos duros externos, 14 USB, dos computadoras port\u00e1tiles, una CPU, USD 800, varios documentos asociados y una caja de municiones. <strong>El Comercio<\/strong><\/p>\n","protected":false},"excerpt":{"rendered":"<p>La Fiscal\u00eda General del Estado denomin\u00f3 caso Encuentro a las investigaciones sobre supuestas irregularidades en los contratos de empresas p\u00fablicas del sector el\u00e9ctrico. Este viernes 20 de enero de 2023 anunci\u00f3 el nombre de la causa, al informar sobre ocho allanamientos en Quito y Guayaquil como parte de esas indagaciones. \u00abEncuentro\u00bb es el slogan que utiliza Guillermo Lasso en su Presidencia. El R\u00e9gimen se denomina: \u00abEl Gobierno del encuentro\u00bb. Iv\u00e1n Correa, secretario de la Administraci\u00f3n P\u00fablica fue consultado sobre la particularidad de llamar de esta forma al caso, en el cual est\u00e1n investigadas exfuncionarios p\u00fablicos de alto nivel. Adem\u00e1s, en unos audios se menciona al cu\u00f1ado del Presidente, Danilo Carrera. Durante una reuni\u00f3n con los medios en Carondelet, Correa dijo: \u201cNo es importante la definici\u00f3n del nombre. Lo importante es que se esclarezcan los hechos. Se encuentre a los responsables y que la justicia act\u00fae\u201d. El Secretario dio las declaraciones en el marco de una intervenci\u00f3n del Gobierno, desde la sede del Ejecutivo, donde tambi\u00e9n hablaron los ministros de Gobierno y del Interior, Francisco Jim\u00e9nez y Juan Zapata, respectivamente. Los ministros se pronunciaron luego de que la Fiscal\u00eda informara que en la madrugada de este viernes agentes fiscales y polic\u00edas realizaron ocho allanamientos a domicilios en Quito y Guayaquil. \u201cLa Polic\u00eda Nacional ha actuado y actuar\u00e1, como el d\u00eda de hoy, en los allanamientos realizados en Guayaquil, Samborond\u00f3n y en Quito. Tenemos que cumplir disposiciones legalmente establecidas\u201d, manifest\u00f3 Zapata. El Comercio pidi\u00f3 un pronunciamientos a la Secretar\u00eda de Comunicaci\u00f3n de la Presidencia sobre la denominaci\u00f3n que la Fiscal\u00eda hace sobre este caso, pero hasta las 14:36 de este viernes no emit\u00edan una respuesta. La Fiscal\u00eda inform\u00f3 esta ma\u00f1ana que los allanamientos se hicieron a los domicilios de las personas investigadas por una presunta trama de corrupci\u00f3n en empresas p\u00fablicas. Pero no revel\u00f3 los nombres de esas personas. Sobre si alguna propiedad de Carrera fue allanada, el ministro Francisco Jim\u00e9nez respondi\u00f3: \u201cNo, no se encuentra incluido en esos allanamientos\u201d. Tampoco se puede dar detalles sobre las personas cuyos domicilios fueron allanados, seg\u00fan Jim\u00e9nez, porque es informaci\u00f3n reservada y de exclusiva competencia de la Fiscal\u00eda. Esta instituci\u00f3n no ha respondido a las consultas de la prensa. Lo que s\u00ed detall\u00f3 Zapata es que como producto de los allanamientos se incautaron: 17 celulares, dos tablets, dos discos duros externos, 14 USB, dos computadoras port\u00e1tiles, una CPU, USD 800, varios documentos asociados y una caja de municiones. El Comercio<\/p>\n","protected":false},"author":1,"featured_media":7916,"comment_status":"open","ping_status":"open","sticky":false,"template":"","format":"standard","meta":{"footnotes":""},"categories":[268],"tags":[],"class_list":["post-7915","post","type-post","status-publish","format-standard","has-post-thumbnail","hentry","category-nacionales"],"_links":{"self":[{"href":"https:\/\/www.elamazonico.com\/portal\/wp-json\/wp\/v2\/posts\/7915","targetHints":{"allow":["GET"]}}],"collection":[{"href":"https:\/\/www.elamazonico.com\/portal\/wp-json\/wp\/v2\/posts"}],"about":[{"href":"https:\/\/www.elamazonico.com\/portal\/wp-json\/wp\/v2\/types\/post"}],"author":[{"embeddable":true,"href":"https:\/\/www.elamazonico.com\/portal\/wp-json\/wp\/v2\/users\/1"}],"replies":[{"embeddable":true,"href":"https:\/\/www.elamazonico.com\/portal\/wp-json\/wp\/v2\/comments?post=7915"}],"version-history":[{"count":1,"href":"https:\/\/www.elamazonico.com\/portal\/wp-json\/wp\/v2\/posts\/7915\/revisions"}],"predecessor-version":[{"id":7917,"href":"https:\/\/www.elamazonico.com\/portal\/wp-json\/wp\/v2\/posts\/7915\/revisions\/7917"}],"wp:featuredmedia":[{"embeddable":true,"href":"https:\/\/www.elamazonico.com\/portal\/wp-json\/wp\/v2\/media\/7916"}],"wp:attachment":[{"href":"https:\/\/www.elamazonico.com\/portal\/wp-json\/wp\/v2\/media?parent=7915"}],"wp:term":[{"taxonomy":"category","embeddable":true,"href":"https:\/\/www.elamazonico.com\/portal\/wp-json\/wp\/v2\/categories?post=7915"},{"taxonomy":"post_tag","embeddable":true,"href":"https:\/\/www.elamazonico.com\/portal\/wp-json\/wp\/v2\/tags?post=7915"}],"curies":[{"name":"wp","href":"https:\/\/api.w.org\/{rel}","templated":true}]}}