{"id":7912,"date":"2023-01-20T15:36:28","date_gmt":"2023-01-20T20:36:28","guid":{"rendered":"https:\/\/www.elamazonico.com\/portal\/?p=7912"},"modified":"2023-01-20T15:36:57","modified_gmt":"2023-01-20T20:36:57","slug":"multiples-allanamientos-por-el-caso-el-gran-padrino","status":"publish","type":"post","link":"https:\/\/www.elamazonico.com\/portal\/multiples-allanamientos-por-el-caso-el-gran-padrino\/","title":{"rendered":"M\u00faltiples allanamientos por el caso &#8216;El Gran Padrino&#8217;"},"content":{"rendered":"<p>Once d\u00edas despu\u00e9s de la denuncia. La Fiscal\u00eda lider\u00f3 esta madrugada un operativo en la que se ejecutaron ocho allanamientos simult\u00e1neos en Guayaquil y uno en Quito a los domicilios de las personas investigadas por una presunta trama de corrupci\u00f3n en empresas p\u00fablicas.<\/p>\n<p>En la diligencia se levantaron varias evidencias, como documentos, dispositivos de almacenamiento, tel\u00e9fonos celulares, computadores, joyas, entre otros, elementos que ser\u00e1n periciados y valorados durante el desarrollo de la investigaci\u00f3n, seg\u00fan un segundo tuit publicado en la cuenta de la Fiscal\u00eda.<\/p>\n<p>Mientras tanto Andersson Bosc\u00e1n, periodista de La Posta, quien denunci\u00f3 una estructura delincuencial alrededor de las empresas p\u00fablicas, especialmente del sector el\u00e9ctrico, a la que llam\u00f3 \u00abEl Gran Padrino\u00bb, se hace eco del operativo y dice que los allanamientos se dieron en contra de funcionarios y personajes de la trama.<\/p>\n<p>Seg\u00fan el periodista Fabrico Vela dice que \u00abno lo llama El Gran Padrino\u00bb, sino \u00abCaso Encuentro\u00bb. No revela detalles sobre propiedades allanadas ni personas investigadas. jtr <strong>Por Ecuadorenvivo<\/strong><\/p>\n","protected":false},"excerpt":{"rendered":"<p>Once d\u00edas despu\u00e9s de la denuncia. La Fiscal\u00eda lider\u00f3 esta madrugada un operativo en la que se ejecutaron ocho allanamientos simult\u00e1neos en Guayaquil y uno en Quito a los domicilios de las personas investigadas por una presunta trama de corrupci\u00f3n en empresas p\u00fablicas. En la diligencia se levantaron varias evidencias, como documentos, dispositivos de almacenamiento, tel\u00e9fonos celulares, computadores, joyas, entre otros, elementos que ser\u00e1n periciados y valorados durante el desarrollo de la investigaci\u00f3n, seg\u00fan un segundo tuit publicado en la cuenta de la Fiscal\u00eda. Mientras tanto Andersson Bosc\u00e1n, periodista de La Posta, quien denunci\u00f3 una estructura delincuencial alrededor de las empresas p\u00fablicas, especialmente del sector el\u00e9ctrico, a la que llam\u00f3 \u00abEl Gran Padrino\u00bb, se hace eco del operativo y dice que los allanamientos se dieron en contra de funcionarios y personajes de la trama. Seg\u00fan el periodista Fabrico Vela dice que \u00abno lo llama El Gran Padrino\u00bb, sino \u00abCaso Encuentro\u00bb. No revela detalles sobre propiedades allanadas ni personas investigadas. jtr Por Ecuadorenvivo<\/p>\n","protected":false},"author":1,"featured_media":7913,"comment_status":"open","ping_status":"open","sticky":false,"template":"","format":"standard","meta":{"footnotes":""},"categories":[268],"tags":[],"class_list":["post-7912","post","type-post","status-publish","format-standard","has-post-thumbnail","hentry","category-nacionales"],"_links":{"self":[{"href":"https:\/\/www.elamazonico.com\/portal\/wp-json\/wp\/v2\/posts\/7912","targetHints":{"allow":["GET"]}}],"collection":[{"href":"https:\/\/www.elamazonico.com\/portal\/wp-json\/wp\/v2\/posts"}],"about":[{"href":"https:\/\/www.elamazonico.com\/portal\/wp-json\/wp\/v2\/types\/post"}],"author":[{"embeddable":true,"href":"https:\/\/www.elamazonico.com\/portal\/wp-json\/wp\/v2\/users\/1"}],"replies":[{"embeddable":true,"href":"https:\/\/www.elamazonico.com\/portal\/wp-json\/wp\/v2\/comments?post=7912"}],"version-history":[{"count":1,"href":"https:\/\/www.elamazonico.com\/portal\/wp-json\/wp\/v2\/posts\/7912\/revisions"}],"predecessor-version":[{"id":7914,"href":"https:\/\/www.elamazonico.com\/portal\/wp-json\/wp\/v2\/posts\/7912\/revisions\/7914"}],"wp:featuredmedia":[{"embeddable":true,"href":"https:\/\/www.elamazonico.com\/portal\/wp-json\/wp\/v2\/media\/7913"}],"wp:attachment":[{"href":"https:\/\/www.elamazonico.com\/portal\/wp-json\/wp\/v2\/media?parent=7912"}],"wp:term":[{"taxonomy":"category","embeddable":true,"href":"https:\/\/www.elamazonico.com\/portal\/wp-json\/wp\/v2\/categories?post=7912"},{"taxonomy":"post_tag","embeddable":true,"href":"https:\/\/www.elamazonico.com\/portal\/wp-json\/wp\/v2\/tags?post=7912"}],"curies":[{"name":"wp","href":"https:\/\/api.w.org\/{rel}","templated":true}]}}