{"id":7896,"date":"2023-01-19T14:47:37","date_gmt":"2023-01-19T19:47:37","guid":{"rendered":"https:\/\/www.elamazonico.com\/portal\/?p=7896"},"modified":"2023-01-19T14:47:37","modified_gmt":"2023-01-19T19:47:37","slug":"ministro-de-gobierno-asegura-que-no-permitiran-ninguna-trama-de-corrupcion-en-instituciones-publicas","status":"publish","type":"post","link":"https:\/\/www.elamazonico.com\/portal\/ministro-de-gobierno-asegura-que-no-permitiran-ninguna-trama-de-corrupcion-en-instituciones-publicas\/","title":{"rendered":"Ministro de Gobierno asegura que no permitir\u00e1n ninguna trama de corrupci\u00f3n en instituciones p\u00fablicas"},"content":{"rendered":"<p>El ministro de Gobierno, Francisco Jim\u00e9nez, afirm\u00f3 que \u201cel Gobierno no permitir\u00e1 que se d\u00e9 ninguna trama de corrupci\u00f3n en ninguna instituci\u00f3n p\u00fablica\u201d. Lo dijo en entrevista para radio Platinium en donde se refiri\u00f3 a las acusaciones realizadas por un medio digital.<\/p>\n<p>\u201cFacilitaremos las investigaciones y tomaremos las decisiones para que los hechos se esclarezcan\u201d, a\u00f1adi\u00f3 el funcionario en torno a las diligencias que encabeza la Fiscal\u00eda General del Estado por estas denuncias.<\/p>\n<p>\u201cNos hemos involucrado directamente en la facilitaci\u00f3n de la investigaci\u00f3n, porque nuestra \u00fanica guerra es contra la corrupci\u00f3n. De ninguna manera vamos a tapar cualquier hecho de mal uso de fondo p\u00fablicos en las instituciones p\u00fablicas\u201d, enfatiz\u00f3 Jim\u00e9nez.<\/p>\n<p>El secretario de Estado record\u00f3 que este Gobierno suscribi\u00f3 el C\u00f3digo de \u00c9tica desde el primer d\u00eda de su administraci\u00f3n por lo que \u201cel Gobierno no tolerar\u00e1 ning\u00fan comportamiento de corrupci\u00f3n\u201d, subray\u00f3.<\/p>\n<p>Sobre el pedido de renuncia a los gerentes de las empresas p\u00fablicas explic\u00f3 que se dio como una de las acciones del Gobierno contra cualquier acto de corrupci\u00f3n. \u00abQueremos que las autoridades investiguen caiga quien caiga y si hay responsables individuales o grupales respondan por sus actos ante la Ley\u00bb, enfatiz\u00f3 el ministro.<\/p>\n<p>Finalmente, el ministro Jim\u00e9nez asegur\u00f3 que \u201cno existe ninguna trama, ni red de corrupci\u00f3n. Quienes hayan usado los fondos p\u00fablicos deber\u00e1n responder ante la justicia por sus actos\u201d. \u00abVamos a luchar contra la corrupci\u00f3n donde quiera que se encuentre, nosotros actuaremos respetando la Ley, la Constituci\u00f3n\u00bb concluy\u00f3 el ministro de Gobierno. (I)<\/p>\n<p>El Tel\u00e9grafo<\/p>\n","protected":false},"excerpt":{"rendered":"<p>El ministro de Gobierno, Francisco Jim\u00e9nez, afirm\u00f3 que \u201cel Gobierno no permitir\u00e1 que se d\u00e9 ninguna trama de corrupci\u00f3n en ninguna instituci\u00f3n p\u00fablica\u201d. Lo dijo en entrevista para radio Platinium en donde se refiri\u00f3 a las acusaciones realizadas por un medio digital. \u201cFacilitaremos las investigaciones y tomaremos las decisiones para que los hechos se esclarezcan\u201d, a\u00f1adi\u00f3 el funcionario en torno a las diligencias que encabeza la Fiscal\u00eda General del Estado por estas denuncias. \u201cNos hemos involucrado directamente en la facilitaci\u00f3n de la investigaci\u00f3n, porque nuestra \u00fanica guerra es contra la corrupci\u00f3n. De ninguna manera vamos a tapar cualquier hecho de mal uso de fondo p\u00fablicos en las instituciones p\u00fablicas\u201d, enfatiz\u00f3 Jim\u00e9nez. El secretario de Estado record\u00f3 que este Gobierno suscribi\u00f3 el C\u00f3digo de \u00c9tica desde el primer d\u00eda de su administraci\u00f3n por lo que \u201cel Gobierno no tolerar\u00e1 ning\u00fan comportamiento de corrupci\u00f3n\u201d, subray\u00f3. Sobre el pedido de renuncia a los gerentes de las empresas p\u00fablicas explic\u00f3 que se dio como una de las acciones del Gobierno contra cualquier acto de corrupci\u00f3n. \u00abQueremos que las autoridades investiguen caiga quien caiga y si hay responsables individuales o grupales respondan por sus actos ante la Ley\u00bb, enfatiz\u00f3 el ministro. Finalmente, el ministro Jim\u00e9nez asegur\u00f3 que \u201cno existe ninguna trama, ni red de corrupci\u00f3n. Quienes hayan usado los fondos p\u00fablicos deber\u00e1n responder ante la justicia por sus actos\u201d. \u00abVamos a luchar contra la corrupci\u00f3n donde quiera que se encuentre, nosotros actuaremos respetando la Ley, la Constituci\u00f3n\u00bb concluy\u00f3 el ministro de Gobierno. (I) El Tel\u00e9grafo<\/p>\n","protected":false},"author":1,"featured_media":7897,"comment_status":"open","ping_status":"open","sticky":false,"template":"","format":"standard","meta":{"footnotes":""},"categories":[268],"tags":[],"class_list":["post-7896","post","type-post","status-publish","format-standard","has-post-thumbnail","hentry","category-nacionales"],"_links":{"self":[{"href":"https:\/\/www.elamazonico.com\/portal\/wp-json\/wp\/v2\/posts\/7896","targetHints":{"allow":["GET"]}}],"collection":[{"href":"https:\/\/www.elamazonico.com\/portal\/wp-json\/wp\/v2\/posts"}],"about":[{"href":"https:\/\/www.elamazonico.com\/portal\/wp-json\/wp\/v2\/types\/post"}],"author":[{"embeddable":true,"href":"https:\/\/www.elamazonico.com\/portal\/wp-json\/wp\/v2\/users\/1"}],"replies":[{"embeddable":true,"href":"https:\/\/www.elamazonico.com\/portal\/wp-json\/wp\/v2\/comments?post=7896"}],"version-history":[{"count":1,"href":"https:\/\/www.elamazonico.com\/portal\/wp-json\/wp\/v2\/posts\/7896\/revisions"}],"predecessor-version":[{"id":7898,"href":"https:\/\/www.elamazonico.com\/portal\/wp-json\/wp\/v2\/posts\/7896\/revisions\/7898"}],"wp:featuredmedia":[{"embeddable":true,"href":"https:\/\/www.elamazonico.com\/portal\/wp-json\/wp\/v2\/media\/7897"}],"wp:attachment":[{"href":"https:\/\/www.elamazonico.com\/portal\/wp-json\/wp\/v2\/media?parent=7896"}],"wp:term":[{"taxonomy":"category","embeddable":true,"href":"https:\/\/www.elamazonico.com\/portal\/wp-json\/wp\/v2\/categories?post=7896"},{"taxonomy":"post_tag","embeddable":true,"href":"https:\/\/www.elamazonico.com\/portal\/wp-json\/wp\/v2\/tags?post=7896"}],"curies":[{"name":"wp","href":"https:\/\/api.w.org\/{rel}","templated":true}]}}