{"id":7893,"date":"2023-01-19T12:52:06","date_gmt":"2023-01-19T17:52:06","guid":{"rendered":"https:\/\/www.elamazonico.com\/portal\/?p=7893"},"modified":"2023-01-19T12:52:06","modified_gmt":"2023-01-19T17:52:06","slug":"joselyn-s-fue-dada-de-baja-de-la-escuela-superior-de-la-policia","status":"publish","type":"post","link":"https:\/\/www.elamazonico.com\/portal\/joselyn-s-fue-dada-de-baja-de-la-escuela-superior-de-la-policia\/","title":{"rendered":"Joselyn S. fue dada de baja de la Escuela Superior de la Polic\u00eda"},"content":{"rendered":"<p>Joselyn S., cadete que estuvo involucrada en el proceso legal por el asesinato de Mar\u00eda Bel\u00e9n Bernal, fue dada de baja de la Escuela Superior de la Polic\u00eda, seg\u00fan confirm\u00f3 la entidad a diario La Hora.<\/p>\n<p>Irany Ram\u00edrez, directora de la Escuela Superior de Polic\u00eda, dijo al mencionado medio de comunicaci\u00f3n que \u201cJosselyn S. al momento no es aspirante directivo de la Escuela Superior de Polic\u00eda. Ella fue notificada a trav\u00e9s de su abogado que ha sido dada de baja por el eje acad\u00e9mico seg\u00fan el informe acad\u00e9mico de la Universidad Central (UCE)\u201d.<\/p>\n<p>El reporte indica que S\u00e1nchez reprob\u00f3 el cuarto semestre de la carrera policial que la entidad mantiene con la UCE por su ausencia provocada por la detenci\u00f3n preventiva ordenada por su implicaci\u00f3n en la investigaci\u00f3n del caso.<\/p>\n<p>El reglamento de la UCE determina solo tres causales por las que los estudiantes pueden ausentarse de sus estudios y son embarazo, calamidad dom\u00e9stica o enfermedad grave.<\/p>\n<p>Joselyn S. fue sobrese\u00edda en el caso de Mar\u00eda Bel\u00e9n Bernal y recuper\u00f3 su libertad en la ma\u00f1ana del 18 de enero de 2023. Adem\u00e1s, la joven tiene prohibici\u00f3n de salida del pa\u00eds.<\/p>\n","protected":false},"excerpt":{"rendered":"<p>Joselyn S., cadete que estuvo involucrada en el proceso legal por el asesinato de Mar\u00eda Bel\u00e9n Bernal, fue dada de baja de la Escuela Superior de la Polic\u00eda, seg\u00fan confirm\u00f3 la entidad a diario La Hora. Irany Ram\u00edrez, directora de la Escuela Superior de Polic\u00eda, dijo al mencionado medio de comunicaci\u00f3n que \u201cJosselyn S. al momento no es aspirante directivo de la Escuela Superior de Polic\u00eda. Ella fue notificada a trav\u00e9s de su abogado que ha sido dada de baja por el eje acad\u00e9mico seg\u00fan el informe acad\u00e9mico de la Universidad Central (UCE)\u201d. El reporte indica que S\u00e1nchez reprob\u00f3 el cuarto semestre de la carrera policial que la entidad mantiene con la UCE por su ausencia provocada por la detenci\u00f3n preventiva ordenada por su implicaci\u00f3n en la investigaci\u00f3n del caso. El reglamento de la UCE determina solo tres causales por las que los estudiantes pueden ausentarse de sus estudios y son embarazo, calamidad dom\u00e9stica o enfermedad grave. Joselyn S. fue sobrese\u00edda en el caso de Mar\u00eda Bel\u00e9n Bernal y recuper\u00f3 su libertad en la ma\u00f1ana del 18 de enero de 2023. Adem\u00e1s, la joven tiene prohibici\u00f3n de salida del pa\u00eds.<\/p>\n","protected":false},"author":1,"featured_media":7894,"comment_status":"open","ping_status":"open","sticky":false,"template":"","format":"standard","meta":{"footnotes":""},"categories":[268],"tags":[],"class_list":["post-7893","post","type-post","status-publish","format-standard","has-post-thumbnail","hentry","category-nacionales"],"_links":{"self":[{"href":"https:\/\/www.elamazonico.com\/portal\/wp-json\/wp\/v2\/posts\/7893","targetHints":{"allow":["GET"]}}],"collection":[{"href":"https:\/\/www.elamazonico.com\/portal\/wp-json\/wp\/v2\/posts"}],"about":[{"href":"https:\/\/www.elamazonico.com\/portal\/wp-json\/wp\/v2\/types\/post"}],"author":[{"embeddable":true,"href":"https:\/\/www.elamazonico.com\/portal\/wp-json\/wp\/v2\/users\/1"}],"replies":[{"embeddable":true,"href":"https:\/\/www.elamazonico.com\/portal\/wp-json\/wp\/v2\/comments?post=7893"}],"version-history":[{"count":1,"href":"https:\/\/www.elamazonico.com\/portal\/wp-json\/wp\/v2\/posts\/7893\/revisions"}],"predecessor-version":[{"id":7895,"href":"https:\/\/www.elamazonico.com\/portal\/wp-json\/wp\/v2\/posts\/7893\/revisions\/7895"}],"wp:featuredmedia":[{"embeddable":true,"href":"https:\/\/www.elamazonico.com\/portal\/wp-json\/wp\/v2\/media\/7894"}],"wp:attachment":[{"href":"https:\/\/www.elamazonico.com\/portal\/wp-json\/wp\/v2\/media?parent=7893"}],"wp:term":[{"taxonomy":"category","embeddable":true,"href":"https:\/\/www.elamazonico.com\/portal\/wp-json\/wp\/v2\/categories?post=7893"},{"taxonomy":"post_tag","embeddable":true,"href":"https:\/\/www.elamazonico.com\/portal\/wp-json\/wp\/v2\/tags?post=7893"}],"curies":[{"name":"wp","href":"https:\/\/api.w.org\/{rel}","templated":true}]}}