{"id":7867,"date":"2023-01-18T12:41:49","date_gmt":"2023-01-18T17:41:49","guid":{"rendered":"https:\/\/www.elamazonico.com\/portal\/?p=7867"},"modified":"2023-01-18T12:41:49","modified_gmt":"2023-01-18T17:41:49","slug":"se-revoca-la-prision-preventiva-a-joselyn-s-procesada-por-el-caso-maria-belen-bernal","status":"publish","type":"post","link":"https:\/\/www.elamazonico.com\/portal\/se-revoca-la-prision-preventiva-a-joselyn-s-procesada-por-el-caso-maria-belen-bernal\/","title":{"rendered":"Se revoca la prisi\u00f3n preventiva a Joselyn S. procesada por el caso Mar\u00eda Bel\u00e9n Bernal"},"content":{"rendered":"<p>Ante el pedido de la\u00a0Fiscal\u00eda General del Estado, el juez de Violencia contra la Mujer revoc\u00f3 la prisi\u00f3n preventiva que pesaba sobre la cadete\u00a0Joselyn S\u00e1nchez, investigada por presunto femicidio de la abogada y esposa de Germ\u00e1n C\u00e1ceres, Mar\u00eda Bel\u00e9n Bernal.\u00a0En su lugar se dispuso la prohibici\u00f3n de salida del pa\u00eds.<\/p>\n<p>La decisi\u00f3n se dio\u00a0la ma\u00f1ana de este mi\u00e9rcoles 18 de enero de 2023 en la audiencia de revocatoria de medidas cautelares, desarrollada en la\u00a0Casa de Justicia de Carcel\u00e9n,\u00a0en el norte de Quito.<\/p>\n<p>Con esto, la joven quedar\u00eda libre en el transcurso del d\u00eda.<\/p>\n<p>Seg\u00fan la defensa de la cadete, se logr\u00f3 determinar que no existe prueba alguna ni biol\u00f3gica que demuestre que particip\u00f3 en el hecho.<\/p>\n<p>Adem\u00e1s, la Fiscal\u00eda argument\u00f3 que en\u00a0el audio solo se escucha a dos personas, Mar\u00eda Bel\u00e9n Bernal y Germ\u00e1n C\u00e1ceres. Esa fue la prueba para que\u00a0la entidad\u00a0pida la audiencia de revocatoria de medidas cautelares, especificamente, la prisi\u00f3n preventiva.<\/p>\n<p>En el caso de Alfonso C., teniente vinculado al presunto femicidio de Bernal, se pidi\u00f3 la revisi\u00f3n de las medidas cautelares. \u00c9l debe presentarse a diario en la Fiscal\u00eda. Sin embargo, el juez rechaz\u00f3 esta medida y se mantiene igual.<\/p>\n<p><strong>Noticia en desarrollo.<\/strong><\/p>\n","protected":false},"excerpt":{"rendered":"<p>Ante el pedido de la\u00a0Fiscal\u00eda General del Estado, el juez de Violencia contra la Mujer revoc\u00f3 la prisi\u00f3n preventiva que pesaba sobre la cadete\u00a0Joselyn S\u00e1nchez, investigada por presunto femicidio de la abogada y esposa de Germ\u00e1n C\u00e1ceres, Mar\u00eda Bel\u00e9n Bernal.\u00a0En su lugar se dispuso la prohibici\u00f3n de salida del pa\u00eds. La decisi\u00f3n se dio\u00a0la ma\u00f1ana de este mi\u00e9rcoles 18 de enero de 2023 en la audiencia de revocatoria de medidas cautelares, desarrollada en la\u00a0Casa de Justicia de Carcel\u00e9n,\u00a0en el norte de Quito. Con esto, la joven quedar\u00eda libre en el transcurso del d\u00eda. Seg\u00fan la defensa de la cadete, se logr\u00f3 determinar que no existe prueba alguna ni biol\u00f3gica que demuestre que particip\u00f3 en el hecho. Adem\u00e1s, la Fiscal\u00eda argument\u00f3 que en\u00a0el audio solo se escucha a dos personas, Mar\u00eda Bel\u00e9n Bernal y Germ\u00e1n C\u00e1ceres. Esa fue la prueba para que\u00a0la entidad\u00a0pida la audiencia de revocatoria de medidas cautelares, especificamente, la prisi\u00f3n preventiva. En el caso de Alfonso C., teniente vinculado al presunto femicidio de Bernal, se pidi\u00f3 la revisi\u00f3n de las medidas cautelares. \u00c9l debe presentarse a diario en la Fiscal\u00eda. Sin embargo, el juez rechaz\u00f3 esta medida y se mantiene igual. Noticia en desarrollo.<\/p>\n","protected":false},"author":1,"featured_media":7868,"comment_status":"open","ping_status":"open","sticky":false,"template":"","format":"standard","meta":{"footnotes":""},"categories":[268],"tags":[],"class_list":["post-7867","post","type-post","status-publish","format-standard","has-post-thumbnail","hentry","category-nacionales"],"_links":{"self":[{"href":"https:\/\/www.elamazonico.com\/portal\/wp-json\/wp\/v2\/posts\/7867","targetHints":{"allow":["GET"]}}],"collection":[{"href":"https:\/\/www.elamazonico.com\/portal\/wp-json\/wp\/v2\/posts"}],"about":[{"href":"https:\/\/www.elamazonico.com\/portal\/wp-json\/wp\/v2\/types\/post"}],"author":[{"embeddable":true,"href":"https:\/\/www.elamazonico.com\/portal\/wp-json\/wp\/v2\/users\/1"}],"replies":[{"embeddable":true,"href":"https:\/\/www.elamazonico.com\/portal\/wp-json\/wp\/v2\/comments?post=7867"}],"version-history":[{"count":1,"href":"https:\/\/www.elamazonico.com\/portal\/wp-json\/wp\/v2\/posts\/7867\/revisions"}],"predecessor-version":[{"id":7869,"href":"https:\/\/www.elamazonico.com\/portal\/wp-json\/wp\/v2\/posts\/7867\/revisions\/7869"}],"wp:featuredmedia":[{"embeddable":true,"href":"https:\/\/www.elamazonico.com\/portal\/wp-json\/wp\/v2\/media\/7868"}],"wp:attachment":[{"href":"https:\/\/www.elamazonico.com\/portal\/wp-json\/wp\/v2\/media?parent=7867"}],"wp:term":[{"taxonomy":"category","embeddable":true,"href":"https:\/\/www.elamazonico.com\/portal\/wp-json\/wp\/v2\/categories?post=7867"},{"taxonomy":"post_tag","embeddable":true,"href":"https:\/\/www.elamazonico.com\/portal\/wp-json\/wp\/v2\/tags?post=7867"}],"curies":[{"name":"wp","href":"https:\/\/api.w.org\/{rel}","templated":true}]}}