{"id":7856,"date":"2023-01-17T16:19:44","date_gmt":"2023-01-17T21:19:44","guid":{"rendered":"https:\/\/www.elamazonico.com\/portal\/?p=7856"},"modified":"2023-01-17T16:19:44","modified_gmt":"2023-01-17T21:19:44","slug":"guillermo-lasso-pidio-la-renuncia-de-los-gerentes-de-todas-las-empresas-publicas","status":"publish","type":"post","link":"https:\/\/www.elamazonico.com\/portal\/guillermo-lasso-pidio-la-renuncia-de-los-gerentes-de-todas-las-empresas-publicas\/","title":{"rendered":"Guillermo Lasso pidi\u00f3 la renuncia de los gerentes de todas las empresas p\u00fablicas"},"content":{"rendered":"<p>La disposici\u00f3n se da tras las denuncias de presuntos actos de corrupci\u00f3n. Adem\u00e1s, el gerente de EMCO solicit\u00f3 a la Contralor\u00eda que inicie un examen especial.<\/p>\n<p class=\"prose-text\">Tras la pol\u00e9mica desencadenada por denuncias de una presunta red de corrupci\u00f3n que operar\u00eda en las empresas p\u00fablicas, el presidente de la Rep\u00fablica, Guillermo Lasso, dispuso que los gerentes de todas las empresas p\u00fablicas renuncien a sus cargos.<\/p>\n<p class=\"prose-text\">La noticia se conoci\u00f3 la tarde de este martes, a trav\u00e9s de las redes sociales oficiales de la Empresa Coordinadora de Empresas P\u00fablicas (EMCO), donde se public\u00f3 que, por disposici\u00f3n del primer mandatario, el presidente del Directorio de EMCO subrogante, Joaqu\u00edn Ponce, \u201cha requerido la disponibilidad del cargo de los gerentes generales de todas las empresas p\u00fablicas coordinadas\u201d.<\/p>\n<p><a class=\"break-words\" href=\"https:\/\/www.eluniverso.com\/noticias\/politica\/gobierno-activo-equipos-de-inteligencia-de-la-policia-para-localizar-a-hernan-luque-y-ruben-cherrez-nota\/?modulo=interstitial_link&amp;seccion=Noticias&amp;subseccion=Pol%C3%ADtica&amp;origen=\/noticias\/politica\/lasso-pidio-la-renuncia-de-los-gerentes-de-todas-las-empresas-publicas-nota\/\">Gobierno activ\u00f3 equipos de inteligencia de la Polic\u00eda para localizar a Hern\u00e1n Luque y Rub\u00e9n Ch\u00e9rrez<\/a><\/p>\n<p class=\"prose-text\">El mensaje est\u00e1 acompa\u00f1ado de cuatro im\u00e1genes del oficio suscrito por Ponce el 17 de enero, con el asunto \u201csolicitud de disponibilidad de cargo\u201d, y que fue remitido a los siguientes funcionarios:<\/p>\n<ul class=\"prose-list\">\n<li>Hugo Aguiar, Petroecuador<\/li>\n<li>Gonzalo Uquilla, Corporaci\u00f3n El\u00e9ctrica del Ecuador (Celec)<\/li>\n<li>Antonio Icaza, Corporaci\u00f3n Nacional de Electricidad (CNEL)<\/li>\n<li>Agust\u00edn Reyes, Empresa Nacional Minera (Enami)<\/li>\n<li>Oswaldo Rosero, Flota Petrolera Ecuatoriana (Flopec)<\/li>\n<li>John Mackliff, Empresa P\u00fablica del Agua (EPA)<\/li>\n<li>Ralph Su\u00e1stegui, Corporaci\u00f3n Nacional de Telecomunicaciones (CNT)<\/li>\n<li>Byron Machuca, Astilleros Navales Ecuatorianos (Astinave)<\/li>\n<li>Mar\u00eda Ver\u00f3nica Alc\u00edvar, Servicios Postales del Ecuador<\/li>\n<li>Rafael Castillo, Empresa P\u00fablica de Comunicaci\u00f3n del Ecuador<\/li>\n<li>An\u00edbal L\u00f3pez, Empresa de Municiones Santa B\u00e1rbara<\/li>\n<li>Julio V\u00e1squez, Creamos Infraestructura<\/li>\n<li>Carlos Guayaquil, Empresa Coordinadora de Empresas P\u00fablicas<\/li>\n<\/ul>\n<blockquote class=\"twitter-tweet\" data-width=\"550\" data-dnt=\"true\">\n<p lang=\"es\" dir=\"ltr\">Por disposici\u00f3n del presidente de la Rep\u00fablica <a href=\"https:\/\/twitter.com\/LassoGuillermo?ref_src=twsrc%5Etfw\">@LassoGuillermo<\/a>, el presidente del Directorio, ha requerido la disponibilidad del cargo de los Gerentes Generales de todas las Empresas P\u00fablicas coordinadas. <a href=\"https:\/\/t.co\/BOzmj4dERC\">pic.twitter.com\/BOzmj4dERC<\/a><\/p>\n<p>&mdash; Empresa Coordinadora de Empresas P\u00fablicas (@EMCOEP) <a href=\"https:\/\/twitter.com\/EMCOEP\/status\/1615421321554563072?ref_src=twsrc%5Etfw\">January 17, 2023<\/a><\/p><\/blockquote>\n<p><script async src=\"https:\/\/platform.twitter.com\/widgets.js\" charset=\"utf-8\"><\/script><\/p>\n<p>Adicionalmente, Ponce solicit\u00f3 a la Contralor\u00eda que d\u00e9 inicio a un examen especial a los procesos administrativos y financieros, entre el 21 de julio de 2021 hasta el 17 de enero de 2022, de las siguientes empresas p\u00fablicas: Astinave, Creamos Infraestructura, Santa B\u00e1rbara, Servicios Postales del Ecuador, Comunicaci\u00f3n del Ecuador, Flopec, Enami, EPA, Petroecuador, Celec, CNEL, y CNT.<\/p>\n<blockquote class=\"twitter-tweet\" data-width=\"550\" data-dnt=\"true\">\n<p lang=\"es\" dir=\"ltr\">Por disposici\u00f3n del presidente de la Rep\u00fablica <a href=\"https:\/\/twitter.com\/LassoGuillermo?ref_src=twsrc%5Etfw\">@LassoGuillermo<\/a>, el presidente del Directorio, ha requerido la disponibilidad del cargo de los Gerentes Generales de todas las Empresas P\u00fablicas coordinadas. <a href=\"https:\/\/t.co\/BOzmj4dERC\">pic.twitter.com\/BOzmj4dERC<\/a><\/p>\n<p>&mdash; Empresa Coordinadora de Empresas P\u00fablicas (@EMCOEP) <a href=\"https:\/\/twitter.com\/EMCOEP\/status\/1615421321554563072?ref_src=twsrc%5Etfw\">January 17, 2023<\/a><\/p><\/blockquote>\n<p><script async src=\"https:\/\/platform.twitter.com\/widgets.js\" charset=\"utf-8\"><\/script><\/p>\n<p class=\"prose-text\">Las medidas se dan un d\u00eda despu\u00e9s de que el\u00a0<a href=\"https:\/\/www.eluniverso.com\/noticias\/politica\/lasso-dispuso-ubicar-a-hernan-luque-expresidente-de-emco-y-a-ruben-cherrez-tras-la-filtracion-de-audios-nota\/\" target=\"_blank\" rel=\"noopener\">presidente Guillermo Lasso orden\u00f3 que se localice al expresidente de EMCO, Hern\u00e1n Luque, y al ciudadano Rub\u00e9n Ch\u00e9rrez<\/a>, a quienes se les atribuyen varios audios publicados por el medio digital\u00a0<i>La Posta<\/i>, en los que hablan de recibir pagos.<\/p>\n<div class=\"inline-element\">\n<div>\n<div id=\"active-campaing-form-marcador\"><\/div>\n<\/div>\n<\/div>\n<p class=\"prose-text\">Seg\u00fan los reportes del medio digital, Luque y Ch\u00e9rrez ser\u00edan parte de una supuesta estructura criminal al interior de las empresas p\u00fablicas del sector el\u00e9ctrico.<\/p>\n<p class=\"prose-text\">Como l\u00edder de esa presunta red de corrupci\u00f3n es se\u00f1alado el empresario y cu\u00f1ado del presidente Lasso, Danilo Carrera, quien ha negado las acusaciones y demand\u00f3 al periodista Andersson Bosc\u00e1n, de\u00a0<i>La Posta<\/i>, por medio mill\u00f3n de d\u00f3lares ante supuestas difamaciones emitidas en su contra.<\/p>\n<p class=\"prose-text\">De acuerdo con el medio digital, Luque ser\u00eda hombre de confianza de Carrera, mientras que Ch\u00e9rrez ser\u00eda amigo y el supuesto operador del cu\u00f1ado del presidente dentro del entramado.<\/p>\n<p>Por estas denuncias la\u00a0<a href=\"https:\/\/www.eluniverso.com\/noticias\/politica\/presidente-guillermo-lasso-sostiene-que-investigacion-de-fiscalia-confirmara-que-no-ha-existido-ninguna-estructura-criminal-en-su-gobierno-nota\/\" target=\"_blank\" rel=\"noopener\">Fiscal\u00eda General del Estado\u00a0<\/a>abri\u00f3 una investigaci\u00f3n previa. En tanto, la\u00a0<a href=\"https:\/\/www.eluniverso.com\/noticias\/politica\/comision-de-justicia-dividira-en-tres-fases-la-fiscalizacion-del-caso-de-presunta-corrupcion-en-empresas-publicas-nota\/?modulo=interstitial_link&amp;seccion=Noticias&amp;subseccion=Pol%C3%ADtica&amp;origen=\/noticias\/politica\/danilo-carrera-demanda-a-andersson-boscan-por-medio-millon-de-dolares-nota\/\" target=\"_blank\" rel=\"noopener\">Comisi\u00f3n de Justicia de la Asamblea Nacional<\/a> emprendi\u00f3 un proceso de fiscalizaci\u00f3n. (I) <strong>Fuente: El Universo<\/strong><\/p>\n","protected":false},"excerpt":{"rendered":"<p>La disposici\u00f3n se da tras las denuncias de presuntos actos de corrupci\u00f3n. Adem\u00e1s, el gerente de EMCO solicit\u00f3 a la Contralor\u00eda que inicie un examen especial. Tras la pol\u00e9mica desencadenada por denuncias de una presunta red de corrupci\u00f3n que operar\u00eda en las empresas p\u00fablicas, el presidente de la Rep\u00fablica, Guillermo Lasso, dispuso que los gerentes de todas las empresas p\u00fablicas renuncien a sus cargos. La noticia se conoci\u00f3 la tarde de este martes, a trav\u00e9s de las redes sociales oficiales de la Empresa Coordinadora de Empresas P\u00fablicas (EMCO), donde se public\u00f3 que, por disposici\u00f3n del primer mandatario, el presidente del Directorio de EMCO subrogante, Joaqu\u00edn Ponce, \u201cha requerido la disponibilidad del cargo de los gerentes generales de todas las empresas p\u00fablicas coordinadas\u201d. Gobierno activ\u00f3 equipos de inteligencia de la Polic\u00eda para localizar a Hern\u00e1n Luque y Rub\u00e9n Ch\u00e9rrez El mensaje est\u00e1 acompa\u00f1ado de cuatro im\u00e1genes del oficio suscrito por Ponce el 17 de enero, con el asunto \u201csolicitud de disponibilidad de cargo\u201d, y que fue remitido a los siguientes funcionarios: Hugo Aguiar, Petroecuador Gonzalo Uquilla, Corporaci\u00f3n El\u00e9ctrica del Ecuador (Celec) Antonio Icaza, Corporaci\u00f3n Nacional de Electricidad (CNEL) Agust\u00edn Reyes, Empresa Nacional Minera (Enami) Oswaldo Rosero, Flota Petrolera Ecuatoriana (Flopec) John Mackliff, Empresa P\u00fablica del Agua (EPA) Ralph Su\u00e1stegui, Corporaci\u00f3n Nacional de Telecomunicaciones (CNT) Byron Machuca, Astilleros Navales Ecuatorianos (Astinave) Mar\u00eda Ver\u00f3nica Alc\u00edvar, Servicios Postales del Ecuador Rafael Castillo, Empresa P\u00fablica de Comunicaci\u00f3n del Ecuador An\u00edbal L\u00f3pez, Empresa de Municiones Santa B\u00e1rbara Julio V\u00e1squez, Creamos Infraestructura Carlos Guayaquil, Empresa Coordinadora de Empresas P\u00fablicas Por disposici\u00f3n del presidente de la Rep\u00fablica @LassoGuillermo, el presidente del Directorio, ha requerido la disponibilidad del cargo de los Gerentes Generales de todas las Empresas P\u00fablicas coordinadas. pic.twitter.com\/BOzmj4dERC &mdash; Empresa Coordinadora de Empresas P\u00fablicas (@EMCOEP) January 17, 2023 Adicionalmente, Ponce solicit\u00f3 a la Contralor\u00eda que d\u00e9 inicio a un examen especial a los procesos administrativos y financieros, entre el 21 de julio de 2021 hasta el 17 de enero de 2022, de las siguientes empresas p\u00fablicas: Astinave, Creamos Infraestructura, Santa B\u00e1rbara, Servicios Postales del Ecuador, Comunicaci\u00f3n del Ecuador, Flopec, Enami, EPA, Petroecuador, Celec, CNEL, y CNT. Por disposici\u00f3n del presidente de la Rep\u00fablica @LassoGuillermo, el presidente del Directorio, ha requerido la disponibilidad del cargo de los Gerentes Generales de todas las Empresas P\u00fablicas coordinadas. pic.twitter.com\/BOzmj4dERC &mdash; Empresa Coordinadora de Empresas P\u00fablicas (@EMCOEP) January 17, 2023 Las medidas se dan un d\u00eda despu\u00e9s de que el\u00a0presidente Guillermo Lasso orden\u00f3 que se localice al expresidente de EMCO, Hern\u00e1n Luque, y al ciudadano Rub\u00e9n Ch\u00e9rrez, a quienes se les atribuyen varios audios publicados por el medio digital\u00a0La Posta, en los que hablan de recibir pagos. Seg\u00fan los reportes del medio digital, Luque y Ch\u00e9rrez ser\u00edan parte de una supuesta estructura criminal al interior de las empresas p\u00fablicas del sector el\u00e9ctrico. Como l\u00edder de esa presunta red de corrupci\u00f3n es se\u00f1alado el empresario y cu\u00f1ado del presidente Lasso, Danilo Carrera, quien ha negado las acusaciones y demand\u00f3 al periodista Andersson Bosc\u00e1n, de\u00a0La Posta, por medio mill\u00f3n de d\u00f3lares ante supuestas difamaciones emitidas en su contra. De acuerdo con el medio digital, Luque ser\u00eda hombre de confianza de Carrera, mientras que Ch\u00e9rrez ser\u00eda amigo y el supuesto operador del cu\u00f1ado del presidente dentro del entramado. Por estas denuncias la\u00a0Fiscal\u00eda General del Estado\u00a0abri\u00f3 una investigaci\u00f3n previa. En tanto, la\u00a0Comisi\u00f3n de Justicia de la Asamblea Nacional emprendi\u00f3 un proceso de fiscalizaci\u00f3n. (I) Fuente: El Universo<\/p>\n","protected":false},"author":1,"featured_media":7857,"comment_status":"open","ping_status":"open","sticky":false,"template":"","format":"standard","meta":{"footnotes":""},"categories":[268],"tags":[],"class_list":["post-7856","post","type-post","status-publish","format-standard","has-post-thumbnail","hentry","category-nacionales"],"_links":{"self":[{"href":"https:\/\/www.elamazonico.com\/portal\/wp-json\/wp\/v2\/posts\/7856","targetHints":{"allow":["GET"]}}],"collection":[{"href":"https:\/\/www.elamazonico.com\/portal\/wp-json\/wp\/v2\/posts"}],"about":[{"href":"https:\/\/www.elamazonico.com\/portal\/wp-json\/wp\/v2\/types\/post"}],"author":[{"embeddable":true,"href":"https:\/\/www.elamazonico.com\/portal\/wp-json\/wp\/v2\/users\/1"}],"replies":[{"embeddable":true,"href":"https:\/\/www.elamazonico.com\/portal\/wp-json\/wp\/v2\/comments?post=7856"}],"version-history":[{"count":1,"href":"https:\/\/www.elamazonico.com\/portal\/wp-json\/wp\/v2\/posts\/7856\/revisions"}],"predecessor-version":[{"id":7858,"href":"https:\/\/www.elamazonico.com\/portal\/wp-json\/wp\/v2\/posts\/7856\/revisions\/7858"}],"wp:featuredmedia":[{"embeddable":true,"href":"https:\/\/www.elamazonico.com\/portal\/wp-json\/wp\/v2\/media\/7857"}],"wp:attachment":[{"href":"https:\/\/www.elamazonico.com\/portal\/wp-json\/wp\/v2\/media?parent=7856"}],"wp:term":[{"taxonomy":"category","embeddable":true,"href":"https:\/\/www.elamazonico.com\/portal\/wp-json\/wp\/v2\/categories?post=7856"},{"taxonomy":"post_tag","embeddable":true,"href":"https:\/\/www.elamazonico.com\/portal\/wp-json\/wp\/v2\/tags?post=7856"}],"curies":[{"name":"wp","href":"https:\/\/api.w.org\/{rel}","templated":true}]}}