{"id":7836,"date":"2023-01-17T10:44:06","date_gmt":"2023-01-17T15:44:06","guid":{"rendered":"https:\/\/www.elamazonico.com\/portal\/?p=7836"},"modified":"2023-01-17T10:44:06","modified_gmt":"2023-01-17T15:44:06","slug":"gobierno-asegura-que-equipos-de-la-policia-buscan-a-hernan-luque-y-ruben-cherres","status":"publish","type":"post","link":"https:\/\/www.elamazonico.com\/portal\/gobierno-asegura-que-equipos-de-la-policia-buscan-a-hernan-luque-y-ruben-cherres\/","title":{"rendered":"Gobierno asegura que equipos de la Polic\u00eda buscan a Hern\u00e1n Luque y Rub\u00e9n Cherres"},"content":{"rendered":"<p>En una breve rueda de prensa, autoridades del Gobierno se pronunciaron para reiterar las disposiciones dadas por el presidente Guillermo Lasso sobre los presuntos involucrados en el\u00a0<strong>caso &#8216;El Gran Padrino&#8217;.<\/strong>\u00a0El ministro del Interior, Juan Zapata, evit\u00f3 dar detalles, pero dijo que se activaron las instituciones para ubicar al exfuncionario<strong>\u00a0Hern\u00e1n Luque\u00a0<\/strong>y el ciudadano\u00a0<strong>Rub\u00e9n Cherres.<\/strong><\/p>\n<p>El ministro de Gobierno,<strong>\u00a0Francisco Jim\u00e9nez<\/strong>; el secretario de la Administraci\u00f3n P\u00fablica,<strong>\u00a0Iv\u00e1n Correa<\/strong>; el ministro del Interior,<strong>\u00a0Juan Zapata<\/strong>; y el secretario de Seguridad,\u00a0<strong>Diego Ord\u00f3\u00f1ez<\/strong>, se reunieron esta tarde en el Sal\u00f3n Amarillo del Palacio de Carondelet para explicar las acciones del Gobierno respecto al caso de presunta corrupci\u00f3n en empresas p\u00fablicas.<\/p>\n<p>\u201cEl Presidente de la Rep\u00fablica dio una disposici\u00f3n directa. Habl\u00f3 conmigo en horas de la ma\u00f1ana y nosotros inmediatamente\u00a0<strong>activamos a todas nuestras Unidades de Inteligencia e Investigaci\u00f3n<\/strong>, quienes, de manera articulada con la Fiscal\u00eda, actuaremos conforme a lo que siempre la\u00a0<strong>Polic\u00eda Nacional\u00a0<\/strong>ha hecho, dar resultados absolutamente t\u00e9cnicos\u201d, se\u00f1al\u00f3 Zapata.<\/p>\n<p>Sin embargo, dijo que \u201cpara no entorpecer las investigaciones\u201d, no es posible dar una localizaci\u00f3n o ubicaci\u00f3n de\u00a0<strong>Hern\u00e1n Luque<\/strong>, expresidente del Directorio de la Empresa Coordinadora de Empresas P\u00fablicas (EMCO), ni de\u00a0<strong>Cherres<\/strong>, quien ser\u00eda<strong>\u00a0amigo de Danilo Carrera<\/strong>, cu\u00f1ado del presidente Lasso. Los tres presuntos involucrados en una red de corrupci\u00f3n, seg\u00fan una investigaci\u00f3n de La Posta.<\/p>\n<p>Jim\u00e9nez justific\u00f3 que las\u00a0<strong>reacciones del Gobierno no son contradictorias.<\/strong>\u00a0\u201cLa semana pasada hab\u00eda informaci\u00f3n que divagaba sobre una serie de hechos. Hoy han aparecido\u00a0<strong>nuevos audios\u00a0<\/strong>con nueva informaci\u00f3n, que a nuestro juicio merece investigarse y eso amerita una intervenci\u00f3n contundente de las diferentes autoridades\u201d, explic\u00f3.<\/p>\n<h2 id=\"h-gobierno-entregara-informacion\"><strong>Gobierno entregar\u00e1 informaci\u00f3n<\/strong><\/h2>\n<p>La rueda de prensa dur\u00f3 menos de siete minutos. Jim\u00e9nez dijo que se pronuncian para dejar en claro que \u201cni el Gobierno ni ha participado ni participar\u00e1 en ninguna\u00a0<strong>trama de corrupci\u00f3n<\/strong>\u00a0en ning\u00fan estamento de las diferentes Carteras de Estado\u201d.<\/p>\n<p>La Fiscal\u00eda General del Estado tendr\u00e1 toda la informaci\u00f3n que solicite, por disposici\u00f3n de Lasso, insisti\u00f3 Zapata.<\/p>\n<p>El Gobierno pondr\u00e1 toda su disponibilidad dentro del marco jur\u00eddico para que se desarrollen las gestiones, que ya est\u00e1n activados los\u00a0<strong>protocolos<\/strong>\u00a0y una vez se tengan resultados se dar\u00e1n a conocer, seg\u00fan Jim\u00e9nez.<\/p>\n<p>Correa mencion\u00f3 que por disposici\u00f3n de Lasso llam\u00f3 a su despacho a Jim\u00e9nez, Zapata, Ord\u00f3\u00f1ez, al presidente de la EMCO, al comandante de la Polic\u00eda, al secretario Jur\u00eddico de la Presidencia, y otros funcionarios del Gobierno para transmitirles que la orden es dar las facilidades para entregar toda la informaci\u00f3n.<\/p>\n<p>Al medio d\u00eda, Correa y Ord\u00f3\u00f1ez acudieron a la\u00a0<strong>Fiscal\u00eda<\/strong> para transmitirle la misma disposici\u00f3n de Lasso. Fuente: El Comercio<\/p>\n","protected":false},"excerpt":{"rendered":"<p>En una breve rueda de prensa, autoridades del Gobierno se pronunciaron para reiterar las disposiciones dadas por el presidente Guillermo Lasso sobre los presuntos involucrados en el\u00a0caso &#8216;El Gran Padrino&#8217;.\u00a0El ministro del Interior, Juan Zapata, evit\u00f3 dar detalles, pero dijo que se activaron las instituciones para ubicar al exfuncionario\u00a0Hern\u00e1n Luque\u00a0y el ciudadano\u00a0Rub\u00e9n Cherres. El ministro de Gobierno,\u00a0Francisco Jim\u00e9nez; el secretario de la Administraci\u00f3n P\u00fablica,\u00a0Iv\u00e1n Correa; el ministro del Interior,\u00a0Juan Zapata; y el secretario de Seguridad,\u00a0Diego Ord\u00f3\u00f1ez, se reunieron esta tarde en el Sal\u00f3n Amarillo del Palacio de Carondelet para explicar las acciones del Gobierno respecto al caso de presunta corrupci\u00f3n en empresas p\u00fablicas. \u201cEl Presidente de la Rep\u00fablica dio una disposici\u00f3n directa. Habl\u00f3 conmigo en horas de la ma\u00f1ana y nosotros inmediatamente\u00a0activamos a todas nuestras Unidades de Inteligencia e Investigaci\u00f3n, quienes, de manera articulada con la Fiscal\u00eda, actuaremos conforme a lo que siempre la\u00a0Polic\u00eda Nacional\u00a0ha hecho, dar resultados absolutamente t\u00e9cnicos\u201d, se\u00f1al\u00f3 Zapata. Sin embargo, dijo que \u201cpara no entorpecer las investigaciones\u201d, no es posible dar una localizaci\u00f3n o ubicaci\u00f3n de\u00a0Hern\u00e1n Luque, expresidente del Directorio de la Empresa Coordinadora de Empresas P\u00fablicas (EMCO), ni de\u00a0Cherres, quien ser\u00eda\u00a0amigo de Danilo Carrera, cu\u00f1ado del presidente Lasso. Los tres presuntos involucrados en una red de corrupci\u00f3n, seg\u00fan una investigaci\u00f3n de La Posta. Jim\u00e9nez justific\u00f3 que las\u00a0reacciones del Gobierno no son contradictorias.\u00a0\u201cLa semana pasada hab\u00eda informaci\u00f3n que divagaba sobre una serie de hechos. Hoy han aparecido\u00a0nuevos audios\u00a0con nueva informaci\u00f3n, que a nuestro juicio merece investigarse y eso amerita una intervenci\u00f3n contundente de las diferentes autoridades\u201d, explic\u00f3. Gobierno entregar\u00e1 informaci\u00f3n La rueda de prensa dur\u00f3 menos de siete minutos. Jim\u00e9nez dijo que se pronuncian para dejar en claro que \u201cni el Gobierno ni ha participado ni participar\u00e1 en ninguna\u00a0trama de corrupci\u00f3n\u00a0en ning\u00fan estamento de las diferentes Carteras de Estado\u201d. La Fiscal\u00eda General del Estado tendr\u00e1 toda la informaci\u00f3n que solicite, por disposici\u00f3n de Lasso, insisti\u00f3 Zapata. El Gobierno pondr\u00e1 toda su disponibilidad dentro del marco jur\u00eddico para que se desarrollen las gestiones, que ya est\u00e1n activados los\u00a0protocolos\u00a0y una vez se tengan resultados se dar\u00e1n a conocer, seg\u00fan Jim\u00e9nez. Correa mencion\u00f3 que por disposici\u00f3n de Lasso llam\u00f3 a su despacho a Jim\u00e9nez, Zapata, Ord\u00f3\u00f1ez, al presidente de la EMCO, al comandante de la Polic\u00eda, al secretario Jur\u00eddico de la Presidencia, y otros funcionarios del Gobierno para transmitirles que la orden es dar las facilidades para entregar toda la informaci\u00f3n. Al medio d\u00eda, Correa y Ord\u00f3\u00f1ez acudieron a la\u00a0Fiscal\u00eda para transmitirle la misma disposici\u00f3n de Lasso. Fuente: El Comercio<\/p>\n","protected":false},"author":1,"featured_media":7837,"comment_status":"open","ping_status":"open","sticky":false,"template":"","format":"standard","meta":{"footnotes":""},"categories":[268],"tags":[],"class_list":["post-7836","post","type-post","status-publish","format-standard","has-post-thumbnail","hentry","category-nacionales"],"_links":{"self":[{"href":"https:\/\/www.elamazonico.com\/portal\/wp-json\/wp\/v2\/posts\/7836","targetHints":{"allow":["GET"]}}],"collection":[{"href":"https:\/\/www.elamazonico.com\/portal\/wp-json\/wp\/v2\/posts"}],"about":[{"href":"https:\/\/www.elamazonico.com\/portal\/wp-json\/wp\/v2\/types\/post"}],"author":[{"embeddable":true,"href":"https:\/\/www.elamazonico.com\/portal\/wp-json\/wp\/v2\/users\/1"}],"replies":[{"embeddable":true,"href":"https:\/\/www.elamazonico.com\/portal\/wp-json\/wp\/v2\/comments?post=7836"}],"version-history":[{"count":1,"href":"https:\/\/www.elamazonico.com\/portal\/wp-json\/wp\/v2\/posts\/7836\/revisions"}],"predecessor-version":[{"id":7838,"href":"https:\/\/www.elamazonico.com\/portal\/wp-json\/wp\/v2\/posts\/7836\/revisions\/7838"}],"wp:featuredmedia":[{"embeddable":true,"href":"https:\/\/www.elamazonico.com\/portal\/wp-json\/wp\/v2\/media\/7837"}],"wp:attachment":[{"href":"https:\/\/www.elamazonico.com\/portal\/wp-json\/wp\/v2\/media?parent=7836"}],"wp:term":[{"taxonomy":"category","embeddable":true,"href":"https:\/\/www.elamazonico.com\/portal\/wp-json\/wp\/v2\/categories?post=7836"},{"taxonomy":"post_tag","embeddable":true,"href":"https:\/\/www.elamazonico.com\/portal\/wp-json\/wp\/v2\/tags?post=7836"}],"curies":[{"name":"wp","href":"https:\/\/api.w.org\/{rel}","templated":true}]}}