{"id":7832,"date":"2023-01-17T10:31:07","date_gmt":"2023-01-17T15:31:07","guid":{"rendered":"https:\/\/www.elamazonico.com\/portal\/?p=7832"},"modified":"2023-01-17T10:34:43","modified_gmt":"2023-01-17T15:34:43","slug":"un-segundo-audio-de-la-posta-obliga-a-lasso-pedir-que-ubiquen-a-luque-y-cherres","status":"publish","type":"post","link":"https:\/\/www.elamazonico.com\/portal\/un-segundo-audio-de-la-posta-obliga-a-lasso-pedir-que-ubiquen-a-luque-y-cherres\/","title":{"rendered":"Un segundo audio de La Posta obliga a Lasso pedir que ubiquen a Luque y Cherres"},"content":{"rendered":"<p>Ocho d\u00edas despu\u00e9s de hecha la denuncia por La Posta de una estructura delincuencial alrededor de las empresas p\u00fablicas, y obligado por las circunstancias el presidente de la Rep\u00fablica ha pedido la \u201cubicaci\u00f3n\u201d de Hern\u00e1n Luque Lecaro (exfuncionario) y Rub\u00e9n Cherres Faggioni para que sean procesados<\/p>\n<p>Un segundo audio difundido hoy por La Posta ech\u00f3 m\u00e1s sal al esc\u00e1ndalo que enloda al Gobierno de Lasso. Seg\u00fan el periodista Andersson Bosc\u00e1n, de La Posta, dice que Cherres es el mejor amigo del cu\u00f1ado (Danilo Carrera) y Luque es el exdelegado presidencial en las empresas p\u00fablicas.<\/p>\n<p>https:\/\/twitter.com\/LaPosta_Ecu\/status\/1614986884387577857<\/p>\n<p>En la denuncia difundida por La Posta, el lunes anterior, ubica a Danilo Carrera en lo m\u00e1s alto del organigrama de la estructura delincuencial.<\/p>\n<p>Guillermo Lasso ha pedido, en su calidad de jefe de Estado, ubicar a Luque y Cherres, activando todos los protocolos nacionales como internacionales. El mandatario ha reiterado a la fiscal general del Estado que no va a cejar en el empe\u00f1o de combatir la corrupci\u00f3n a todo nivel, \u201ccaiga quien caiga\u201d. Fuente: Ecuadorenvivo<\/p>\n<blockquote class=\"twitter-tweet\" data-width=\"550\" data-dnt=\"true\">\n<p lang=\"es\" dir=\"ltr\">He dispuesto a la <a href=\"https:\/\/twitter.com\/PoliciaEcuador?ref_src=twsrc%5Etfw\">@PoliciaEcuador<\/a> ubicar a las dos personas nombradas en supuestos actos de corrupci\u00f3n para que puedan ser procesados por la  <a href=\"https:\/\/twitter.com\/FiscaliaEcuador?ref_src=twsrc%5Etfw\">@FiscaliaEcuador<\/a>. <a href=\"https:\/\/t.co\/ljyNqNlM9Z\">pic.twitter.com\/ljyNqNlM9Z<\/a><\/p>\n<p>&mdash; Guillermo Lasso (@LassoGuillermo) <a href=\"https:\/\/twitter.com\/LassoGuillermo\/status\/1615019965588848640?ref_src=twsrc%5Etfw\">January 16, 2023<\/a><\/p><\/blockquote>\n<p><script async src=\"https:\/\/platform.twitter.com\/widgets.js\" charset=\"utf-8\"><\/script><\/p>\n","protected":false},"excerpt":{"rendered":"<p>Ocho d\u00edas despu\u00e9s de hecha la denuncia por La Posta de una estructura delincuencial alrededor de las empresas p\u00fablicas, y obligado por las circunstancias el presidente de la Rep\u00fablica ha pedido la \u201cubicaci\u00f3n\u201d de Hern\u00e1n Luque Lecaro (exfuncionario) y Rub\u00e9n Cherres Faggioni para que sean procesados Un segundo audio difundido hoy por La Posta ech\u00f3 m\u00e1s sal al esc\u00e1ndalo que enloda al Gobierno de Lasso. Seg\u00fan el periodista Andersson Bosc\u00e1n, de La Posta, dice que Cherres es el mejor amigo del cu\u00f1ado (Danilo Carrera) y Luque es el exdelegado presidencial en las empresas p\u00fablicas. https:\/\/twitter.com\/LaPosta_Ecu\/status\/1614986884387577857 En la denuncia difundida por La Posta, el lunes anterior, ubica a Danilo Carrera en lo m\u00e1s alto del organigrama de la estructura delincuencial. Guillermo Lasso ha pedido, en su calidad de jefe de Estado, ubicar a Luque y Cherres, activando todos los protocolos nacionales como internacionales. El mandatario ha reiterado a la fiscal general del Estado que no va a cejar en el empe\u00f1o de combatir la corrupci\u00f3n a todo nivel, \u201ccaiga quien caiga\u201d. Fuente: Ecuadorenvivo He dispuesto a la @PoliciaEcuador ubicar a las dos personas nombradas en supuestos actos de corrupci\u00f3n para que puedan ser procesados por la @FiscaliaEcuador. pic.twitter.com\/ljyNqNlM9Z &mdash; Guillermo Lasso (@LassoGuillermo) January 16, 2023<\/p>\n","protected":false},"author":1,"featured_media":7833,"comment_status":"open","ping_status":"open","sticky":false,"template":"","format":"standard","meta":{"footnotes":""},"categories":[268],"tags":[],"class_list":["post-7832","post","type-post","status-publish","format-standard","has-post-thumbnail","hentry","category-nacionales"],"_links":{"self":[{"href":"https:\/\/www.elamazonico.com\/portal\/wp-json\/wp\/v2\/posts\/7832","targetHints":{"allow":["GET"]}}],"collection":[{"href":"https:\/\/www.elamazonico.com\/portal\/wp-json\/wp\/v2\/posts"}],"about":[{"href":"https:\/\/www.elamazonico.com\/portal\/wp-json\/wp\/v2\/types\/post"}],"author":[{"embeddable":true,"href":"https:\/\/www.elamazonico.com\/portal\/wp-json\/wp\/v2\/users\/1"}],"replies":[{"embeddable":true,"href":"https:\/\/www.elamazonico.com\/portal\/wp-json\/wp\/v2\/comments?post=7832"}],"version-history":[{"count":2,"href":"https:\/\/www.elamazonico.com\/portal\/wp-json\/wp\/v2\/posts\/7832\/revisions"}],"predecessor-version":[{"id":7835,"href":"https:\/\/www.elamazonico.com\/portal\/wp-json\/wp\/v2\/posts\/7832\/revisions\/7835"}],"wp:featuredmedia":[{"embeddable":true,"href":"https:\/\/www.elamazonico.com\/portal\/wp-json\/wp\/v2\/media\/7833"}],"wp:attachment":[{"href":"https:\/\/www.elamazonico.com\/portal\/wp-json\/wp\/v2\/media?parent=7832"}],"wp:term":[{"taxonomy":"category","embeddable":true,"href":"https:\/\/www.elamazonico.com\/portal\/wp-json\/wp\/v2\/categories?post=7832"},{"taxonomy":"post_tag","embeddable":true,"href":"https:\/\/www.elamazonico.com\/portal\/wp-json\/wp\/v2\/tags?post=7832"}],"curies":[{"name":"wp","href":"https:\/\/api.w.org\/{rel}","templated":true}]}}