{"id":7581,"date":"2023-01-04T12:27:10","date_gmt":"2023-01-04T17:27:10","guid":{"rendered":"https:\/\/www.elamazonico.com\/portal\/?p=7581"},"modified":"2023-01-04T12:27:10","modified_gmt":"2023-01-04T17:27:10","slug":"gobierno-colombiano-disidencias-y-paramilitares-aceptan-cese-el-fuego","status":"publish","type":"post","link":"https:\/\/www.elamazonico.com\/portal\/gobierno-colombiano-disidencias-y-paramilitares-aceptan-cese-el-fuego\/","title":{"rendered":"Gobierno colombiano: Disidencias y paramilitares aceptan cese el fuego"},"content":{"rendered":"<p>El ministro del Interior de Colombia, Alfonso Prada, asegur\u00f3 este 4 de enero de 2023 que las disidencias de las FARC y dos grupos paramilitares aceptaron el cese el fuego bilateral de seis meses anunciado por el Gobierno, despu\u00e9s de que el Ej\u00e9rcito de Liberaci\u00f3n Nacional (ELN) informara que no se suma a esa propuesta.<\/p>\n<p>\u00abEl Estado Mayor Central de las FARC-EP est\u00e1 comprometido con el cese bilateral decretado por el Gobierno nacional y avanzar\u00e1 en la definici\u00f3n del protocolo para el inicio de las conversaciones en los pr\u00f3ximos d\u00edas\u00bb, comunic\u00f3 el ministro en una rueda de prensa en la Casa Nari\u00f1o, en referencia sobre ese grupo disidente.<\/p>\n<p>Por su parte, la Segunda Marquetalia \u00abha manifestado su compromiso con la construcci\u00f3n de la paz y por eso, como estaba previsto, se realizar\u00e1n reuniones de los mandos de esa organizaci\u00f3n para avanzar en la definici\u00f3n de los asuntos metodol\u00f3gicos y tem\u00e1ticos de la mesa de conversaciones de paz\u00bb.<\/p>\n<p>La Segunda Marquetalia es una disidencia de las FARC que lidera alias \u00abIv\u00e1n M\u00e1rquez\u00bb,\u00a0quien fue jefe negociador de esa guerrilla en los di\u00e1logos de paz y posteriormente decidi\u00f3 retomar las armas al frente de un grupo de guerrilleros alegando que el Gobierno incumpl\u00eda el acuerdo firmado en noviembre de 2016.<\/p>\n<p>Asimismo, las Autodefensas Gaitanistas de Colombia (AGC) y las autodefensas de la Sierra Nevada \u00abratifican su compromiso con el cese bilateral\u00bb, agreg\u00f3 el ministro.<\/p>\n<p><strong>OPORTUNIDAD PARA GRUPOS ILEGALES<\/strong><\/p>\n<p>Con estos grupos \u00abse iniciar\u00e1n los espacios de di\u00e1logos sociales y jur\u00eddicos en los t\u00e9rminos previstos en la Ley 2272 del 2002\u00bb y tras la publicaci\u00f3n el martes de los decretos correspondientes para poner en marcha el cese el fuego con estos cuatro grupos armados se inicia \u00abla suspensi\u00f3n de operaciones militares y operativos policiales\u00bb.<\/p>\n<p>En palabras de Prada este cese de la ofensiva \u00abse har\u00e1 sin perjuicio del cumplimiento de la funci\u00f3n y obligaci\u00f3n constitucional y legal de la fuerza p\u00fablica de preservar la integridad del territorio nacional, el orden constitucional y legal y asegurar las condiciones necesarias para el ejercicio de los derechos del libertades p\u00fablicas en todo el territorio nacional\u00bb.<\/p>\n<p>Sin embargo, hasta el momento ninguno de esos cuatro grupos armados ilegales se ha manifestado sobre el cese el fuego bilateral de seis meses anunciado poco antes de la medianoche del pasado 31 de diciembre por el presidente colombiano, Gustavo Petro.<\/p>\n<p>Prada tambi\u00e9n indic\u00f3 que el Gobierno \u00abvalora muy positivamente la voluntad de paz urbana de los grupos que operan en Buenaventura, Quibd\u00f3, Barranquilla, Medell\u00edn y el \u00e1rea metropolitana, Tumaco, Cali y Tulu\u00e1\u00bb, con los cuales \u00abse han adelantado acuerdos b\u00e1sicos de respeto a la vida y se desarrollar\u00e1n mecanismos para la transici\u00f3n hacia el Estado de Derecho\u00bb. (i)<\/p>\n<p>El Mercurio<\/p>\n","protected":false},"excerpt":{"rendered":"<p>El ministro del Interior de Colombia, Alfonso Prada, asegur\u00f3 este 4 de enero de 2023 que las disidencias de las FARC y dos grupos paramilitares aceptaron el cese el fuego bilateral de seis meses anunciado por el Gobierno, despu\u00e9s de que el Ej\u00e9rcito de Liberaci\u00f3n Nacional (ELN) informara que no se suma a esa propuesta. \u00abEl Estado Mayor Central de las FARC-EP est\u00e1 comprometido con el cese bilateral decretado por el Gobierno nacional y avanzar\u00e1 en la definici\u00f3n del protocolo para el inicio de las conversaciones en los pr\u00f3ximos d\u00edas\u00bb, comunic\u00f3 el ministro en una rueda de prensa en la Casa Nari\u00f1o, en referencia sobre ese grupo disidente. Por su parte, la Segunda Marquetalia \u00abha manifestado su compromiso con la construcci\u00f3n de la paz y por eso, como estaba previsto, se realizar\u00e1n reuniones de los mandos de esa organizaci\u00f3n para avanzar en la definici\u00f3n de los asuntos metodol\u00f3gicos y tem\u00e1ticos de la mesa de conversaciones de paz\u00bb. La Segunda Marquetalia es una disidencia de las FARC que lidera alias \u00abIv\u00e1n M\u00e1rquez\u00bb,\u00a0quien fue jefe negociador de esa guerrilla en los di\u00e1logos de paz y posteriormente decidi\u00f3 retomar las armas al frente de un grupo de guerrilleros alegando que el Gobierno incumpl\u00eda el acuerdo firmado en noviembre de 2016. Asimismo, las Autodefensas Gaitanistas de Colombia (AGC) y las autodefensas de la Sierra Nevada \u00abratifican su compromiso con el cese bilateral\u00bb, agreg\u00f3 el ministro. OPORTUNIDAD PARA GRUPOS ILEGALES Con estos grupos \u00abse iniciar\u00e1n los espacios de di\u00e1logos sociales y jur\u00eddicos en los t\u00e9rminos previstos en la Ley 2272 del 2002\u00bb y tras la publicaci\u00f3n el martes de los decretos correspondientes para poner en marcha el cese el fuego con estos cuatro grupos armados se inicia \u00abla suspensi\u00f3n de operaciones militares y operativos policiales\u00bb. En palabras de Prada este cese de la ofensiva \u00abse har\u00e1 sin perjuicio del cumplimiento de la funci\u00f3n y obligaci\u00f3n constitucional y legal de la fuerza p\u00fablica de preservar la integridad del territorio nacional, el orden constitucional y legal y asegurar las condiciones necesarias para el ejercicio de los derechos del libertades p\u00fablicas en todo el territorio nacional\u00bb. Sin embargo, hasta el momento ninguno de esos cuatro grupos armados ilegales se ha manifestado sobre el cese el fuego bilateral de seis meses anunciado poco antes de la medianoche del pasado 31 de diciembre por el presidente colombiano, Gustavo Petro. Prada tambi\u00e9n indic\u00f3 que el Gobierno \u00abvalora muy positivamente la voluntad de paz urbana de los grupos que operan en Buenaventura, Quibd\u00f3, Barranquilla, Medell\u00edn y el \u00e1rea metropolitana, Tumaco, Cali y Tulu\u00e1\u00bb, con los cuales \u00abse han adelantado acuerdos b\u00e1sicos de respeto a la vida y se desarrollar\u00e1n mecanismos para la transici\u00f3n hacia el Estado de Derecho\u00bb. (i) El Mercurio<\/p>\n","protected":false},"author":1,"featured_media":7582,"comment_status":"open","ping_status":"open","sticky":false,"template":"","format":"standard","meta":{"footnotes":""},"categories":[5],"tags":[],"class_list":["post-7581","post","type-post","status-publish","format-standard","has-post-thumbnail","hentry","category-internacionales"],"_links":{"self":[{"href":"https:\/\/www.elamazonico.com\/portal\/wp-json\/wp\/v2\/posts\/7581","targetHints":{"allow":["GET"]}}],"collection":[{"href":"https:\/\/www.elamazonico.com\/portal\/wp-json\/wp\/v2\/posts"}],"about":[{"href":"https:\/\/www.elamazonico.com\/portal\/wp-json\/wp\/v2\/types\/post"}],"author":[{"embeddable":true,"href":"https:\/\/www.elamazonico.com\/portal\/wp-json\/wp\/v2\/users\/1"}],"replies":[{"embeddable":true,"href":"https:\/\/www.elamazonico.com\/portal\/wp-json\/wp\/v2\/comments?post=7581"}],"version-history":[{"count":1,"href":"https:\/\/www.elamazonico.com\/portal\/wp-json\/wp\/v2\/posts\/7581\/revisions"}],"predecessor-version":[{"id":7583,"href":"https:\/\/www.elamazonico.com\/portal\/wp-json\/wp\/v2\/posts\/7581\/revisions\/7583"}],"wp:featuredmedia":[{"embeddable":true,"href":"https:\/\/www.elamazonico.com\/portal\/wp-json\/wp\/v2\/media\/7582"}],"wp:attachment":[{"href":"https:\/\/www.elamazonico.com\/portal\/wp-json\/wp\/v2\/media?parent=7581"}],"wp:term":[{"taxonomy":"category","embeddable":true,"href":"https:\/\/www.elamazonico.com\/portal\/wp-json\/wp\/v2\/categories?post=7581"},{"taxonomy":"post_tag","embeddable":true,"href":"https:\/\/www.elamazonico.com\/portal\/wp-json\/wp\/v2\/tags?post=7581"}],"curies":[{"name":"wp","href":"https:\/\/api.w.org\/{rel}","templated":true}]}}