{"id":7506,"date":"2023-01-02T16:38:55","date_gmt":"2023-01-02T21:38:55","guid":{"rendered":"https:\/\/www.elamazonico.com\/portal\/?p=7506"},"modified":"2023-01-02T16:38:55","modified_gmt":"2023-01-02T21:38:55","slug":"mas-de-4-mil-candidatos-estan-calificados-para-participar-en-los-comicios-2023-en-loja","status":"publish","type":"post","link":"https:\/\/www.elamazonico.com\/portal\/mas-de-4-mil-candidatos-estan-calificados-para-participar-en-los-comicios-2023-en-loja\/","title":{"rendered":"M\u00e1s de 4 mil candidatos est\u00e1n calificados para participar en los comicios 2023 en Loja"},"content":{"rendered":"<p>4.774 candidaturas est\u00e1n legalmente calificadas para participar a las diferentes dignidades que se elegir\u00e1n en los comicios de 2023 en la provincia de Loja. La Sesi\u00f3n Permanente de la Junta Provincial Electoral para cumplir con este hito del Calendario Electoral concluy\u00f3 el martes 27 de diciembre.<\/p>\n<p>Del total de candidaturas 24 corresponden a la dignidad de binomio a la Prefectura, 114 a alcald\u00edas municipales, 430 a concejal\u00edas urbanas, 216 a concejal\u00edas urbanas por circunscripci\u00f3n, 400 a concejal\u00edas rurales y 3.590 a vocal\u00edas de Juntas Parroquiales. Las candidaturas a alcald\u00edas se dividen de la siguiente manera: 15 en Loja; 10 en Paltas; nueve en Gonzanam\u00e1; ocho en Chaguarpamba y Macar\u00e1; siete en Catamayo, Celica y Sozoranga; seis en Calvas, Esp\u00edndola, Puyango y Zapotillo; cinco en Pindal, Quilanga y Saraguro; y cuatro en Olmedo.<\/p>\n<p>Sandra Rodr\u00edguez Carri\u00f3n, presidenta de la Junta Provincial Electoral, se\u00f1al\u00f3 que son 680 dignidades las calificadas y para cumplir con esta etapa los vocales se instalaron en Sesi\u00f3n Permanente desde el 22 de agosto de 2022. \u201cEl trabajo ha sido arduo, pero con resultado eficaz y transparente gracias a los vocales, delegaci\u00f3n provincial y el esfuerzo de cada uno de los funcionarios electorales\u201d, acot\u00f3.<\/p>\n<p>Por su parte Luis Cisneros Jaramillo, director de la delegaci\u00f3n electoral de Loja, indic\u00f3 que se realiz\u00f3 un trabajo coordinado y con el acompa\u00f1amiento de todos los actores que participan en un proceso electoral. \u201cDe los recursos que se presentaron en contra de las resoluciones de la junta, en un 99% fueron ratificadas las decisiones de la Junta Provincial Electoral, lo que tambi\u00e9n se demuestra que se hizo un trabajo apegado a la norma, que se respet\u00f3 los derechos de participaci\u00f3n pol\u00edtica, pero que as\u00ed mismo se respet\u00f3 el marco jur\u00eddico, a efectos de poder calificar\u201d, enfatiz\u00f3.<\/p>\n<p>Las y los candidatos podr\u00e1n realizar campa\u00f1a electoral para promocionarse desde el 3 de enero hasta el 2 de febrero de 2023.<\/p>\n","protected":false},"excerpt":{"rendered":"<p>4.774 candidaturas est\u00e1n legalmente calificadas para participar a las diferentes dignidades que se elegir\u00e1n en los comicios de 2023 en la provincia de Loja. La Sesi\u00f3n Permanente de la Junta Provincial Electoral para cumplir con este hito del Calendario Electoral concluy\u00f3 el martes 27 de diciembre. Del total de candidaturas 24 corresponden a la dignidad de binomio a la Prefectura, 114 a alcald\u00edas municipales, 430 a concejal\u00edas urbanas, 216 a concejal\u00edas urbanas por circunscripci\u00f3n, 400 a concejal\u00edas rurales y 3.590 a vocal\u00edas de Juntas Parroquiales. Las candidaturas a alcald\u00edas se dividen de la siguiente manera: 15 en Loja; 10 en Paltas; nueve en Gonzanam\u00e1; ocho en Chaguarpamba y Macar\u00e1; siete en Catamayo, Celica y Sozoranga; seis en Calvas, Esp\u00edndola, Puyango y Zapotillo; cinco en Pindal, Quilanga y Saraguro; y cuatro en Olmedo. Sandra Rodr\u00edguez Carri\u00f3n, presidenta de la Junta Provincial Electoral, se\u00f1al\u00f3 que son 680 dignidades las calificadas y para cumplir con esta etapa los vocales se instalaron en Sesi\u00f3n Permanente desde el 22 de agosto de 2022. \u201cEl trabajo ha sido arduo, pero con resultado eficaz y transparente gracias a los vocales, delegaci\u00f3n provincial y el esfuerzo de cada uno de los funcionarios electorales\u201d, acot\u00f3. Por su parte Luis Cisneros Jaramillo, director de la delegaci\u00f3n electoral de Loja, indic\u00f3 que se realiz\u00f3 un trabajo coordinado y con el acompa\u00f1amiento de todos los actores que participan en un proceso electoral. \u201cDe los recursos que se presentaron en contra de las resoluciones de la junta, en un 99% fueron ratificadas las decisiones de la Junta Provincial Electoral, lo que tambi\u00e9n se demuestra que se hizo un trabajo apegado a la norma, que se respet\u00f3 los derechos de participaci\u00f3n pol\u00edtica, pero que as\u00ed mismo se respet\u00f3 el marco jur\u00eddico, a efectos de poder calificar\u201d, enfatiz\u00f3. Las y los candidatos podr\u00e1n realizar campa\u00f1a electoral para promocionarse desde el 3 de enero hasta el 2 de febrero de 2023.<\/p>\n","protected":false},"author":1,"featured_media":7507,"comment_status":"open","ping_status":"open","sticky":false,"template":"","format":"standard","meta":{"footnotes":""},"categories":[284],"tags":[],"class_list":["post-7506","post","type-post","status-publish","format-standard","has-post-thumbnail","hentry","category-noticias-loja"],"_links":{"self":[{"href":"https:\/\/www.elamazonico.com\/portal\/wp-json\/wp\/v2\/posts\/7506","targetHints":{"allow":["GET"]}}],"collection":[{"href":"https:\/\/www.elamazonico.com\/portal\/wp-json\/wp\/v2\/posts"}],"about":[{"href":"https:\/\/www.elamazonico.com\/portal\/wp-json\/wp\/v2\/types\/post"}],"author":[{"embeddable":true,"href":"https:\/\/www.elamazonico.com\/portal\/wp-json\/wp\/v2\/users\/1"}],"replies":[{"embeddable":true,"href":"https:\/\/www.elamazonico.com\/portal\/wp-json\/wp\/v2\/comments?post=7506"}],"version-history":[{"count":1,"href":"https:\/\/www.elamazonico.com\/portal\/wp-json\/wp\/v2\/posts\/7506\/revisions"}],"predecessor-version":[{"id":7508,"href":"https:\/\/www.elamazonico.com\/portal\/wp-json\/wp\/v2\/posts\/7506\/revisions\/7508"}],"wp:featuredmedia":[{"embeddable":true,"href":"https:\/\/www.elamazonico.com\/portal\/wp-json\/wp\/v2\/media\/7507"}],"wp:attachment":[{"href":"https:\/\/www.elamazonico.com\/portal\/wp-json\/wp\/v2\/media?parent=7506"}],"wp:term":[{"taxonomy":"category","embeddable":true,"href":"https:\/\/www.elamazonico.com\/portal\/wp-json\/wp\/v2\/categories?post=7506"},{"taxonomy":"post_tag","embeddable":true,"href":"https:\/\/www.elamazonico.com\/portal\/wp-json\/wp\/v2\/tags?post=7506"}],"curies":[{"name":"wp","href":"https:\/\/api.w.org\/{rel}","templated":true}]}}