{"id":742,"date":"2021-08-24T09:42:00","date_gmt":"2021-08-24T14:42:00","guid":{"rendered":"https:\/\/www.elamazonico.comportal\/?p=742"},"modified":"2021-08-24T09:42:05","modified_gmt":"2021-08-24T14:42:05","slug":"los-taliban-prohiben-a-los-afganos-ir-al-aeropuerto-de-kabul","status":"publish","type":"post","link":"https:\/\/www.elamazonico.com\/portal\/los-taliban-prohiben-a-los-afganos-ir-al-aeropuerto-de-kabul\/","title":{"rendered":"Los talib\u00e1n proh\u00edben a los afganos ir al aeropuerto de Kabul"},"content":{"rendered":"\n<p>Los talib\u00e1n han anunciado este martes que ya no permitir\u00e1n el paso de ciudadanos afganos hacia el aeropuerto de Kabul, alegando que la situaci\u00f3n es ca\u00f3tica por el gran n\u00famero de personas que buscan una salida del pa\u00eds asi\u00e1tico en pleno proceso de evacuaci\u00f3n internacional.<\/p>\n\n\n\n<p>Un portavoz talib\u00e1n, Zabihul\u00e1 Muyahid, ha emplazado en rueda de prensa a quienes est\u00e1n en las inmediaciones del aer\u00f3dromo a abandonarlo e irse a sus casas, en la medida en que no se podr\u00eda garantizar su seguridad, seg\u00fan la radiotelevisi\u00f3n p\u00fablica brit\u00e1nica BBC.<\/p>\n\n\n\n<p>Asimismo, ha lamentado que las autoridades de Estados Unidos est\u00e9n alentando a los afganos a irse del pa\u00eds. \u00abNecesitamos su talento\u00bb, ha afirmado Muyahid, que aspira a que Afganist\u00e1n no pierda a profesionales de los campos que te\u00f3ricamente pueden verse m\u00e1s amenazados por el avance insurgente.<\/p>\n","protected":false},"excerpt":{"rendered":"<p>Los talib\u00e1n han anunciado este martes que ya no permitir\u00e1n el paso de ciudadanos afganos hacia el aeropuerto de Kabul, alegando que la situaci\u00f3n es ca\u00f3tica por el gran n\u00famero de personas que buscan una salida del pa\u00eds asi\u00e1tico en pleno proceso de evacuaci\u00f3n internacional. Un portavoz talib\u00e1n, Zabihul\u00e1 Muyahid, ha emplazado en rueda de prensa a quienes est\u00e1n en las inmediaciones del aer\u00f3dromo a abandonarlo e irse a sus casas, en la medida en que no se podr\u00eda garantizar su seguridad, seg\u00fan la radiotelevisi\u00f3n p\u00fablica brit\u00e1nica BBC. Asimismo, ha lamentado que las autoridades de Estados Unidos est\u00e9n alentando a los afganos a irse del pa\u00eds. \u00abNecesitamos su talento\u00bb, ha afirmado Muyahid, que aspira a que Afganist\u00e1n no pierda a profesionales de los campos que te\u00f3ricamente pueden verse m\u00e1s amenazados por el avance insurgente.<\/p>\n","protected":false},"author":1,"featured_media":743,"comment_status":"open","ping_status":"open","sticky":false,"template":"","format":"standard","meta":{"footnotes":""},"categories":[5],"tags":[],"class_list":["post-742","post","type-post","status-publish","format-standard","has-post-thumbnail","hentry","category-internacionales"],"_links":{"self":[{"href":"https:\/\/www.elamazonico.com\/portal\/wp-json\/wp\/v2\/posts\/742","targetHints":{"allow":["GET"]}}],"collection":[{"href":"https:\/\/www.elamazonico.com\/portal\/wp-json\/wp\/v2\/posts"}],"about":[{"href":"https:\/\/www.elamazonico.com\/portal\/wp-json\/wp\/v2\/types\/post"}],"author":[{"embeddable":true,"href":"https:\/\/www.elamazonico.com\/portal\/wp-json\/wp\/v2\/users\/1"}],"replies":[{"embeddable":true,"href":"https:\/\/www.elamazonico.com\/portal\/wp-json\/wp\/v2\/comments?post=742"}],"version-history":[{"count":1,"href":"https:\/\/www.elamazonico.com\/portal\/wp-json\/wp\/v2\/posts\/742\/revisions"}],"predecessor-version":[{"id":744,"href":"https:\/\/www.elamazonico.com\/portal\/wp-json\/wp\/v2\/posts\/742\/revisions\/744"}],"wp:featuredmedia":[{"embeddable":true,"href":"https:\/\/www.elamazonico.com\/portal\/wp-json\/wp\/v2\/media\/743"}],"wp:attachment":[{"href":"https:\/\/www.elamazonico.com\/portal\/wp-json\/wp\/v2\/media?parent=742"}],"wp:term":[{"taxonomy":"category","embeddable":true,"href":"https:\/\/www.elamazonico.com\/portal\/wp-json\/wp\/v2\/categories?post=742"},{"taxonomy":"post_tag","embeddable":true,"href":"https:\/\/www.elamazonico.com\/portal\/wp-json\/wp\/v2\/tags?post=742"}],"curies":[{"name":"wp","href":"https:\/\/api.w.org\/{rel}","templated":true}]}}