{"id":7405,"date":"2022-12-28T19:58:02","date_gmt":"2022-12-29T00:58:02","guid":{"rendered":"https:\/\/www.elamazonico.com\/portal\/?p=7405"},"modified":"2022-12-28T19:58:02","modified_gmt":"2022-12-29T00:58:02","slug":"afe-contempla-paro-de-futbolistas-debido-a-ocho-extranjeros","status":"publish","type":"post","link":"https:\/\/www.elamazonico.com\/portal\/afe-contempla-paro-de-futbolistas-debido-a-ocho-extranjeros\/","title":{"rendered":"AFE contempla paro de futbolistas debido a ocho extranjeros"},"content":{"rendered":"<p id=\"m12-11-13\">La Asociaci\u00f3n de Futbolistas Ecuatorianos (<b>AFE<\/b>) y su presidente\u00a0<b>Carlos Tenorio<\/b>\u00a0tomar\u00e1n acciones debido al aumento de cupos para extranjeros en LigaPro. La paralizaci\u00f3n de los futbolistas est\u00e1 contemplada.<\/p>\n<p id=\"m113-1-114\">\n\u200bDe cara a la temporada 2023, 19 de los 26 clubes de la LigaPro -Serie A y B- aprobaron ampliar las plazas para jugadores for\u00e1neos. Los cupos se ampliaron de<b>\u00a0seis a ocho<\/b>, no tendr\u00e1n limitaciones para alinearse en cancha y tampoco habr\u00e1 inconvenientes en caso de que un equipo tenga nacionalizados.<\/p>\n<p>Los clubes que se opusieron a la medida fueron El Nacional, Orense, Universidad Cat\u00f3lica, Am\u00e9rica de Quito y Manta. A ellos tambi\u00e9n se les unieron glorias del balompi\u00e9 nacional como\u00a0<b>Antonio Valencia, Franklin Salas<\/b>\u00a0y Carlos Tenorio desde la AFE.<\/p>\n<p>Si bien en un inicio, el &#8216;Demoledor&#8217; y su instituci\u00f3n tan solo rechazaron la resoluci\u00f3n, ahora tienen pensado tomar\u00a0<b>medidas<\/b>. Carlos Tenorio convers\u00f3 con EL COMERCIO y Bendito F\u00fatbol, donde se\u00f1al\u00f3 que, de ser necesario, se convocar\u00eda a la paralizaci\u00f3n de sus representados.<\/p>\n<p>\u00ab<b>Estamos dispuestos a convocar a un paro, a parar el campeonato. Nosotros no queremos llegar a tomar ninguna medida que perjudique, pero s\u00ed necesitamos ser escuchados<\/b>\u00a0y que esta decisi\u00f3n tenga una explicaci\u00f3n. No cualquiera, no decir: &#8216;es que el jugador ecuatoriano hoy&#8230; es que vamos a abaratar costos&#8217;, (eso) es una mentira.<br \/>\nTienen que explicar c\u00f3mo van a disminuir los costos y cu\u00e1l es el motivo de incrementar ocho extranjeros. Muy dif\u00edcil.\u00bb, manifest\u00f3.<\/p>\n<p>El exfutbolista se\u00f1al\u00f3 que desde su posici\u00f3n pelear\u00e1 por defender los\u00a0<b>derechos laborales<\/b>\u00a0de los futbolistas ecuatorianos. Adem\u00e1s, se\u00f1al\u00f3 que la AFE envi\u00f3 una carta hacia la LigaPro, la Federaci\u00f3n Ecuatoriana de F\u00fatbol (FEF) y GolTv -canal due\u00f1o de derechos de transmisi\u00f3n- para manifestar su malestar.<\/p>\n<h3 id=\"m160-2-161\">\n\u00bfHabr\u00e1 otras medidas desde la AFE?<\/h3>\n<p id=\"m170-3-171\">Antes de llegar a una eventual paralizaci\u00f3n, Tenorio sostuvo que continuar\u00e1n en\u00a0<b>resistencia\u00a0<\/b>a la decisi\u00f3n de los clubes de la LigaPro. Para ello tomar\u00e1n otras medidas que espera surtan efecto.<\/p>\n<p>El directivo se\u00f1al\u00f3 que, adem\u00e1s de\u00a0<b>leyendas\u00a0<\/b>del balompi\u00e9 nacional, tambi\u00e9n cuenta con el apoyo de futbolistas en actividad. De tal manera, el considera que es necesario que estos muestren su postura dentro de la cruzada.<\/p>\n<p>\u00ab<b>Vamos a armar una campa\u00f1a para que todos en sus redes coloquen y manifiesten el rechazo<\/b>\u00a0a las decisiones que ma\u00f1ana nos afectan. Si nosotros, como AFE, no recibimos un pronuciamiento de la LigaPro ni de la FEF, iremos a \u00faltimas instancias\u00bb, puntualiz\u00f3 el &#8216;Demoledor&#8217;.<\/p>\n<p>Con las medidas a tomar se espera que la decisi\u00f3n que fue aprobada en el Consejo de Presidentes de la LigaPro sea revertida. De igual forma, el dirigente consider\u00f3 que ser\u00eda mucho mejor si, inclusive, se puede reducir el cupo de\u00a0<b>seis extranjeros<\/b>\u00a0que exist\u00eda previamente.<\/p>\n<p>Dentro de las acciones m\u00e1s pr\u00f3ximas, la instituci\u00f3n brindar\u00e1 una rueda de prensa sobre el tema. Esta ser\u00e1 e<b>l 4 de enero de 2023.\u00a0<\/b><\/p>\n<h3 id=\"m200-4-201\">\nInconformidad con manejo dirigencial y afecci\u00f3n al f\u00fatbol nacional<\/h3>\n<p id=\"m210-5-211\">El rechazo a la resoluci\u00f3n, para Tenorio, no solo va por la afecci\u00f3n que le genera el aumento de cupos extranjeros al f\u00fatbol nacional, sino por el\u00a0<b>manejo dirigencial<\/b>\u00a0de este. De manera personal, \u00e9l sostiene que tambi\u00e9n ha dado su postura como referente del balompi\u00e9 y con el objetivo de salvaguardarlo en el presente y futuro.<\/p>\n<p>Seg\u00fan el representante de los jugadores, la decisi\u00f3n se la tom\u00f3 sin tener en cuenta lo\u00a0<b>perjudicial\u00a0<\/b>que puede ser para estos y la vulneraci\u00f3n hacia sus derechos. A su vez, consider\u00f3 que debi\u00f3 existir un di\u00e1logo previo para analizar la iniciativa.<\/p>\n<p>\u00ab<b>\u00bfCu\u00e1ndo van a aparecer los jugadores j\u00f3venes o los chicos si tienes todas las plazas copadas?<\/b>\u00a0Y el dinero nos interesa que se quede ac\u00e1. Creo que es suficiente, para un pa\u00eds de 18 millones, cuatro o cinco extranjeros. (&#8230;) Est\u00e1s entrando en lo humano, me est\u00e1s mermando una plaza laboral que ma\u00f1ana puede mantener a una familia\u00bb, especific\u00f3 Tenorio.<\/p>\n<p>El presidente de la AFE, adem\u00e1s, fue cr\u00edtico con la\u00a0<b>FEF\u00a0<\/b>debido a que no ha emitido una postura como ente rector del f\u00fatbol nacional. Asimismo, se\u00f1al\u00f3 que se ha invisibilizado a los futbolistas al momento de tomar decisiones. <strong>Fuente: Bendito F\u00fatbol<\/strong><\/p>\n","protected":false},"excerpt":{"rendered":"<p>La Asociaci\u00f3n de Futbolistas Ecuatorianos (AFE) y su presidente\u00a0Carlos Tenorio\u00a0tomar\u00e1n acciones debido al aumento de cupos para extranjeros en LigaPro. La paralizaci\u00f3n de los futbolistas est\u00e1 contemplada. \u200bDe cara a la temporada 2023, 19 de los 26 clubes de la LigaPro -Serie A y B- aprobaron ampliar las plazas para jugadores for\u00e1neos. Los cupos se ampliaron de\u00a0seis a ocho, no tendr\u00e1n limitaciones para alinearse en cancha y tampoco habr\u00e1 inconvenientes en caso de que un equipo tenga nacionalizados. Los clubes que se opusieron a la medida fueron El Nacional, Orense, Universidad Cat\u00f3lica, Am\u00e9rica de Quito y Manta. A ellos tambi\u00e9n se les unieron glorias del balompi\u00e9 nacional como\u00a0Antonio Valencia, Franklin Salas\u00a0y Carlos Tenorio desde la AFE. Si bien en un inicio, el &#8216;Demoledor&#8217; y su instituci\u00f3n tan solo rechazaron la resoluci\u00f3n, ahora tienen pensado tomar\u00a0medidas. Carlos Tenorio convers\u00f3 con EL COMERCIO y Bendito F\u00fatbol, donde se\u00f1al\u00f3 que, de ser necesario, se convocar\u00eda a la paralizaci\u00f3n de sus representados. \u00abEstamos dispuestos a convocar a un paro, a parar el campeonato. Nosotros no queremos llegar a tomar ninguna medida que perjudique, pero s\u00ed necesitamos ser escuchados\u00a0y que esta decisi\u00f3n tenga una explicaci\u00f3n. No cualquiera, no decir: &#8216;es que el jugador ecuatoriano hoy&#8230; es que vamos a abaratar costos&#8217;, (eso) es una mentira. Tienen que explicar c\u00f3mo van a disminuir los costos y cu\u00e1l es el motivo de incrementar ocho extranjeros. Muy dif\u00edcil.\u00bb, manifest\u00f3. El exfutbolista se\u00f1al\u00f3 que desde su posici\u00f3n pelear\u00e1 por defender los\u00a0derechos laborales\u00a0de los futbolistas ecuatorianos. Adem\u00e1s, se\u00f1al\u00f3 que la AFE envi\u00f3 una carta hacia la LigaPro, la Federaci\u00f3n Ecuatoriana de F\u00fatbol (FEF) y GolTv -canal due\u00f1o de derechos de transmisi\u00f3n- para manifestar su malestar. \u00bfHabr\u00e1 otras medidas desde la AFE? Antes de llegar a una eventual paralizaci\u00f3n, Tenorio sostuvo que continuar\u00e1n en\u00a0resistencia\u00a0a la decisi\u00f3n de los clubes de la LigaPro. Para ello tomar\u00e1n otras medidas que espera surtan efecto. El directivo se\u00f1al\u00f3 que, adem\u00e1s de\u00a0leyendas\u00a0del balompi\u00e9 nacional, tambi\u00e9n cuenta con el apoyo de futbolistas en actividad. De tal manera, el considera que es necesario que estos muestren su postura dentro de la cruzada. \u00abVamos a armar una campa\u00f1a para que todos en sus redes coloquen y manifiesten el rechazo\u00a0a las decisiones que ma\u00f1ana nos afectan. Si nosotros, como AFE, no recibimos un pronuciamiento de la LigaPro ni de la FEF, iremos a \u00faltimas instancias\u00bb, puntualiz\u00f3 el &#8216;Demoledor&#8217;. Con las medidas a tomar se espera que la decisi\u00f3n que fue aprobada en el Consejo de Presidentes de la LigaPro sea revertida. De igual forma, el dirigente consider\u00f3 que ser\u00eda mucho mejor si, inclusive, se puede reducir el cupo de\u00a0seis extranjeros\u00a0que exist\u00eda previamente. Dentro de las acciones m\u00e1s pr\u00f3ximas, la instituci\u00f3n brindar\u00e1 una rueda de prensa sobre el tema. Esta ser\u00e1 el 4 de enero de 2023.\u00a0 Inconformidad con manejo dirigencial y afecci\u00f3n al f\u00fatbol nacional El rechazo a la resoluci\u00f3n, para Tenorio, no solo va por la afecci\u00f3n que le genera el aumento de cupos extranjeros al f\u00fatbol nacional, sino por el\u00a0manejo dirigencial\u00a0de este. De manera personal, \u00e9l sostiene que tambi\u00e9n ha dado su postura como referente del balompi\u00e9 y con el objetivo de salvaguardarlo en el presente y futuro. Seg\u00fan el representante de los jugadores, la decisi\u00f3n se la tom\u00f3 sin tener en cuenta lo\u00a0perjudicial\u00a0que puede ser para estos y la vulneraci\u00f3n hacia sus derechos. A su vez, consider\u00f3 que debi\u00f3 existir un di\u00e1logo previo para analizar la iniciativa. \u00ab\u00bfCu\u00e1ndo van a aparecer los jugadores j\u00f3venes o los chicos si tienes todas las plazas copadas?\u00a0Y el dinero nos interesa que se quede ac\u00e1. Creo que es suficiente, para un pa\u00eds de 18 millones, cuatro o cinco extranjeros. (&#8230;) Est\u00e1s entrando en lo humano, me est\u00e1s mermando una plaza laboral que ma\u00f1ana puede mantener a una familia\u00bb, especific\u00f3 Tenorio. El presidente de la AFE, adem\u00e1s, fue cr\u00edtico con la\u00a0FEF\u00a0debido a que no ha emitido una postura como ente rector del f\u00fatbol nacional. Asimismo, se\u00f1al\u00f3 que se ha invisibilizado a los futbolistas al momento de tomar decisiones. Fuente: Bendito F\u00fatbol<\/p>\n","protected":false},"author":1,"featured_media":7406,"comment_status":"open","ping_status":"open","sticky":false,"template":"","format":"standard","meta":{"footnotes":""},"categories":[6],"tags":[],"class_list":["post-7405","post","type-post","status-publish","format-standard","has-post-thumbnail","hentry","category-deportes"],"_links":{"self":[{"href":"https:\/\/www.elamazonico.com\/portal\/wp-json\/wp\/v2\/posts\/7405","targetHints":{"allow":["GET"]}}],"collection":[{"href":"https:\/\/www.elamazonico.com\/portal\/wp-json\/wp\/v2\/posts"}],"about":[{"href":"https:\/\/www.elamazonico.com\/portal\/wp-json\/wp\/v2\/types\/post"}],"author":[{"embeddable":true,"href":"https:\/\/www.elamazonico.com\/portal\/wp-json\/wp\/v2\/users\/1"}],"replies":[{"embeddable":true,"href":"https:\/\/www.elamazonico.com\/portal\/wp-json\/wp\/v2\/comments?post=7405"}],"version-history":[{"count":1,"href":"https:\/\/www.elamazonico.com\/portal\/wp-json\/wp\/v2\/posts\/7405\/revisions"}],"predecessor-version":[{"id":7407,"href":"https:\/\/www.elamazonico.com\/portal\/wp-json\/wp\/v2\/posts\/7405\/revisions\/7407"}],"wp:featuredmedia":[{"embeddable":true,"href":"https:\/\/www.elamazonico.com\/portal\/wp-json\/wp\/v2\/media\/7406"}],"wp:attachment":[{"href":"https:\/\/www.elamazonico.com\/portal\/wp-json\/wp\/v2\/media?parent=7405"}],"wp:term":[{"taxonomy":"category","embeddable":true,"href":"https:\/\/www.elamazonico.com\/portal\/wp-json\/wp\/v2\/categories?post=7405"},{"taxonomy":"post_tag","embeddable":true,"href":"https:\/\/www.elamazonico.com\/portal\/wp-json\/wp\/v2\/tags?post=7405"}],"curies":[{"name":"wp","href":"https:\/\/api.w.org\/{rel}","templated":true}]}}