{"id":7359,"date":"2022-12-27T21:15:44","date_gmt":"2022-12-28T02:15:44","guid":{"rendered":"https:\/\/www.elamazonico.com\/portal\/?p=7359"},"modified":"2022-12-27T21:16:08","modified_gmt":"2022-12-28T02:16:08","slug":"el-origen-cruel-del-dia-de-los-inocentes-una-tradicion-muy-diferente-a-la-actual-que-se-celebra-hace-mas-de-1-500-anos","status":"publish","type":"post","link":"https:\/\/www.elamazonico.com\/portal\/el-origen-cruel-del-dia-de-los-inocentes-una-tradicion-muy-diferente-a-la-actual-que-se-celebra-hace-mas-de-1-500-anos\/","title":{"rendered":"El origen cruel del D\u00eda de los Inocentes, una tradici\u00f3n (muy diferente a la actual) que se celebra hace m\u00e1s de 1.500 a\u00f1os"},"content":{"rendered":"<p><strong>(CNN Espa\u00f1ol) &#8212;\u00a0<\/strong>\u00bfPreparado para gastar (y recibir) una buena dosis de bromas? Puede que disfrutes como un ni\u00f1o el D\u00eda de los Inocentes que se celebra en Latinoam\u00e9rica y Espa\u00f1a sin saber que, en el origen de esta celebraci\u00f3n, lo que hay es una historia oscura de crueldad y muerte que nada tiene que ver con el humor, pero s\u00ed mucho con la inocencia.<\/p>\n<h2>Herodes, los Reyes Magos y el relato b\u00edblico de una matanza cruel<\/h2>\n<p>El origen cristiano del D\u00eda de los Inocentes hay que buscarlo en el Evangelio de Mateo, uno de los libros del Nuevo Testamento en el que se relata la vida de Jes\u00fas.<\/p>\n<p>Resulta que unos sabios provenientes de Oriente \u2014a quienes posteriormente conocer\u00edamos como los Reyes Magos\u2014 anunciaron que estaba por nacer el mes\u00edas que, seg\u00fan las profec\u00edas, llegar\u00eda a ser el rey de Israel. Y que ten\u00edan intenci\u00f3n de ir a adorarlo.<\/p>\n<p>Herodes el Grande \u2014<a href=\"https:\/\/www.britannica.com\/biography\/Herod-king-of-Judaea\" target=\"_blank\" rel=\"noopener\">entonces rey de Judea por mandato del Imperio romano\u2014<\/a>\u00a0les dijo que, cuando lo encontraran, le avisaran d\u00f3nde estaba para poder ir \u00e9l tambi\u00e9n a adorarlo. Sin embargo, en realidad lo que quer\u00eda era matarlo, temeroso de poder perder su poder en manos de este beb\u00e9.<\/p>\n<p>Luego de conocer y adorar a Jes\u00fas, advertidos por una revelaci\u00f3n, los sabios decidieron no informar a Herodes.\u00a0 Y entonces \u00abal darse cuenta Herodes de que hab\u00eda sido burlado por los magos, mont\u00f3 en c\u00f3lera y mand\u00f3 matar a todos los ni\u00f1os que hab\u00eda en Bel\u00e9n, en toda la comarca, de dos a\u00f1os para abajo, conforme al tiempo que hab\u00eda cuidadosamente averiguado de los magos\u00bb, relata la Biblia.<\/p>\n<div class=\"outstream adfuel-rendered\" data-ad-rendered=\"true\" data-ad-rendered-size=\"fluid\">\n<div id=\"ad_out_vid_01\" class=\"ad adfuel-rendered\" data-google-query-id=\"CMfT5ruem_wCFaERigMdKjYF7w\" data-ad-rendered=\"true\">\n<div id=\"google_ads_iframe_\/8663477\/Espanol\/curiosities\/article_5__container__\"><iframe id=\"google_ads_iframe_\/8663477\/Espanol\/curiosities\/article_5\" tabindex=\"0\" title=\"advertisement\" role=\"region\" name=\"google_ads_iframe_\/8663477\/Espanol\/curiosities\/article_5\" width=\"1\" height=\"1\" frameborder=\"0\" marginwidth=\"0\" marginheight=\"0\" scrolling=\"no\" sandbox=\"allow-forms allow-pointer-lock allow-popups allow-popups-to-escape-sandbox allow-same-origin allow-scripts allow-top-navigation-by-user-activation allow-presentation\" aria-label=\"Advertisement\" data-load-complete=\"true\" data-google-container-id=\"6\" data-integralas-id-6d8ea53f-819a-b007-74e6-d0096ae617b0=\"\" data-mce-fragment=\"1\"><\/iframe><\/div>\n<\/div>\n<\/div>\n<div id=\"attachment_1319431\" class=\"wp-caption alignnone\"><a href=\"https:\/\/cnnespanol.cnn.com\/wp-content\/uploads\/2022\/12\/GettyImages-51243879.jpg?quality=100&amp;strip=info\"><img fetchpriority=\"high\" decoding=\"async\" class=\"size-large wp-image-1319431\" src=\"https:\/\/cnnespanol.cnn.com\/wp-content\/uploads\/2022\/12\/GettyImages-51243879.jpg?quality=100&amp;strip=info&amp;w=1024\" sizes=\"(max-width: 1024px) 100vw, 1024px\" srcset=\"https:\/\/cnnespanol.cnn.com\/wp-content\/uploads\/2022\/12\/GettyImages-51243879.jpg 1024w, https:\/\/cnnespanol.cnn.com\/wp-content\/uploads\/2022\/12\/GettyImages-51243879.jpg?resize=300,275 300w, https:\/\/cnnespanol.cnn.com\/wp-content\/uploads\/2022\/12\/GettyImages-51243879.jpg?resize=768,703 768w\" alt=\"Busto de Herodes el Grande, una figura central en el origen del D\u00eda de los Inocentes. (Cr\u00e9dito: Hulton Archive\/Getty Images)\" width=\"1024\" height=\"937\" aria-describedby=\"caption-attachment-1319431\" data-lazy-loaded=\"true\" \/><\/a><\/p>\n<p id=\"caption-attachment-1319431\" class=\"wp-caption-text\">Busto de Herodes el Grande, una figura central en el origen del D\u00eda de los Inocentes. (Cr\u00e9dito: Hulton Archive\/Getty Images)<\/p>\n<\/div>\n<p>(\u00bfQu\u00e9 pas\u00f3 mientras tanto con Jes\u00fas? El relato b\u00edblico dice que un \u00e1ngel se le apareci\u00f3 a Jos\u00e9 en sue\u00f1os y le dijo que huyera con el beb\u00e9 y la madre a Egipto para evitar que Herodes lo matara).<\/p>\n<p>Con el tiempo, los ni\u00f1os muertos por orden de Herodes en Bel\u00e9n se convirtieron en \u00abSantos Inocentes\u00bb y m\u00e1rtires para los cristianos.<\/p>\n<p>\u00bfCu\u00e1ntos eran? A lo largo de la historia se han manejado cifras completamente diferentes. La liturgia griega, por ejemplo, hablaba de la muerte de 14.000 varones, n\u00famero que ascend\u00eda a 64.000 para los sirios y a 144.000 entre autores de la Edad Media, seg\u00fan la\u00a0<a href=\"https:\/\/ec.aciprensa.com\/wiki\/Santos_Inocentes\" target=\"_blank\" rel=\"noopener\">Enciclopedia Cat\u00f3lica<\/a>. Los autores modernos, no obstante, establecieron cifras muy inferiores que oscilan entre los seis y los 20, teniendo en cuenta que Bel\u00e9n era un pueblo peque\u00f1o.<\/p>\n<p>(Cabe mencionar que el c\u00e9lebre historiador Flavio Josefo, una fuente clave de informaci\u00f3n sobre la \u00e9poca del nacimiento de Jes\u00fas, no mencion\u00f3 en sus trabajos esta orden de Herodes, seg\u00fan la enciclopedia. Sin embargo, s\u00ed relat\u00f3 otras crueldades cometidas por \u00e9l en el tramo final de su reinado).<\/p>\n<h2>\u00bfPor qu\u00e9 el 28 de diciembre? El v\u00ednculo con la Navidad<\/h2>\n<p>La Iglesia latina, seg\u00fan la Enciclopedia Cat\u00f3lica, instituy\u00f3 la celebraci\u00f3n en una fecha que no se conoce con exactitud pero que tuvo lugar entre finales del siglo IV y finales del siglo V. En otras palabras, la celebraci\u00f3n de los Santos Inocentes tiene m\u00e1s de 1.500 a\u00f1os de historia.<\/p>\n<p>La fecha del 28 de diciembre no est\u00e1 vinculada a los hechos narrados en la Biblia \u2014donde no hay referencias cronol\u00f3gicas exactas\u2014 sino a la celebraci\u00f3n de la Navidad.<\/p>\n<p>El objetivo era que la conmemoraci\u00f3n de los Santos Inocentes quedara enmarcada dentro de la \u00aboctava de Navidad\u00bb, el per\u00edodo de ocho d\u00edas en el que se celebra el nacimiento de Jes\u00fas, en el entendido de que los ni\u00f1os a los que Herodes mand\u00f3 matar, para la visi\u00f3n cristiana, dieron su vida por el mes\u00edas.<\/p>\n<p>(La fecha de la Navidad, por cierto, tampoco est\u00e1 vinculada a la cronolog\u00eda de los hechos.\u00a0<a href=\"https:\/\/cnnespanol.cnn.com\/2022\/12\/21\/origen-navidad-historia-orix\/\" target=\"_blank\" rel=\"noopener\">Aqu\u00ed la explicaci\u00f3n)<\/a><\/p>\n<h2>\u00abLa Fiesta de los Locos\u00bb<\/h2>\n<p>Para la Edad Media, la celebraci\u00f3n del D\u00eda de los Inocentes coincid\u00eda con un festival popular llamado \u00abFiesta de los Locos\u00bb en el que se eleg\u00edan un papa u obispo de broma y en el que se parodiaban los rituales eclesi\u00e1sticos,\u00a0<a href=\"https:\/\/www.britannica.com\/topic\/Feast-of-Fools\" target=\"_blank\" rel=\"noopener\">seg\u00fan la Enciclopedia Britannica<\/a>.<\/p>\n<p>En el marco del D\u00eda de los Inocentes \u00ablos padres abdicaban temporalmente de su autoridad\u00bb y \u00aben conventos y monasterios, se permit\u00eda a las monjas y monjes m\u00e1s j\u00f3venes actuar como abadesa y abad por un d\u00eda\u00bb, dice la Enciclopedia.<\/p>\n<p>Las fiestas, que en su origen probablemente hab\u00eda sido una adaptaci\u00f3n de la famosa Saturnalia del Imperio romano, se convirtieron en una \u00abburla de la moral y el culto cristiano\u00bb, explica la enciclopedia, que perdur\u00f3 hasta el siglo XVI pese a las sanciones de la Iglesia. <strong>Fuente: CNN<\/strong><\/p>\n","protected":false},"excerpt":{"rendered":"<p>(CNN Espa\u00f1ol) &#8212;\u00a0\u00bfPreparado para gastar (y recibir) una buena dosis de bromas? Puede que disfrutes como un ni\u00f1o el D\u00eda de los Inocentes que se celebra en Latinoam\u00e9rica y Espa\u00f1a sin saber que, en el origen de esta celebraci\u00f3n, lo que hay es una historia oscura de crueldad y muerte que nada tiene que ver con el humor, pero s\u00ed mucho con la inocencia. Herodes, los Reyes Magos y el relato b\u00edblico de una matanza cruel El origen cristiano del D\u00eda de los Inocentes hay que buscarlo en el Evangelio de Mateo, uno de los libros del Nuevo Testamento en el que se relata la vida de Jes\u00fas. Resulta que unos sabios provenientes de Oriente \u2014a quienes posteriormente conocer\u00edamos como los Reyes Magos\u2014 anunciaron que estaba por nacer el mes\u00edas que, seg\u00fan las profec\u00edas, llegar\u00eda a ser el rey de Israel. Y que ten\u00edan intenci\u00f3n de ir a adorarlo. Herodes el Grande \u2014entonces rey de Judea por mandato del Imperio romano\u2014\u00a0les dijo que, cuando lo encontraran, le avisaran d\u00f3nde estaba para poder ir \u00e9l tambi\u00e9n a adorarlo. Sin embargo, en realidad lo que quer\u00eda era matarlo, temeroso de poder perder su poder en manos de este beb\u00e9. Luego de conocer y adorar a Jes\u00fas, advertidos por una revelaci\u00f3n, los sabios decidieron no informar a Herodes.\u00a0 Y entonces \u00abal darse cuenta Herodes de que hab\u00eda sido burlado por los magos, mont\u00f3 en c\u00f3lera y mand\u00f3 matar a todos los ni\u00f1os que hab\u00eda en Bel\u00e9n, en toda la comarca, de dos a\u00f1os para abajo, conforme al tiempo que hab\u00eda cuidadosamente averiguado de los magos\u00bb, relata la Biblia. Busto de Herodes el Grande, una figura central en el origen del D\u00eda de los Inocentes. (Cr\u00e9dito: Hulton Archive\/Getty Images) (\u00bfQu\u00e9 pas\u00f3 mientras tanto con Jes\u00fas? El relato b\u00edblico dice que un \u00e1ngel se le apareci\u00f3 a Jos\u00e9 en sue\u00f1os y le dijo que huyera con el beb\u00e9 y la madre a Egipto para evitar que Herodes lo matara). Con el tiempo, los ni\u00f1os muertos por orden de Herodes en Bel\u00e9n se convirtieron en \u00abSantos Inocentes\u00bb y m\u00e1rtires para los cristianos. \u00bfCu\u00e1ntos eran? A lo largo de la historia se han manejado cifras completamente diferentes. La liturgia griega, por ejemplo, hablaba de la muerte de 14.000 varones, n\u00famero que ascend\u00eda a 64.000 para los sirios y a 144.000 entre autores de la Edad Media, seg\u00fan la\u00a0Enciclopedia Cat\u00f3lica. Los autores modernos, no obstante, establecieron cifras muy inferiores que oscilan entre los seis y los 20, teniendo en cuenta que Bel\u00e9n era un pueblo peque\u00f1o. (Cabe mencionar que el c\u00e9lebre historiador Flavio Josefo, una fuente clave de informaci\u00f3n sobre la \u00e9poca del nacimiento de Jes\u00fas, no mencion\u00f3 en sus trabajos esta orden de Herodes, seg\u00fan la enciclopedia. Sin embargo, s\u00ed relat\u00f3 otras crueldades cometidas por \u00e9l en el tramo final de su reinado). \u00bfPor qu\u00e9 el 28 de diciembre? El v\u00ednculo con la Navidad La Iglesia latina, seg\u00fan la Enciclopedia Cat\u00f3lica, instituy\u00f3 la celebraci\u00f3n en una fecha que no se conoce con exactitud pero que tuvo lugar entre finales del siglo IV y finales del siglo V. En otras palabras, la celebraci\u00f3n de los Santos Inocentes tiene m\u00e1s de 1.500 a\u00f1os de historia. La fecha del 28 de diciembre no est\u00e1 vinculada a los hechos narrados en la Biblia \u2014donde no hay referencias cronol\u00f3gicas exactas\u2014 sino a la celebraci\u00f3n de la Navidad. El objetivo era que la conmemoraci\u00f3n de los Santos Inocentes quedara enmarcada dentro de la \u00aboctava de Navidad\u00bb, el per\u00edodo de ocho d\u00edas en el que se celebra el nacimiento de Jes\u00fas, en el entendido de que los ni\u00f1os a los que Herodes mand\u00f3 matar, para la visi\u00f3n cristiana, dieron su vida por el mes\u00edas. (La fecha de la Navidad, por cierto, tampoco est\u00e1 vinculada a la cronolog\u00eda de los hechos.\u00a0Aqu\u00ed la explicaci\u00f3n) \u00abLa Fiesta de los Locos\u00bb Para la Edad Media, la celebraci\u00f3n del D\u00eda de los Inocentes coincid\u00eda con un festival popular llamado \u00abFiesta de los Locos\u00bb en el que se eleg\u00edan un papa u obispo de broma y en el que se parodiaban los rituales eclesi\u00e1sticos,\u00a0seg\u00fan la Enciclopedia Britannica. En el marco del D\u00eda de los Inocentes \u00ablos padres abdicaban temporalmente de su autoridad\u00bb y \u00aben conventos y monasterios, se permit\u00eda a las monjas y monjes m\u00e1s j\u00f3venes actuar como abadesa y abad por un d\u00eda\u00bb, dice la Enciclopedia. Las fiestas, que en su origen probablemente hab\u00eda sido una adaptaci\u00f3n de la famosa Saturnalia del Imperio romano, se convirtieron en una \u00abburla de la moral y el culto cristiano\u00bb, explica la enciclopedia, que perdur\u00f3 hasta el siglo XVI pese a las sanciones de la Iglesia. Fuente: CNN<\/p>\n","protected":false},"author":1,"featured_media":7360,"comment_status":"open","ping_status":"open","sticky":false,"template":"","format":"standard","meta":{"footnotes":""},"categories":[5],"tags":[],"class_list":["post-7359","post","type-post","status-publish","format-standard","has-post-thumbnail","hentry","category-internacionales"],"_links":{"self":[{"href":"https:\/\/www.elamazonico.com\/portal\/wp-json\/wp\/v2\/posts\/7359","targetHints":{"allow":["GET"]}}],"collection":[{"href":"https:\/\/www.elamazonico.com\/portal\/wp-json\/wp\/v2\/posts"}],"about":[{"href":"https:\/\/www.elamazonico.com\/portal\/wp-json\/wp\/v2\/types\/post"}],"author":[{"embeddable":true,"href":"https:\/\/www.elamazonico.com\/portal\/wp-json\/wp\/v2\/users\/1"}],"replies":[{"embeddable":true,"href":"https:\/\/www.elamazonico.com\/portal\/wp-json\/wp\/v2\/comments?post=7359"}],"version-history":[{"count":1,"href":"https:\/\/www.elamazonico.com\/portal\/wp-json\/wp\/v2\/posts\/7359\/revisions"}],"predecessor-version":[{"id":7361,"href":"https:\/\/www.elamazonico.com\/portal\/wp-json\/wp\/v2\/posts\/7359\/revisions\/7361"}],"wp:featuredmedia":[{"embeddable":true,"href":"https:\/\/www.elamazonico.com\/portal\/wp-json\/wp\/v2\/media\/7360"}],"wp:attachment":[{"href":"https:\/\/www.elamazonico.com\/portal\/wp-json\/wp\/v2\/media?parent=7359"}],"wp:term":[{"taxonomy":"category","embeddable":true,"href":"https:\/\/www.elamazonico.com\/portal\/wp-json\/wp\/v2\/categories?post=7359"},{"taxonomy":"post_tag","embeddable":true,"href":"https:\/\/www.elamazonico.com\/portal\/wp-json\/wp\/v2\/tags?post=7359"}],"curies":[{"name":"wp","href":"https:\/\/api.w.org\/{rel}","templated":true}]}}