{"id":7321,"date":"2022-12-27T06:03:50","date_gmt":"2022-12-27T11:03:50","guid":{"rendered":"https:\/\/www.elamazonico.com\/portal\/?p=7321"},"modified":"2022-12-27T06:03:50","modified_gmt":"2022-12-27T11:03:50","slug":"para-el-papa-francisco-los-actuales-conflictos-son-parte-de-una-tercera-guerra-mundial","status":"publish","type":"post","link":"https:\/\/www.elamazonico.com\/portal\/para-el-papa-francisco-los-actuales-conflictos-son-parte-de-una-tercera-guerra-mundial\/","title":{"rendered":"Para el Papa Francisco, los actuales conflictos son parte de una \u00abTercera Guerra Mundial\u00bb"},"content":{"rendered":"<p class=\"p_0\">El\u00a0<b>Papa Francisco\u00a0<\/b>pidi\u00f3 hoy \u00abque se\u00a0<b>iluminen las mentes\u00a0<\/b>de quienes tienen el\u00a0<b>poder\u00a0<\/b>de acallar las\u00a0<b>armas<\/b>\u00bb y \u00abse\u00a0<b>ponga fin inmediatamente<\/b>\u00bb a la \u00ab<b>insensata<\/b>\u00bb\u00a0<b>guerra\u00a0<\/b>en\u00a0<b>Ucrania<\/b>, y denunci\u00f3 que \u00ab<b>vientos de guerra soplan g\u00e9lidos sobre la humanidad<\/b>\u00ab, en el mensaje de Navidad pronunciado desde la logia central de la bas\u00edlica de San Pedro antes de la bendici\u00f3n Urbi et Otbi.<\/p>\n<p class=\"p_1\">Ante las decenas de miles de personas congregadas en la plaza, el papa pidi\u00f3 recordar \u00ablos rostros de los hermanos y hermanas ucranianos, que viven esta\u00a0<b>Navidad\u00a0<\/b>en la oscuridad, a la\u00a0<b>intemperie\u00a0<\/b>o\u00a0<b>lejos de sus hogares<\/b>, a causa de la\u00a0<b>destrucci\u00f3n\u00a0<\/b>ocasionada por\u00a0<b>diez meses de guerra<\/b>\u00ab.<\/p>\n<p class=\"p_2\">Y mientras contin\u00faan los bombardeos en Ucrania, realiz\u00f3 un llamamiento para \u00abque el Se\u00f1or nos disponga a realizar\u00a0<b>gestos concretos de solidaridad\u00a0<\/b>para ayudar a quienes est\u00e1n sufriendo, e ilumine las mentes de quienes tienen el poder de\u00a0<b>acallar las armas\u00a0<\/b>y poner fin inmediatamente a esta guerra insensata\u00bb.<\/p>\n<p class=\"p_3\">\u00abLamentablemente, se prefiere escuchar\u00a0<b>otras razones<\/b>, dictadas por las l\u00f3gicas del mundo. Pero\u00a0<b>la voz del Ni\u00f1o<\/b>, \u00bfqui\u00e9n la escucha?\u00bb, clam\u00f3 Francisco desde el lugar donde se asom\u00f3 al mundo por primera vez como papa el 13 de marzo de 2013. En este mensaje de Navidad que se ha convertido en una<b>\u00a0tradici\u00f3n\u00a0<\/b>para\u00a0<b>repasar los conflictos y males en el mundo<\/b>, lament\u00f3 \u00abque nuestro tiempo est\u00e1 viviendo una\u00a0<b>grave carest\u00eda de paz\u00a0<\/b>tambi\u00e9n en otras regiones, en otros escenarios de esta\u00a0<b>tercera guerra mundial<\/b>\u00ab.<\/p>\n<p class=\"p_4\"><b>VIENTOS DE GUERRA CONTIN\u00daAN SOPLANDO SOBRE LA HUMANIDAD<\/b><\/p>\n<p class=\"p_5\">Constat\u00f3 \u00abcon dolor\u00bb que, \u00abal mismo tiempo que se nos da el Pr\u00edncipe de la paz,\u00a0<b>crudos vientos de guerra\u00a0<\/b>contin\u00faan\u00a0<b>soplando g\u00e9lidos sobre la humanidad<\/b>\u00ab. Y cit\u00f3 Siria \u00abtodav\u00eda martirizada por un conflicto que pas\u00f3 a segundo plano pero que no ha acabado\u00bb; Tierra Santa, \u00abdonde durante los meses pasados\u00a0<b>aumentaron\u00a0<\/b>la\u00a0<b>violencia\u00a0<\/b>y los\u00a0<b>conflictos<\/b>, con muertos y heridos\u00bb e implor\u00f3 para que \u00abse\u00a0<b>retome el di\u00e1logo\u00a0<\/b>y la b\u00fasqueda de confianza rec\u00edproca entre\u00a0<b>israel\u00edes\u00a0<\/b>y\u00a0<b>palestinos<\/b>\u00ab.<\/p>\n<p class=\"p_6\">Pidi\u00f3 tambi\u00e9n al Ni\u00f1o Jes\u00fas \u00abque ayude en particular al\u00a0<b>L\u00edbano<\/b>, para que finalmente pueda recuperarse, con el\u00a0<b>apoyo\u00a0<\/b>de la\u00a0<b>comunidad internacional\u00a0<\/b>y con la\u00a0<b>fuerza de la fraternidad y de la solidaridad<\/b>\u00bb y \u00abque la luz de Cristo ilumine la regi\u00f3n del Sahel, donde la\u00a0<b>convivencia pac\u00edfica\u00a0<\/b>entre\u00a0<b>pueblos\u00a0<\/b>y\u00a0<b>tradiciones\u00a0<\/b>se ve perturbada por enfrentamientos y violencia\u00bb.<\/p>\n<p class=\"p_7\">Rog\u00f3 para que llegue \u00abuna tregua duradera en\u00a0<b>Yemen<\/b>\u00bb y se vaya \u00abhacia la reconciliaci\u00f3n en\u00a0<b>Myanmar\u00a0<\/b>y en\u00a0<b>Ir\u00e1n<\/b>, para que cese todo\u00a0<b>derramamiento de sangre<\/b>\u00ab. Tambi\u00e9n inst\u00f3 y esfuerzos para que \u00abse\u00a0<b>pacifiquen\u00a0<\/b>las\u00a0<b>tensiones pol\u00edticas y sociales\u00a0<\/b>que afectan a varios\u00a0<b>pa\u00edses del continente americano<\/b>\u00ab.<\/p>\n<p class=\"p_8\">Pidi\u00f3 al Ni\u00f1o Jes\u00fas, \u00abque inspire a las\u00a0<b>autoridades pol\u00edticas\u00a0<\/b>y a todas las\u00a0<b>personas\u00a0<\/b>de\u00a0<b>buena voluntad\u00a0<\/b>en el continente americano, a esforzarse por\u00a0<b>pacificar\u00a0<\/b>las tensiones pol\u00edticas y sociales que afectan a varios pa\u00edses; pienso particularmente en el pueblo\u00a0<b>haitiano<\/b>, que est\u00e1 sufriendo desde hace mucho tiempo\u00bb.<\/p>\n<p class=\"p_9\"><b>LAS GUERRAS UTILIZAN LA GUERRA COMO ARMA<\/b><\/p>\n<p class=\"p_10\">Francisco afirm\u00f3 que \u00aben este d\u00eda, en que es hermoso volver a reunirse alrededor de una mesa bien preparada\u00bb\u00a0<b>no olvidemos\u00a0<\/b>\u00aba las\u00a0<b>personas\u00a0<\/b>que\u00a0<b>sufren hambre<\/b>, sobre todo los\u00a0<b>ni\u00f1os<\/b>, mientras cada d\u00eda se\u00a0<b>desperdician\u00a0<\/b>grandes cantidades de\u00a0<b>alimentos\u00a0<\/b>y se\u00a0<b>derrochan bienes a cambio de armas<\/b>\u00ab.<\/p>\n<p class=\"p_11\">\u00abLa guerra en Ucrania ha agravado a\u00fan m\u00e1s la situaci\u00f3n, dejando\u00a0<b>poblaciones enteras con riesgo de carest\u00eda<\/b>, especialmente en Afganist\u00e1n y en los pa\u00edses del Cuerno de \u00c1frica\u00bb, dijo el papa, que se\u00f1al\u00f3 que \u00abtoda guerra provoca hambre y usa la comida misma como arma, impidiendo su distribuci\u00f3n a los pueblos que ya est\u00e1n sufriendo\u00bb.<\/p>\n<p class=\"p_12\">E inst\u00f3 a comprometerse, en primer lugar quienes tienen responsabilidades pol\u00edticas, para que\u00a0<b>la comida no sea m\u00e1s que un instrumento de paz<\/b>\u00ab. En su mensaje navide\u00f1o no olvid\u00f3 \u00aba las familias que est\u00e1n m\u00e1s heridas por la\u00a0<b>vida<\/b>, y en aquellas que, en este tiempo de\u00a0<b>crisis econ\u00f3mica<\/b>, tienen dificultades a causa de\u00a0<b>la falta de trabajo\u00a0<\/b>y de lo necesario para vivir\u00bb .<\/p>\n<p class=\"p_13\">As\u00ed como pidi\u00f3 adem\u00e1s \u00abno olvidar a tantos\u00a0<b>migrantes\u00a0<\/b>y\u00a0<b>refugiados\u00a0<\/b>que llaman a nuestra puerta en busca de\u00a0<b>consuelo<\/b>,\u00a0<b>calor\u00a0<\/b>y\u00a0<b>alimento<\/b>\u00bb y \u00aba los marginados, de las personas solas, de los\u00a0<b>hu\u00e9rfanos\u00a0<\/b>y de los\u00a0<b>ancianos\u00a0<\/b>que corren el riesgo de ser\u00a0<b>descartados<\/b>; de los presos que miramos s\u00f3lo por sus errores y no como seres humanos\u00bb. <strong>Fuente: Vistazo<\/strong><\/p>\n","protected":false},"excerpt":{"rendered":"<p>El\u00a0Papa Francisco\u00a0pidi\u00f3 hoy \u00abque se\u00a0iluminen las mentes\u00a0de quienes tienen el\u00a0poder\u00a0de acallar las\u00a0armas\u00bb y \u00abse\u00a0ponga fin inmediatamente\u00bb a la \u00abinsensata\u00bb\u00a0guerra\u00a0en\u00a0Ucrania, y denunci\u00f3 que \u00abvientos de guerra soplan g\u00e9lidos sobre la humanidad\u00ab, en el mensaje de Navidad pronunciado desde la logia central de la bas\u00edlica de San Pedro antes de la bendici\u00f3n Urbi et Otbi. Ante las decenas de miles de personas congregadas en la plaza, el papa pidi\u00f3 recordar \u00ablos rostros de los hermanos y hermanas ucranianos, que viven esta\u00a0Navidad\u00a0en la oscuridad, a la\u00a0intemperie\u00a0o\u00a0lejos de sus hogares, a causa de la\u00a0destrucci\u00f3n\u00a0ocasionada por\u00a0diez meses de guerra\u00ab. Y mientras contin\u00faan los bombardeos en Ucrania, realiz\u00f3 un llamamiento para \u00abque el Se\u00f1or nos disponga a realizar\u00a0gestos concretos de solidaridad\u00a0para ayudar a quienes est\u00e1n sufriendo, e ilumine las mentes de quienes tienen el poder de\u00a0acallar las armas\u00a0y poner fin inmediatamente a esta guerra insensata\u00bb. \u00abLamentablemente, se prefiere escuchar\u00a0otras razones, dictadas por las l\u00f3gicas del mundo. Pero\u00a0la voz del Ni\u00f1o, \u00bfqui\u00e9n la escucha?\u00bb, clam\u00f3 Francisco desde el lugar donde se asom\u00f3 al mundo por primera vez como papa el 13 de marzo de 2013. En este mensaje de Navidad que se ha convertido en una\u00a0tradici\u00f3n\u00a0para\u00a0repasar los conflictos y males en el mundo, lament\u00f3 \u00abque nuestro tiempo est\u00e1 viviendo una\u00a0grave carest\u00eda de paz\u00a0tambi\u00e9n en otras regiones, en otros escenarios de esta\u00a0tercera guerra mundial\u00ab. VIENTOS DE GUERRA CONTIN\u00daAN SOPLANDO SOBRE LA HUMANIDAD Constat\u00f3 \u00abcon dolor\u00bb que, \u00abal mismo tiempo que se nos da el Pr\u00edncipe de la paz,\u00a0crudos vientos de guerra\u00a0contin\u00faan\u00a0soplando g\u00e9lidos sobre la humanidad\u00ab. Y cit\u00f3 Siria \u00abtodav\u00eda martirizada por un conflicto que pas\u00f3 a segundo plano pero que no ha acabado\u00bb; Tierra Santa, \u00abdonde durante los meses pasados\u00a0aumentaron\u00a0la\u00a0violencia\u00a0y los\u00a0conflictos, con muertos y heridos\u00bb e implor\u00f3 para que \u00abse\u00a0retome el di\u00e1logo\u00a0y la b\u00fasqueda de confianza rec\u00edproca entre\u00a0israel\u00edes\u00a0y\u00a0palestinos\u00ab. Pidi\u00f3 tambi\u00e9n al Ni\u00f1o Jes\u00fas \u00abque ayude en particular al\u00a0L\u00edbano, para que finalmente pueda recuperarse, con el\u00a0apoyo\u00a0de la\u00a0comunidad internacional\u00a0y con la\u00a0fuerza de la fraternidad y de la solidaridad\u00bb y \u00abque la luz de Cristo ilumine la regi\u00f3n del Sahel, donde la\u00a0convivencia pac\u00edfica\u00a0entre\u00a0pueblos\u00a0y\u00a0tradiciones\u00a0se ve perturbada por enfrentamientos y violencia\u00bb. Rog\u00f3 para que llegue \u00abuna tregua duradera en\u00a0Yemen\u00bb y se vaya \u00abhacia la reconciliaci\u00f3n en\u00a0Myanmar\u00a0y en\u00a0Ir\u00e1n, para que cese todo\u00a0derramamiento de sangre\u00ab. Tambi\u00e9n inst\u00f3 y esfuerzos para que \u00abse\u00a0pacifiquen\u00a0las\u00a0tensiones pol\u00edticas y sociales\u00a0que afectan a varios\u00a0pa\u00edses del continente americano\u00ab. Pidi\u00f3 al Ni\u00f1o Jes\u00fas, \u00abque inspire a las\u00a0autoridades pol\u00edticas\u00a0y a todas las\u00a0personas\u00a0de\u00a0buena voluntad\u00a0en el continente americano, a esforzarse por\u00a0pacificar\u00a0las tensiones pol\u00edticas y sociales que afectan a varios pa\u00edses; pienso particularmente en el pueblo\u00a0haitiano, que est\u00e1 sufriendo desde hace mucho tiempo\u00bb. LAS GUERRAS UTILIZAN LA GUERRA COMO ARMA Francisco afirm\u00f3 que \u00aben este d\u00eda, en que es hermoso volver a reunirse alrededor de una mesa bien preparada\u00bb\u00a0no olvidemos\u00a0\u00aba las\u00a0personas\u00a0que\u00a0sufren hambre, sobre todo los\u00a0ni\u00f1os, mientras cada d\u00eda se\u00a0desperdician\u00a0grandes cantidades de\u00a0alimentos\u00a0y se\u00a0derrochan bienes a cambio de armas\u00ab. \u00abLa guerra en Ucrania ha agravado a\u00fan m\u00e1s la situaci\u00f3n, dejando\u00a0poblaciones enteras con riesgo de carest\u00eda, especialmente en Afganist\u00e1n y en los pa\u00edses del Cuerno de \u00c1frica\u00bb, dijo el papa, que se\u00f1al\u00f3 que \u00abtoda guerra provoca hambre y usa la comida misma como arma, impidiendo su distribuci\u00f3n a los pueblos que ya est\u00e1n sufriendo\u00bb. E inst\u00f3 a comprometerse, en primer lugar quienes tienen responsabilidades pol\u00edticas, para que\u00a0la comida no sea m\u00e1s que un instrumento de paz\u00ab. En su mensaje navide\u00f1o no olvid\u00f3 \u00aba las familias que est\u00e1n m\u00e1s heridas por la\u00a0vida, y en aquellas que, en este tiempo de\u00a0crisis econ\u00f3mica, tienen dificultades a causa de\u00a0la falta de trabajo\u00a0y de lo necesario para vivir\u00bb . As\u00ed como pidi\u00f3 adem\u00e1s \u00abno olvidar a tantos\u00a0migrantes\u00a0y\u00a0refugiados\u00a0que llaman a nuestra puerta en busca de\u00a0consuelo,\u00a0calor\u00a0y\u00a0alimento\u00bb y \u00aba los marginados, de las personas solas, de los\u00a0hu\u00e9rfanos\u00a0y de los\u00a0ancianos\u00a0que corren el riesgo de ser\u00a0descartados; de los presos que miramos s\u00f3lo por sus errores y no como seres humanos\u00bb. Fuente: Vistazo<\/p>\n","protected":false},"author":1,"featured_media":7322,"comment_status":"open","ping_status":"open","sticky":false,"template":"","format":"standard","meta":{"footnotes":""},"categories":[5],"tags":[],"class_list":["post-7321","post","type-post","status-publish","format-standard","has-post-thumbnail","hentry","category-internacionales"],"_links":{"self":[{"href":"https:\/\/www.elamazonico.com\/portal\/wp-json\/wp\/v2\/posts\/7321","targetHints":{"allow":["GET"]}}],"collection":[{"href":"https:\/\/www.elamazonico.com\/portal\/wp-json\/wp\/v2\/posts"}],"about":[{"href":"https:\/\/www.elamazonico.com\/portal\/wp-json\/wp\/v2\/types\/post"}],"author":[{"embeddable":true,"href":"https:\/\/www.elamazonico.com\/portal\/wp-json\/wp\/v2\/users\/1"}],"replies":[{"embeddable":true,"href":"https:\/\/www.elamazonico.com\/portal\/wp-json\/wp\/v2\/comments?post=7321"}],"version-history":[{"count":1,"href":"https:\/\/www.elamazonico.com\/portal\/wp-json\/wp\/v2\/posts\/7321\/revisions"}],"predecessor-version":[{"id":7323,"href":"https:\/\/www.elamazonico.com\/portal\/wp-json\/wp\/v2\/posts\/7321\/revisions\/7323"}],"wp:featuredmedia":[{"embeddable":true,"href":"https:\/\/www.elamazonico.com\/portal\/wp-json\/wp\/v2\/media\/7322"}],"wp:attachment":[{"href":"https:\/\/www.elamazonico.com\/portal\/wp-json\/wp\/v2\/media?parent=7321"}],"wp:term":[{"taxonomy":"category","embeddable":true,"href":"https:\/\/www.elamazonico.com\/portal\/wp-json\/wp\/v2\/categories?post=7321"},{"taxonomy":"post_tag","embeddable":true,"href":"https:\/\/www.elamazonico.com\/portal\/wp-json\/wp\/v2\/tags?post=7321"}],"curies":[{"name":"wp","href":"https:\/\/api.w.org\/{rel}","templated":true}]}}