{"id":7175,"date":"2022-12-21T10:38:50","date_gmt":"2022-12-21T15:38:50","guid":{"rendered":"https:\/\/www.elamazonico.com\/portal\/?p=7175"},"modified":"2022-12-21T10:38:50","modified_gmt":"2022-12-21T15:38:50","slug":"docente-utpl-entre-las-mejores-arquitectas-de-iberoamerica","status":"publish","type":"post","link":"https:\/\/www.elamazonico.com\/portal\/docente-utpl-entre-las-mejores-arquitectas-de-iberoamerica\/","title":{"rendered":"Docente UTPL, entre las mejores arquitectas de Iberoam\u00e9rica"},"content":{"rendered":"<p>La docente e investigadora Alexandra Moncayo Vega fue una de las profesionales homenajeadas por su trayectoria y aportes acad\u00e9micos en el marco del XV Encuentro Iberoamericano de Mujeres Ingenieras, Arquitectas y Agrimensoras.<\/p>\n<p>Alexandra Moncayo Vega, docente e investigadora de la Universidad T\u00e9cnica Particular de Loja (UTPL), particip\u00f3 del <strong>XV Encuentro Iberoamericano de Mujeres Ingenieras, Arquitectas y Agrimensoras (EIMIAA),<\/strong> que tuvo lugar en Costa Rica. Durante este evento, la profesora universitaria fue homenajeada por los organizadores por ser una de las profesionales m\u00e1s destacadas en el campo de la ingenier\u00eda y arquitectura de toda Iberoam\u00e9rica.<\/p>\n<p>EIMIAA es una organizaci\u00f3n no gubernamental sin inter\u00e9s de lucro, con sede oficial en Rep\u00fablica Dominicana, que busca desde su fundaci\u00f3n (1994) la consolidaci\u00f3n del ejercicio profesional femenino sin limitaciones de fronteras, que realizan encuentros anuales como una necesidad de establecer v\u00ednculos entre las profesionales con el fin de compartir experiencias e investigaciones t\u00e9cnicas y cient\u00edficas.<\/p>\n<p>A lo largo de su carrera profesional, Moncayo ha participado en la ejecuci\u00f3n de varias iniciativas con comunidades de Loja y Zamora, donde ha tenido oportunidad de implementar una visi\u00f3n social de la arquitectura para <strong>atender las necesidades de los habitantes de diferentes zonas y mejorar su calidad de vida.<\/strong><\/p>\n<p>\u201cEste reconocimiento me impulsa a trabajar por alcanzar nuevas metas y reafirmo mi compromiso para seguir implementando proyectos de alto impacto para localidades vulnerables, donde la arquitectura con visi\u00f3n social puede marcar una gran diferencia. En este sentido, agradezco el apoyo que me ha brindado la UTPL en la ejecuci\u00f3n de estas iniciativas y en la divulgaci\u00f3n de las mismas\u201d, expres\u00f3 Moncayo.<\/p>\n<p><strong>Trayectoria de docente investigadora<\/strong><\/p>\n<p>l reconocimiento de EIMIAA se suma a la larga lista de premios que ha cosechado Alexandra Moncayo durante su trayectoria acad\u00e9mica. En 2017, lider\u00f3 un equipo que obtuvo una medalla de oro en la vig\u00e9sima edici\u00f3n de la <strong>Bienal Panamericana de Arquitectura de Quito por el proyecto \u201cM\u00f3dulo Flexible para Napurak\u201d.<\/strong><\/p>\n<p>Por otra parte, en 2018, su iniciativa <strong>\u201cComunidad Verde Participativa\u201d<\/strong> obtuvo el segundo lugar en la categor\u00eda <strong>\u201cRepoblaci\u00f3n, ornamentaci\u00f3n urbana y construcci\u00f3n sostenible\u201d<\/strong> de la segunda edici\u00f3n de los Premios<strong> \u201cSacha\u201d, <\/strong>que son organizados por la FAO y WWF.<\/p>\n<p>Uno de sus \u00faltimos trabajos, junto a otros docentes, fue la elaboraci\u00f3n de la <strong>Carta del Paisaje del Ecuador<\/strong>, cuyo objetivo es reconocer, revalorar y proteger el paisaje ecuatoriano, as\u00ed como aprovechar su potencial natural, cultural y tur\u00edstico. Esta propuesta se llev\u00f3 el primer lugar en la categor\u00eda de investigaci\u00f3n, adem\u00e1s de menci\u00f3n honor\u00edfica, en <strong>la V Bienal Latinoamericana de Arquitectura del Paisaje 2022, que se realiz\u00f3 en M\u00e9xico.<\/strong><\/p>\n","protected":false},"excerpt":{"rendered":"<p>La docente e investigadora Alexandra Moncayo Vega fue una de las profesionales homenajeadas por su trayectoria y aportes acad\u00e9micos en el marco del XV Encuentro Iberoamericano de Mujeres Ingenieras, Arquitectas y Agrimensoras. Alexandra Moncayo Vega, docente e investigadora de la Universidad T\u00e9cnica Particular de Loja (UTPL), particip\u00f3 del XV Encuentro Iberoamericano de Mujeres Ingenieras, Arquitectas y Agrimensoras (EIMIAA), que tuvo lugar en Costa Rica. Durante este evento, la profesora universitaria fue homenajeada por los organizadores por ser una de las profesionales m\u00e1s destacadas en el campo de la ingenier\u00eda y arquitectura de toda Iberoam\u00e9rica. EIMIAA es una organizaci\u00f3n no gubernamental sin inter\u00e9s de lucro, con sede oficial en Rep\u00fablica Dominicana, que busca desde su fundaci\u00f3n (1994) la consolidaci\u00f3n del ejercicio profesional femenino sin limitaciones de fronteras, que realizan encuentros anuales como una necesidad de establecer v\u00ednculos entre las profesionales con el fin de compartir experiencias e investigaciones t\u00e9cnicas y cient\u00edficas. A lo largo de su carrera profesional, Moncayo ha participado en la ejecuci\u00f3n de varias iniciativas con comunidades de Loja y Zamora, donde ha tenido oportunidad de implementar una visi\u00f3n social de la arquitectura para atender las necesidades de los habitantes de diferentes zonas y mejorar su calidad de vida. \u201cEste reconocimiento me impulsa a trabajar por alcanzar nuevas metas y reafirmo mi compromiso para seguir implementando proyectos de alto impacto para localidades vulnerables, donde la arquitectura con visi\u00f3n social puede marcar una gran diferencia. En este sentido, agradezco el apoyo que me ha brindado la UTPL en la ejecuci\u00f3n de estas iniciativas y en la divulgaci\u00f3n de las mismas\u201d, expres\u00f3 Moncayo. Trayectoria de docente investigadora l reconocimiento de EIMIAA se suma a la larga lista de premios que ha cosechado Alexandra Moncayo durante su trayectoria acad\u00e9mica. En 2017, lider\u00f3 un equipo que obtuvo una medalla de oro en la vig\u00e9sima edici\u00f3n de la Bienal Panamericana de Arquitectura de Quito por el proyecto \u201cM\u00f3dulo Flexible para Napurak\u201d. Por otra parte, en 2018, su iniciativa \u201cComunidad Verde Participativa\u201d obtuvo el segundo lugar en la categor\u00eda \u201cRepoblaci\u00f3n, ornamentaci\u00f3n urbana y construcci\u00f3n sostenible\u201d de la segunda edici\u00f3n de los Premios \u201cSacha\u201d, que son organizados por la FAO y WWF. Uno de sus \u00faltimos trabajos, junto a otros docentes, fue la elaboraci\u00f3n de la Carta del Paisaje del Ecuador, cuyo objetivo es reconocer, revalorar y proteger el paisaje ecuatoriano, as\u00ed como aprovechar su potencial natural, cultural y tur\u00edstico. Esta propuesta se llev\u00f3 el primer lugar en la categor\u00eda de investigaci\u00f3n, adem\u00e1s de menci\u00f3n honor\u00edfica, en la V Bienal Latinoamericana de Arquitectura del Paisaje 2022, que se realiz\u00f3 en M\u00e9xico.<\/p>\n","protected":false},"author":1,"featured_media":7176,"comment_status":"open","ping_status":"open","sticky":false,"template":"","format":"standard","meta":{"footnotes":""},"categories":[268],"tags":[],"class_list":["post-7175","post","type-post","status-publish","format-standard","has-post-thumbnail","hentry","category-nacionales"],"_links":{"self":[{"href":"https:\/\/www.elamazonico.com\/portal\/wp-json\/wp\/v2\/posts\/7175","targetHints":{"allow":["GET"]}}],"collection":[{"href":"https:\/\/www.elamazonico.com\/portal\/wp-json\/wp\/v2\/posts"}],"about":[{"href":"https:\/\/www.elamazonico.com\/portal\/wp-json\/wp\/v2\/types\/post"}],"author":[{"embeddable":true,"href":"https:\/\/www.elamazonico.com\/portal\/wp-json\/wp\/v2\/users\/1"}],"replies":[{"embeddable":true,"href":"https:\/\/www.elamazonico.com\/portal\/wp-json\/wp\/v2\/comments?post=7175"}],"version-history":[{"count":1,"href":"https:\/\/www.elamazonico.com\/portal\/wp-json\/wp\/v2\/posts\/7175\/revisions"}],"predecessor-version":[{"id":7177,"href":"https:\/\/www.elamazonico.com\/portal\/wp-json\/wp\/v2\/posts\/7175\/revisions\/7177"}],"wp:featuredmedia":[{"embeddable":true,"href":"https:\/\/www.elamazonico.com\/portal\/wp-json\/wp\/v2\/media\/7176"}],"wp:attachment":[{"href":"https:\/\/www.elamazonico.com\/portal\/wp-json\/wp\/v2\/media?parent=7175"}],"wp:term":[{"taxonomy":"category","embeddable":true,"href":"https:\/\/www.elamazonico.com\/portal\/wp-json\/wp\/v2\/categories?post=7175"},{"taxonomy":"post_tag","embeddable":true,"href":"https:\/\/www.elamazonico.com\/portal\/wp-json\/wp\/v2\/tags?post=7175"}],"curies":[{"name":"wp","href":"https:\/\/api.w.org\/{rel}","templated":true}]}}