{"id":7135,"date":"2022-12-19T10:57:53","date_gmt":"2022-12-19T15:57:53","guid":{"rendered":"https:\/\/www.elamazonico.com\/portal\/?p=7135"},"modified":"2022-12-19T10:57:56","modified_gmt":"2022-12-19T15:57:56","slug":"lasso-cuestiona-que-la-asamblea-no-trate-el-proyecto-de-ley-en-materia-de-seguridad","status":"publish","type":"post","link":"https:\/\/www.elamazonico.com\/portal\/lasso-cuestiona-que-la-asamblea-no-trate-el-proyecto-de-ley-en-materia-de-seguridad\/","title":{"rendered":"Lasso cuestiona que la Asamblea no trate el proyecto de Ley en materia de Seguridad"},"content":{"rendered":"\n<p>El presidente Guillermo Lasso arremeti\u00f3 contra la Asamblea Nacional por no sesionar este domingo, 18 de diciembre de 2022. Con solo 56 legisladores registrado, el pleno del Legislativo no alcanz\u00f3 el qu\u00f3rum necesario para instalarse y la convocatoria se suspendi\u00f3. En su cuenta oficial de la red social Twitter, el Jefe de Estado public\u00f3, \u201cmientras nosotros no paramos de trabajar todos los d\u00edas y desde cualquier lugar; la Asamblea se queda sin qu\u00f3rum para tratar importante proyecto de ley para fortalecer la lucha contra la inseguridad\u201d.<\/p>\n\n\n\n<p>Esta es la segunda ocasi\u00f3n que no se instala el pleno en una sesi\u00f3n en la que se tiene previsto se apruebe el proyecto de ley que reforma varias leyes en materia de seguridad y se de la posesi\u00f3n del Superintendente de Bancos. Algo que quedar\u00e1 pendiente hasta el pr\u00f3ximo a\u00f1o ya que desde este lunes, 19 de diciembre de 2022, inicia la vacancia legislativa que se extender\u00e1 hasta el pr\u00f3ximo 3 de enero de 2023.<\/p>\n\n\n\n<p>Esto \u00faltimo tambi\u00e9n fue cuestionado por el primer mandatario quien public\u00f3 que \u201cse fueron de vacaciones hasta el 3 de enero \u00bfY la seguridad de los ecuatorianos?\u201d.<\/p>\n\n\n\n<p><strong>Posesi\u00f3n del Superintendente de Bancos<\/strong><\/p>\n\n\n\n<p>Seg\u00fan la orden judicial del juez multicompetente, \u00c1ngel Lindao, hasta este domingo 18 de diciembre se ten\u00eda que posesionar a Roberto Romero, como nuevo Superintendente de Bancos, funcionario que fue designado por el Consejo de Participaci\u00f3n Ciudadana y Control Social.<\/p>\n\n\n\n<p>No obstante, al no instalarse la sesi\u00f3n 833 no se dio cumplimiento a esta orden. En ese sentido, desde el Ministerio de Gobierno se emiti\u00f3 un comunicado que, entre otras cosas, cuestiona que la \u201cAsamblea Nacional y particularmente legisladores de las bancadas UNES y PSC, y ciertos legisladores de PK e ID, no dieron qu\u00f3rum para proceder al acto de posesi\u00f3n del nuevo Superintendente de Bancos, al que por ley estaban obligados\u201d.<\/p>\n\n\n\n<p>Desde esa cartera de Estado consideran que la posici\u00f3n tomada por la mayor\u00eda del Legislativo, \u201cirrespeta y desacata de forma expresa decisiones judiciales y constitucionales, emitidas por autoridad competente. Estaremos atentos a las resoluciones definitivas de las autoridades y alertamos a la ciudadan\u00eda sobre la forma poco responsable en que se toman decisiones institucionales dentro de la Asamblea Nacional\u201d. <strong>Fuente: Ecuador en vivo<\/strong><\/p>\n\n\n\n<figure class=\"wp-block-embed is-type-rich is-provider-twitter wp-block-embed-twitter\"><div class=\"wp-block-embed__wrapper\">\n<blockquote class=\"twitter-tweet\" data-width=\"550\" data-dnt=\"true\"><p lang=\"es\" dir=\"ltr\">Mientras nosotros no paramos de trabajar todos los d\u00edas y desde cualquier lugar; la Asamblea se queda sin qu\u00f3rum para tratar importante proyecto de ley para fortalecer la lucha contra la inseguridad. Se fueron de vacaciones hasta el 3 de enero \u00bfY la seguridad de los ecuatorianos? <a href=\"https:\/\/t.co\/Ap6ZTxUe7q\">https:\/\/t.co\/Ap6ZTxUe7q<\/a><\/p>&mdash; Guillermo Lasso (@LassoGuillermo) <a href=\"https:\/\/twitter.com\/LassoGuillermo\/status\/1604663431512072193?ref_src=twsrc%5Etfw\">December 19, 2022<\/a><\/blockquote><script async src=\"https:\/\/platform.twitter.com\/widgets.js\" charset=\"utf-8\"><\/script>\n<\/div><\/figure>\n","protected":false},"excerpt":{"rendered":"<p>El presidente Guillermo Lasso arremeti\u00f3 contra la Asamblea Nacional por no sesionar este domingo, 18 de diciembre de 2022. Con solo 56 legisladores registrado, el pleno del Legislativo no alcanz\u00f3 el qu\u00f3rum necesario para instalarse y la convocatoria se suspendi\u00f3. En su cuenta oficial de la red social Twitter, el Jefe de Estado public\u00f3, \u201cmientras nosotros no paramos de trabajar todos los d\u00edas y desde cualquier lugar; la Asamblea se queda sin qu\u00f3rum para tratar importante proyecto de ley para fortalecer la lucha contra la inseguridad\u201d. Esta es la segunda ocasi\u00f3n que no se instala el pleno en una sesi\u00f3n en la que se tiene previsto se apruebe el proyecto de ley que reforma varias leyes en materia de seguridad y se de la posesi\u00f3n del Superintendente de Bancos. Algo que quedar\u00e1 pendiente hasta el pr\u00f3ximo a\u00f1o ya que desde este lunes, 19 de diciembre de 2022, inicia la vacancia legislativa que se extender\u00e1 hasta el pr\u00f3ximo 3 de enero de 2023. Esto \u00faltimo tambi\u00e9n fue cuestionado por el primer mandatario quien public\u00f3 que \u201cse fueron de vacaciones hasta el 3 de enero \u00bfY la seguridad de los ecuatorianos?\u201d. Posesi\u00f3n del Superintendente de Bancos Seg\u00fan la orden judicial del juez multicompetente, \u00c1ngel Lindao, hasta este domingo 18 de diciembre se ten\u00eda que posesionar a Roberto Romero, como nuevo Superintendente de Bancos, funcionario que fue designado por el Consejo de Participaci\u00f3n Ciudadana y Control Social. No obstante, al no instalarse la sesi\u00f3n 833 no se dio cumplimiento a esta orden. En ese sentido, desde el Ministerio de Gobierno se emiti\u00f3 un comunicado que, entre otras cosas, cuestiona que la \u201cAsamblea Nacional y particularmente legisladores de las bancadas UNES y PSC, y ciertos legisladores de PK e ID, no dieron qu\u00f3rum para proceder al acto de posesi\u00f3n del nuevo Superintendente de Bancos, al que por ley estaban obligados\u201d. Desde esa cartera de Estado consideran que la posici\u00f3n tomada por la mayor\u00eda del Legislativo, \u201cirrespeta y desacata de forma expresa decisiones judiciales y constitucionales, emitidas por autoridad competente. Estaremos atentos a las resoluciones definitivas de las autoridades y alertamos a la ciudadan\u00eda sobre la forma poco responsable en que se toman decisiones institucionales dentro de la Asamblea Nacional\u201d. Fuente: Ecuador en vivo<\/p>\n","protected":false},"author":1,"featured_media":7136,"comment_status":"open","ping_status":"open","sticky":false,"template":"","format":"standard","meta":{"footnotes":""},"categories":[268],"tags":[],"class_list":["post-7135","post","type-post","status-publish","format-standard","has-post-thumbnail","hentry","category-nacionales"],"_links":{"self":[{"href":"https:\/\/www.elamazonico.com\/portal\/wp-json\/wp\/v2\/posts\/7135","targetHints":{"allow":["GET"]}}],"collection":[{"href":"https:\/\/www.elamazonico.com\/portal\/wp-json\/wp\/v2\/posts"}],"about":[{"href":"https:\/\/www.elamazonico.com\/portal\/wp-json\/wp\/v2\/types\/post"}],"author":[{"embeddable":true,"href":"https:\/\/www.elamazonico.com\/portal\/wp-json\/wp\/v2\/users\/1"}],"replies":[{"embeddable":true,"href":"https:\/\/www.elamazonico.com\/portal\/wp-json\/wp\/v2\/comments?post=7135"}],"version-history":[{"count":1,"href":"https:\/\/www.elamazonico.com\/portal\/wp-json\/wp\/v2\/posts\/7135\/revisions"}],"predecessor-version":[{"id":7137,"href":"https:\/\/www.elamazonico.com\/portal\/wp-json\/wp\/v2\/posts\/7135\/revisions\/7137"}],"wp:featuredmedia":[{"embeddable":true,"href":"https:\/\/www.elamazonico.com\/portal\/wp-json\/wp\/v2\/media\/7136"}],"wp:attachment":[{"href":"https:\/\/www.elamazonico.com\/portal\/wp-json\/wp\/v2\/media?parent=7135"}],"wp:term":[{"taxonomy":"category","embeddable":true,"href":"https:\/\/www.elamazonico.com\/portal\/wp-json\/wp\/v2\/categories?post=7135"},{"taxonomy":"post_tag","embeddable":true,"href":"https:\/\/www.elamazonico.com\/portal\/wp-json\/wp\/v2\/tags?post=7135"}],"curies":[{"name":"wp","href":"https:\/\/api.w.org\/{rel}","templated":true}]}}