{"id":7115,"date":"2022-12-19T06:15:53","date_gmt":"2022-12-19T11:15:53","guid":{"rendered":"https:\/\/www.elamazonico.com\/portal\/?p=7115"},"modified":"2022-12-19T06:22:50","modified_gmt":"2022-12-19T11:22:50","slug":"patron-12-de-febrero-celebra-54-anos-con-obras-de-infraestructura","status":"publish","type":"post","link":"https:\/\/www.elamazonico.com\/portal\/patron-12-de-febrero-celebra-54-anos-con-obras-de-infraestructura\/","title":{"rendered":"\u2018Patr\u00f3n\u2019 12 de febrero celebr\u00f3 54 a\u00f1os con obras de infraestructura"},"content":{"rendered":"\n<p>La Unidad Educativa 12 de Febrero, perteneciente a Zamora, este 17 de diciembre celebr\u00f3 sus 54 a\u00f1os de vida institucional con la formaci\u00f3n acad\u00e9mica de ni\u00f1os, adolescentes y j\u00f3venes. A trav\u00e9s de la gesti\u00f3n ante el gobierno provincial y mediante un convenio con el Ministerio de Educaci\u00f3n, se entregaron obras de infraestructura.<\/p>\n\n\n\n<p>La construcci\u00f3n del cerramiento de las instalaciones, la adecuaci\u00f3n de la cancha deportiva, la construcci\u00f3n de un grader\u00edo con su respectiva cubierta, son las obras que el prefecto, Cl\u00e9ver Jim\u00e9nez entreg\u00f3 e inaugur\u00f3 este 16 de diciembre. \u201cMuy contento porque tambi\u00e9n fui parte de esta instituci\u00f3n, de la planta docente donde conoc\u00edamos de las necesidades, como de otros planteles educativos de la provincia\u201d, indico la autoridad provincial.<\/p>\n\n\n\n<p>Se hizo la entrega de las obras, primordiales para controlar que los estudiantes abandonen la instituci\u00f3n en horario de clases, como el cerramiento, que indiscutiblemente, mejora las condiciones para que los estudiantes realicen sus actividades deportivas. En una segunda parte del proyecto, tienen previstos los estudios de colocaci\u00f3n de c\u00e9sped sint\u00e9tico para el pr\u00f3ximo a\u00f1o, con una edificaci\u00f3n y bater\u00edas sanitarias.&nbsp;<\/p>\n\n\n\n<p>Darwin Ochoa, exalumno y ahora docente se siente contento al apreciar el cambio en cuanto a infraestructura de la instituci\u00f3n donde los estudiantes podr\u00e1n realizar en \u00f3ptimas condiciones sus pr\u00e1cticas deportivas y acad\u00e9micas. \u201cCuando hay excelente infraestructura y se cuenta con los recursos, los docentes nos comprometemos m\u00e1s a la preparaci\u00f3n de los alumnos\u201d, expres\u00f3.<\/p>\n\n\n\n<p>Joselito Chiriboga, quien funge como rector de la instituci\u00f3n, sintetiza lo siguiente: \u201cgracias a la prefectura y mediante un convenio con el Ministerio de Educaci\u00f3n se puede cristalizar un anhelo de muchos a\u00f1os (\u2026) es una garant\u00eda para que los ni\u00f1os, adolescentes y j\u00f3venes se puedan desarrollar con mayor tranquilidad en el \u00e1mbito educativo\u201d, indic\u00f3 el docente.<\/p>\n\n\n\n<p>1611 estudiantes se est\u00e1n formando en este centro educativo, en las jornadas matutina y nocturna, donde justamente el 17 de diciembre celebran un a\u00f1o m\u00e1s de vida de esta instituci\u00f3n creada por Hern\u00e1n G\u00f3mez V\u00e1zquez.<\/p>\n\n\n\n<p>Chiriboga menciona que son peque\u00f1os avances que dan, pero hace falta muchas cosas y esperan avanzar en el parque infantil del bloque N\u00b02, un proyecto bastante avanzado en coordinaci\u00f3n con la prefectura.<\/p>\n\n\n\n<p>Invita a la comunidad estudiantil a ser parte de la instituci\u00f3n, a la cual est\u00e1n adecuando paulatinamente con los espacios para la educaci\u00f3n de la ni\u00f1ez y juventud zamorana. El rector env\u00eda un mensaje de paz y amor en esta \u00e9poca navide\u00f1a, que es un espacio para compartir con cada una de las familias.<\/p>\n","protected":false},"excerpt":{"rendered":"<p>La Unidad Educativa 12 de Febrero, perteneciente a Zamora, este 17 de diciembre celebr\u00f3 sus 54 a\u00f1os de vida institucional con la formaci\u00f3n acad\u00e9mica de ni\u00f1os, adolescentes y j\u00f3venes. A trav\u00e9s de la gesti\u00f3n ante el gobierno provincial y mediante un convenio con el Ministerio de Educaci\u00f3n, se entregaron obras de infraestructura. La construcci\u00f3n del cerramiento de las instalaciones, la adecuaci\u00f3n de la cancha deportiva, la construcci\u00f3n de un grader\u00edo con su respectiva cubierta, son las obras que el prefecto, Cl\u00e9ver Jim\u00e9nez entreg\u00f3 e inaugur\u00f3 este 16 de diciembre. \u201cMuy contento porque tambi\u00e9n fui parte de esta instituci\u00f3n, de la planta docente donde conoc\u00edamos de las necesidades, como de otros planteles educativos de la provincia\u201d, indico la autoridad provincial. Se hizo la entrega de las obras, primordiales para controlar que los estudiantes abandonen la instituci\u00f3n en horario de clases, como el cerramiento, que indiscutiblemente, mejora las condiciones para que los estudiantes realicen sus actividades deportivas. En una segunda parte del proyecto, tienen previstos los estudios de colocaci\u00f3n de c\u00e9sped sint\u00e9tico para el pr\u00f3ximo a\u00f1o, con una edificaci\u00f3n y bater\u00edas sanitarias.&nbsp; Darwin Ochoa, exalumno y ahora docente se siente contento al apreciar el cambio en cuanto a infraestructura de la instituci\u00f3n donde los estudiantes podr\u00e1n realizar en \u00f3ptimas condiciones sus pr\u00e1cticas deportivas y acad\u00e9micas. \u201cCuando hay excelente infraestructura y se cuenta con los recursos, los docentes nos comprometemos m\u00e1s a la preparaci\u00f3n de los alumnos\u201d, expres\u00f3. Joselito Chiriboga, quien funge como rector de la instituci\u00f3n, sintetiza lo siguiente: \u201cgracias a la prefectura y mediante un convenio con el Ministerio de Educaci\u00f3n se puede cristalizar un anhelo de muchos a\u00f1os (\u2026) es una garant\u00eda para que los ni\u00f1os, adolescentes y j\u00f3venes se puedan desarrollar con mayor tranquilidad en el \u00e1mbito educativo\u201d, indic\u00f3 el docente. 1611 estudiantes se est\u00e1n formando en este centro educativo, en las jornadas matutina y nocturna, donde justamente el 17 de diciembre celebran un a\u00f1o m\u00e1s de vida de esta instituci\u00f3n creada por Hern\u00e1n G\u00f3mez V\u00e1zquez. Chiriboga menciona que son peque\u00f1os avances que dan, pero hace falta muchas cosas y esperan avanzar en el parque infantil del bloque N\u00b02, un proyecto bastante avanzado en coordinaci\u00f3n con la prefectura. Invita a la comunidad estudiantil a ser parte de la instituci\u00f3n, a la cual est\u00e1n adecuando paulatinamente con los espacios para la educaci\u00f3n de la ni\u00f1ez y juventud zamorana. El rector env\u00eda un mensaje de paz y amor en esta \u00e9poca navide\u00f1a, que es un espacio para compartir con cada una de las familias.<\/p>\n","protected":false},"author":1,"featured_media":7116,"comment_status":"open","ping_status":"open","sticky":false,"template":"","format":"standard","meta":{"footnotes":""},"categories":[243],"tags":[],"class_list":["post-7115","post","type-post","status-publish","format-standard","has-post-thumbnail","hentry","category-noticias-zamora"],"_links":{"self":[{"href":"https:\/\/www.elamazonico.com\/portal\/wp-json\/wp\/v2\/posts\/7115","targetHints":{"allow":["GET"]}}],"collection":[{"href":"https:\/\/www.elamazonico.com\/portal\/wp-json\/wp\/v2\/posts"}],"about":[{"href":"https:\/\/www.elamazonico.com\/portal\/wp-json\/wp\/v2\/types\/post"}],"author":[{"embeddable":true,"href":"https:\/\/www.elamazonico.com\/portal\/wp-json\/wp\/v2\/users\/1"}],"replies":[{"embeddable":true,"href":"https:\/\/www.elamazonico.com\/portal\/wp-json\/wp\/v2\/comments?post=7115"}],"version-history":[{"count":2,"href":"https:\/\/www.elamazonico.com\/portal\/wp-json\/wp\/v2\/posts\/7115\/revisions"}],"predecessor-version":[{"id":7118,"href":"https:\/\/www.elamazonico.com\/portal\/wp-json\/wp\/v2\/posts\/7115\/revisions\/7118"}],"wp:featuredmedia":[{"embeddable":true,"href":"https:\/\/www.elamazonico.com\/portal\/wp-json\/wp\/v2\/media\/7116"}],"wp:attachment":[{"href":"https:\/\/www.elamazonico.com\/portal\/wp-json\/wp\/v2\/media?parent=7115"}],"wp:term":[{"taxonomy":"category","embeddable":true,"href":"https:\/\/www.elamazonico.com\/portal\/wp-json\/wp\/v2\/categories?post=7115"},{"taxonomy":"post_tag","embeddable":true,"href":"https:\/\/www.elamazonico.com\/portal\/wp-json\/wp\/v2\/tags?post=7115"}],"curies":[{"name":"wp","href":"https:\/\/api.w.org\/{rel}","templated":true}]}}