{"id":7103,"date":"2022-12-16T15:23:19","date_gmt":"2022-12-16T20:23:19","guid":{"rendered":"https:\/\/www.elamazonico.com\/portal\/?p=7103"},"modified":"2022-12-16T15:23:28","modified_gmt":"2022-12-16T20:23:28","slug":"crisis-en-peru-en-medio-de-las-protestas-renunciaron-dos-ministros-de-dina-boluarte","status":"publish","type":"post","link":"https:\/\/www.elamazonico.com\/portal\/crisis-en-peru-en-medio-de-las-protestas-renunciaron-dos-ministros-de-dina-boluarte\/","title":{"rendered":"Crisis en Per\u00fa: en medio de las protestas, renunciaron dos ministros de Dina Boluarte"},"content":{"rendered":"\n<p>Patricia Correa renunci\u00f3 esta ma\u00f1ana a su cargo de ministra de Educaci\u00f3n, convirti\u00e9ndose en la primera baja dentro del gabinete que jur\u00f3 hace una semana ante Dina Boluarte. \u201cEsta ma\u00f1ana he presentado mi carta de renuncia al cargo de Ministra de Estado en la cartera de educaci\u00f3n. La muerte de connacionales no tiene justificaci\u00f3n alguna. La violencia de Estado no puede ser desproporcionada y generadora de muerte\u201d.<\/p>\n\n\n\n<p>La carta de renuncia indica que \u201clas circunstancias que me llevaron a aceptar esta alta responsabilidad ha sido la de garantizar el derecho a la educaci\u00f3n de todos los estudiantes peruanos, lo que compromenten el futuro de la Rep\u00fablica, dentro de los marcos democr\u00e1tricos e institucionales\u201d, dice la carta de Ciorrea enviada a Dina Boluarte.<\/p>\n\n\n\n<p>Indica adem\u00e1s que \u201cnuestro pa\u00eds enfrenta una crisis pol\u00edtica de grandes dimensiones que demandan convicciones democr\u00e1ticas, respeto al orden y a la vez a la integridad f\u00edsica y la vida de cada ciudadano peruano, que lamentablemente se han visto vulneradas en las \u00faltimas horas\u201d.<\/p>\n\n\n\n<p>Patricia Correa sostiene, por \u00faltimo, que \u201ccomo pa\u00eds debemos y tenemos la responsabilidad de encontrar el rumbo que nos conduzca a dar un futuro viable a todos los peruanos y peruanas\u201d.<\/p>\n\n\n\n<p>Correa jur\u00f3 como ministra de Estado el s\u00e1bado 10 de diciembre como parte del nuevo Gabinete del gobierno de Dina Boluarte, quien asumi\u00f3 el poder luego que Pedro Castillo fuera destituido por intentar dar un autogolpe y cerrar el Congreso de la Rep\u00fablica.<\/p>\n\n\n\n<figure class=\"wp-block-image size-large\"><img fetchpriority=\"high\" decoding=\"async\" width=\"768\" height=\"1024\" src=\"https:\/\/www.elamazonico.com\/portal\/wp-content\/uploads\/2022\/12\/GCH2BFQLIZEXHGPEXXA6IWUUG4-768x1024.jpg\" alt=\"\" class=\"wp-image-7104\" srcset=\"https:\/\/www.elamazonico.com\/portal\/wp-content\/uploads\/2022\/12\/GCH2BFQLIZEXHGPEXXA6IWUUG4-768x1024.jpg 768w, https:\/\/www.elamazonico.com\/portal\/wp-content\/uploads\/2022\/12\/GCH2BFQLIZEXHGPEXXA6IWUUG4-225x300.jpg 225w, https:\/\/www.elamazonico.com\/portal\/wp-content\/uploads\/2022\/12\/GCH2BFQLIZEXHGPEXXA6IWUUG4-1152x1536.jpg 1152w, https:\/\/www.elamazonico.com\/portal\/wp-content\/uploads\/2022\/12\/GCH2BFQLIZEXHGPEXXA6IWUUG4.jpg 1536w\" sizes=\"(max-width: 768px) 100vw, 768px\" \/><\/figure>\n\n\n\n<p>Las cr\u00edticas al gobierno de Boluarte no han cesado tras dar el control del \u00f3rden p\u00fablico a las Fuerzas Armadas del pa\u00eds, lo que ocasion\u00f3 ocho muertos y m\u00e1s de 50 heridos en el primer d\u00eda de la declaratoria de Estado de Emergencia en todo el Per\u00fa.<\/p>\n\n\n\n<p>Las protestas en Ayacucho provocaron un enfrentamiento entre pobladores y soldados del Ej\u00e9rcito peruano en el aeropuerto y diferentes calles de la capital ayacuchana.<\/p>\n\n\n\n<p>\u201cLloramos el llanto de las madres en Ayacucho y sufrimos el dolor de las familias en todo el pa\u00eds. Hoy, en una triste jornada de violencia, nuevamente lamentamos la muerte de peruanos. Mis profundas condolencias a los deudos. Reitero mi invocaci\u00f3n a la paz\u201d, escribi\u00f3 hoy Dina Boluarte en Twitter.<\/p>\n\n\n\n<p>Sin embargo, horas m\u00e1s tarde declar\u00f3 que \u201clamento los tr\u00e1gicos acontecimientos que han cegado la vida de varios compatriotas en varias regiones del pa\u00eds. Esto tiene que parar\u201d<\/p>\n\n\n\n<p>\u201cEste Gobierno de transici\u00f3n que presido entiende y sigue recogiendo las demandas de millones de peruanas y peruanos que han salido leg\u00edtimamente a levantar su voz, la misma que seguimos. Sin embargo, condeno en\u00e9rgicamente los actos vand\u00e1licos que agunos radicales, usando la buena voluntad del pueblo en su derecho de movilizarse ,utilizaron para atentar contra polic\u00edas y militares\u201d, indic\u00f3 la jefa de Estado.<\/p>\n\n\n\n<p><strong>Tambi\u00e9n renuncia ministro de Cultura<\/strong><br>El ministro de Cultura, Ja\u00edr P\u00e9rez Br\u00e1\u00f1ez present\u00f3 su carta de renuncia indicando que \u201clos lamentables sucesos acontecidos en el pa\u00eds que tienen como saldo la irreparable p\u00e9rdida de hermanos y hermanas, hacen insostenible mi permanencia en su gobierno\u201d. Infobae.<\/p>\n","protected":false},"excerpt":{"rendered":"<p>Patricia Correa renunci\u00f3 esta ma\u00f1ana a su cargo de ministra de Educaci\u00f3n, convirti\u00e9ndose en la primera baja dentro del gabinete que jur\u00f3 hace una semana ante Dina Boluarte. \u201cEsta ma\u00f1ana he presentado mi carta de renuncia al cargo de Ministra de Estado en la cartera de educaci\u00f3n. La muerte de connacionales no tiene justificaci\u00f3n alguna. La violencia de Estado no puede ser desproporcionada y generadora de muerte\u201d. La carta de renuncia indica que \u201clas circunstancias que me llevaron a aceptar esta alta responsabilidad ha sido la de garantizar el derecho a la educaci\u00f3n de todos los estudiantes peruanos, lo que compromenten el futuro de la Rep\u00fablica, dentro de los marcos democr\u00e1tricos e institucionales\u201d, dice la carta de Ciorrea enviada a Dina Boluarte. Indica adem\u00e1s que \u201cnuestro pa\u00eds enfrenta una crisis pol\u00edtica de grandes dimensiones que demandan convicciones democr\u00e1ticas, respeto al orden y a la vez a la integridad f\u00edsica y la vida de cada ciudadano peruano, que lamentablemente se han visto vulneradas en las \u00faltimas horas\u201d. Patricia Correa sostiene, por \u00faltimo, que \u201ccomo pa\u00eds debemos y tenemos la responsabilidad de encontrar el rumbo que nos conduzca a dar un futuro viable a todos los peruanos y peruanas\u201d. Correa jur\u00f3 como ministra de Estado el s\u00e1bado 10 de diciembre como parte del nuevo Gabinete del gobierno de Dina Boluarte, quien asumi\u00f3 el poder luego que Pedro Castillo fuera destituido por intentar dar un autogolpe y cerrar el Congreso de la Rep\u00fablica. Las cr\u00edticas al gobierno de Boluarte no han cesado tras dar el control del \u00f3rden p\u00fablico a las Fuerzas Armadas del pa\u00eds, lo que ocasion\u00f3 ocho muertos y m\u00e1s de 50 heridos en el primer d\u00eda de la declaratoria de Estado de Emergencia en todo el Per\u00fa. Las protestas en Ayacucho provocaron un enfrentamiento entre pobladores y soldados del Ej\u00e9rcito peruano en el aeropuerto y diferentes calles de la capital ayacuchana. \u201cLloramos el llanto de las madres en Ayacucho y sufrimos el dolor de las familias en todo el pa\u00eds. Hoy, en una triste jornada de violencia, nuevamente lamentamos la muerte de peruanos. Mis profundas condolencias a los deudos. Reitero mi invocaci\u00f3n a la paz\u201d, escribi\u00f3 hoy Dina Boluarte en Twitter. Sin embargo, horas m\u00e1s tarde declar\u00f3 que \u201clamento los tr\u00e1gicos acontecimientos que han cegado la vida de varios compatriotas en varias regiones del pa\u00eds. Esto tiene que parar\u201d \u201cEste Gobierno de transici\u00f3n que presido entiende y sigue recogiendo las demandas de millones de peruanas y peruanos que han salido leg\u00edtimamente a levantar su voz, la misma que seguimos. Sin embargo, condeno en\u00e9rgicamente los actos vand\u00e1licos que agunos radicales, usando la buena voluntad del pueblo en su derecho de movilizarse ,utilizaron para atentar contra polic\u00edas y militares\u201d, indic\u00f3 la jefa de Estado. Tambi\u00e9n renuncia ministro de CulturaEl ministro de Cultura, Ja\u00edr P\u00e9rez Br\u00e1\u00f1ez present\u00f3 su carta de renuncia indicando que \u201clos lamentables sucesos acontecidos en el pa\u00eds que tienen como saldo la irreparable p\u00e9rdida de hermanos y hermanas, hacen insostenible mi permanencia en su gobierno\u201d. Infobae.<\/p>\n","protected":false},"author":1,"featured_media":7105,"comment_status":"open","ping_status":"open","sticky":false,"template":"","format":"standard","meta":{"footnotes":""},"categories":[5],"tags":[],"class_list":["post-7103","post","type-post","status-publish","format-standard","has-post-thumbnail","hentry","category-internacionales"],"_links":{"self":[{"href":"https:\/\/www.elamazonico.com\/portal\/wp-json\/wp\/v2\/posts\/7103","targetHints":{"allow":["GET"]}}],"collection":[{"href":"https:\/\/www.elamazonico.com\/portal\/wp-json\/wp\/v2\/posts"}],"about":[{"href":"https:\/\/www.elamazonico.com\/portal\/wp-json\/wp\/v2\/types\/post"}],"author":[{"embeddable":true,"href":"https:\/\/www.elamazonico.com\/portal\/wp-json\/wp\/v2\/users\/1"}],"replies":[{"embeddable":true,"href":"https:\/\/www.elamazonico.com\/portal\/wp-json\/wp\/v2\/comments?post=7103"}],"version-history":[{"count":1,"href":"https:\/\/www.elamazonico.com\/portal\/wp-json\/wp\/v2\/posts\/7103\/revisions"}],"predecessor-version":[{"id":7106,"href":"https:\/\/www.elamazonico.com\/portal\/wp-json\/wp\/v2\/posts\/7103\/revisions\/7106"}],"wp:featuredmedia":[{"embeddable":true,"href":"https:\/\/www.elamazonico.com\/portal\/wp-json\/wp\/v2\/media\/7105"}],"wp:attachment":[{"href":"https:\/\/www.elamazonico.com\/portal\/wp-json\/wp\/v2\/media?parent=7103"}],"wp:term":[{"taxonomy":"category","embeddable":true,"href":"https:\/\/www.elamazonico.com\/portal\/wp-json\/wp\/v2\/categories?post=7103"},{"taxonomy":"post_tag","embeddable":true,"href":"https:\/\/www.elamazonico.com\/portal\/wp-json\/wp\/v2\/tags?post=7103"}],"curies":[{"name":"wp","href":"https:\/\/api.w.org\/{rel}","templated":true}]}}