{"id":7097,"date":"2022-12-16T09:56:43","date_gmt":"2022-12-16T14:56:43","guid":{"rendered":"https:\/\/www.elamazonico.com\/portal\/?p=7097"},"modified":"2022-12-16T09:56:47","modified_gmt":"2022-12-16T14:56:47","slug":"mayra-jimenez-primera-mujer-candidata-a-alcaldia-en-la-historia-de-paquisha","status":"publish","type":"post","link":"https:\/\/www.elamazonico.com\/portal\/mayra-jimenez-primera-mujer-candidata-a-alcaldia-en-la-historia-de-paquisha\/","title":{"rendered":"<strong>Mayra Jim\u00e9nez primera mujer candidata a alcald\u00eda en la historia de Paquisha<\/strong>"},"content":{"rendered":"\n<p>De a poco y con el pasar del tiempo se ha ido forjando la participaci\u00f3n de la mujer en el \u00e1mbito pol\u00edtico, no solo como electoras, sino tambi\u00e9n como representantes en cargos de elecci\u00f3n popular. Ha ido avanzando este proceso de inclusi\u00f3n, pero las mujeres que han participado en el empoderamiento pol\u00edtico, comentan que han tenido que derrumbar barreras implantadas por el discurso machista que a\u00fan se vive en pleno siglo XXI.<\/p>\n\n\n\n<p>En el 2011 la Asamblea General de las Naciones Unidas se aprob\u00f3 la resoluci\u00f3n sobre la participaci\u00f3n de la mujer en la pol\u00edtica, como un respaldo a los derechos fundamentales y evitar que las f\u00e9minas que se desenvuelven dentro de la esfera pol\u00edtica mundial vivan eventos discriminatorios de g\u00e9nero.<\/p>\n\n\n\n<p>El Consejo Nacional Electoral el ente de control, hace alg\u00fan tiempo atr\u00e1s implement\u00f3 el porcentaje obligatorio dentro de los movimientos y organizaciones pol\u00edticas, quienes han indicado que se les ha dificultado completarlo y es ah\u00ed donde se hace la pregunta. \u00bfQu\u00e9 sucede con las mujeres que no se han decidido participar en el \u00e1mbito pol\u00edtico?, es la contraparte.<\/p>\n\n\n\n<p>Mayra Jim\u00e9nez, una ciudadana oriunda del cant\u00f3n Paquisha, quien actualmente se encuentra participando para ser la autoridad principal de ese cant\u00f3n para la dignidad de alcaldesa. Convirti\u00e9ndose en la primera mujer candidata en la historia de Paquisha, sin duda, es un precedente e incluso porque en una entrevista para Diario El Amaz\u00f3nico, se\u00f1al\u00f3 que ha sufrido agresiones verbales a trav\u00e9s de llamadas y ha recibido objetos intimidantes en su domicilio, precisamente por esta decisi\u00f3n de ser candidata.<\/p>\n\n\n\n<p>La candidata menciona que su decisi\u00f3n fue tomada porque con su emprendimiento recorri\u00f3 los sectores del cant\u00f3n e incluso de Nangaritza, donde le naci\u00f3 el deseo de servir porque el sector rural tiene necesidades como los servicios b\u00e1sicos y el tema social. Ha tenido el apoyo fundamental de su familia quienes le han brindado el respaldo y de grupos que se encuentra constantemente acompa\u00f1\u00e1ndola en este camino.<\/p>\n\n\n\n<p>Durante su estancia en Loja, ciudad a la que viaj\u00f3 para continuar y finalizar sus estudios; se desempe\u00f1\u00f3 en varias administraciones de esa ciudad, por lo cual dice tener la experiencia necesaria en estos \u00e1mbitos.<\/p>\n\n\n\n<p>Adem\u00e1s, que siempre se ha encontrado al frente de proyectos de capacitaci\u00f3n a sectores mas vulnerables dentro de las parroquias urbanas y rurales. Con todo lo vivido, se ha proyectado en trabajar por su tierra para contribuir con el desarrollo de este cant\u00f3n.<\/p>\n\n\n\n<p>Se siente animada pues cuenta con el apoyo de grupos de personas y sectores vulnerables, que se sienten identificadas y que muchas de las veces, no participan por miedo, seg\u00fan asegura Jim\u00e9nez. E invita a que las mujeres se empoderen. \u201cEn la vida no nos tenemos que detener por las dificultades, al contrario, debemos enfrentarlas con todo el respeto del mundo y aqu\u00ed estamos para continuar\u201d, asegur\u00f3 la candidata.<\/p>\n\n\n\n<p>En su caminar, se ha encontrado con problemas sociales, pues ha notado que existe un gran porcentaje de violencia intrafamiliar, los adultos mayores y ni\u00f1os, quienes viven en completo abandono, donde no cuentan con los servicios b\u00e1sicos.<\/p>\n\n\n\n<p><strong>Terna de concejales urbanos y rurales:<\/strong><\/p>\n\n\n\n<p><strong>Urbano: <\/strong>Tatiana Guerrero, Jos\u00e9 Jima.<\/p>\n\n\n\n<p><strong>Rural: <\/strong>Joffre Jaramillo, Leidy Vicente y Francisco Zamare\u00f1o.<\/p>\n\n\n\n<p><strong>Vocal de la parroquia Nuevo Quito:<\/strong> Fanny Minga<\/p>\n\n\n\n<p><strong>Vocal de la parroquia Bellavista: <\/strong>Lauro Ochoa.<\/p>\n","protected":false},"excerpt":{"rendered":"<p>De a poco y con el pasar del tiempo se ha ido forjando la participaci\u00f3n de la mujer en el \u00e1mbito pol\u00edtico, no solo como electoras, sino tambi\u00e9n como representantes en cargos de elecci\u00f3n popular. Ha ido avanzando este proceso de inclusi\u00f3n, pero las mujeres que han participado en el empoderamiento pol\u00edtico, comentan que han tenido que derrumbar barreras implantadas por el discurso machista que a\u00fan se vive en pleno siglo XXI. En el 2011 la Asamblea General de las Naciones Unidas se aprob\u00f3 la resoluci\u00f3n sobre la participaci\u00f3n de la mujer en la pol\u00edtica, como un respaldo a los derechos fundamentales y evitar que las f\u00e9minas que se desenvuelven dentro de la esfera pol\u00edtica mundial vivan eventos discriminatorios de g\u00e9nero. El Consejo Nacional Electoral el ente de control, hace alg\u00fan tiempo atr\u00e1s implement\u00f3 el porcentaje obligatorio dentro de los movimientos y organizaciones pol\u00edticas, quienes han indicado que se les ha dificultado completarlo y es ah\u00ed donde se hace la pregunta. \u00bfQu\u00e9 sucede con las mujeres que no se han decidido participar en el \u00e1mbito pol\u00edtico?, es la contraparte. Mayra Jim\u00e9nez, una ciudadana oriunda del cant\u00f3n Paquisha, quien actualmente se encuentra participando para ser la autoridad principal de ese cant\u00f3n para la dignidad de alcaldesa. Convirti\u00e9ndose en la primera mujer candidata en la historia de Paquisha, sin duda, es un precedente e incluso porque en una entrevista para Diario El Amaz\u00f3nico, se\u00f1al\u00f3 que ha sufrido agresiones verbales a trav\u00e9s de llamadas y ha recibido objetos intimidantes en su domicilio, precisamente por esta decisi\u00f3n de ser candidata. La candidata menciona que su decisi\u00f3n fue tomada porque con su emprendimiento recorri\u00f3 los sectores del cant\u00f3n e incluso de Nangaritza, donde le naci\u00f3 el deseo de servir porque el sector rural tiene necesidades como los servicios b\u00e1sicos y el tema social. Ha tenido el apoyo fundamental de su familia quienes le han brindado el respaldo y de grupos que se encuentra constantemente acompa\u00f1\u00e1ndola en este camino. Durante su estancia en Loja, ciudad a la que viaj\u00f3 para continuar y finalizar sus estudios; se desempe\u00f1\u00f3 en varias administraciones de esa ciudad, por lo cual dice tener la experiencia necesaria en estos \u00e1mbitos. Adem\u00e1s, que siempre se ha encontrado al frente de proyectos de capacitaci\u00f3n a sectores mas vulnerables dentro de las parroquias urbanas y rurales. Con todo lo vivido, se ha proyectado en trabajar por su tierra para contribuir con el desarrollo de este cant\u00f3n. Se siente animada pues cuenta con el apoyo de grupos de personas y sectores vulnerables, que se sienten identificadas y que muchas de las veces, no participan por miedo, seg\u00fan asegura Jim\u00e9nez. E invita a que las mujeres se empoderen. \u201cEn la vida no nos tenemos que detener por las dificultades, al contrario, debemos enfrentarlas con todo el respeto del mundo y aqu\u00ed estamos para continuar\u201d, asegur\u00f3 la candidata. En su caminar, se ha encontrado con problemas sociales, pues ha notado que existe un gran porcentaje de violencia intrafamiliar, los adultos mayores y ni\u00f1os, quienes viven en completo abandono, donde no cuentan con los servicios b\u00e1sicos. Terna de concejales urbanos y rurales: Urbano: Tatiana Guerrero, Jos\u00e9 Jima. Rural: Joffre Jaramillo, Leidy Vicente y Francisco Zamare\u00f1o. Vocal de la parroquia Nuevo Quito: Fanny Minga Vocal de la parroquia Bellavista: Lauro Ochoa.<\/p>\n","protected":false},"author":1,"featured_media":7098,"comment_status":"open","ping_status":"open","sticky":false,"template":"","format":"standard","meta":{"footnotes":""},"categories":[243],"tags":[],"class_list":["post-7097","post","type-post","status-publish","format-standard","has-post-thumbnail","hentry","category-noticias-zamora"],"_links":{"self":[{"href":"https:\/\/www.elamazonico.com\/portal\/wp-json\/wp\/v2\/posts\/7097","targetHints":{"allow":["GET"]}}],"collection":[{"href":"https:\/\/www.elamazonico.com\/portal\/wp-json\/wp\/v2\/posts"}],"about":[{"href":"https:\/\/www.elamazonico.com\/portal\/wp-json\/wp\/v2\/types\/post"}],"author":[{"embeddable":true,"href":"https:\/\/www.elamazonico.com\/portal\/wp-json\/wp\/v2\/users\/1"}],"replies":[{"embeddable":true,"href":"https:\/\/www.elamazonico.com\/portal\/wp-json\/wp\/v2\/comments?post=7097"}],"version-history":[{"count":1,"href":"https:\/\/www.elamazonico.com\/portal\/wp-json\/wp\/v2\/posts\/7097\/revisions"}],"predecessor-version":[{"id":7099,"href":"https:\/\/www.elamazonico.com\/portal\/wp-json\/wp\/v2\/posts\/7097\/revisions\/7099"}],"wp:featuredmedia":[{"embeddable":true,"href":"https:\/\/www.elamazonico.com\/portal\/wp-json\/wp\/v2\/media\/7098"}],"wp:attachment":[{"href":"https:\/\/www.elamazonico.com\/portal\/wp-json\/wp\/v2\/media?parent=7097"}],"wp:term":[{"taxonomy":"category","embeddable":true,"href":"https:\/\/www.elamazonico.com\/portal\/wp-json\/wp\/v2\/categories?post=7097"},{"taxonomy":"post_tag","embeddable":true,"href":"https:\/\/www.elamazonico.com\/portal\/wp-json\/wp\/v2\/tags?post=7097"}],"curies":[{"name":"wp","href":"https:\/\/api.w.org\/{rel}","templated":true}]}}