{"id":7080,"date":"2022-12-15T10:20:38","date_gmt":"2022-12-15T15:20:38","guid":{"rendered":"https:\/\/www.elamazonico.com\/portal\/?p=7080"},"modified":"2022-12-15T10:20:52","modified_gmt":"2022-12-15T15:20:52","slug":"anibal-macas-es-un-ejemplo-de-vida-para-su-familia-y-companeros-de-trabajo","status":"publish","type":"post","link":"https:\/\/www.elamazonico.com\/portal\/anibal-macas-es-un-ejemplo-de-vida-para-su-familia-y-companeros-de-trabajo\/","title":{"rendered":"<strong>Anibal Macas es un ejemplo de vida para su familia y compa\u00f1eros de trabajo<\/strong>"},"content":{"rendered":"\n<p>\u201cLa discapacidad no es una lucha valiente o coraje en frente de la adversidad. La discapacidad es un arte. Es una forma ingeniosa de vivir\u201d, dijo Neil Marcus, un dramaturgo que busc\u00f3 el desarrollo de la cultura y las formas de pensar sobre la discapacidad.<\/p>\n\n\n\n<p>Es importante dar a conocer historias de vida que incentiven a luchar por un mejor porvenir, pese a las adversidades que se presentan a lo largo de cada una de nuestras vidas. Una de aquellas es la de An\u00edbal Macas, que, durante un accidente perdi\u00f3 una de sus manos.<\/p>\n\n\n\n<p>Fue una dura situaci\u00f3n que aconteci\u00f3 hace m\u00e1s de dos d\u00e9cadas cuando \u00e9l realizaba la actividad pesquera con dinamita y en un descuido, el artefacto explot\u00f3 cuando yac\u00eda en su mano derecha, pero \u00e9l se dijo a si mismo que nada obten\u00eda sumi\u00e9ndose en la tristeza, sino que busc\u00f3 salir adelante, eso s\u00ed adapt\u00e1ndose a nuevos estilos y formas de hacer las cosas; la finalidad era cumplir con todo tal cual los dem\u00e1s, de distinta manera, pero hacerlo.<\/p>\n\n\n\n<p>No ha habido ning\u00fan impedimento para realizar sus actividades encomendadas en las distintas empresas e instituciones donde se ha desempe\u00f1ado. Durante varios a\u00f1os trabaj\u00f3 para el municipio de Centinela del C\u00f3ndor y actualmente presta sus servicios para la empresa p\u00fablica de vialidad VIALZACHIN.<\/p>\n\n\n\n<p>En esta empresa p\u00fablica trabaja desde hace 6 a\u00f1os llevando el registro del material y maquinaria que ingresa y sale; donde anota y sostiene la tabla de escritura. Con ello, sustenta los gastos de su hogar, quienes son su complemento y apoyo incondicional.<\/p>\n\n\n\n<p>\u201cVerme en la situaci\u00f3n en la que estaba, no consegu\u00eda nada, me puse fuerte para seguir trabajando. Nunca me he sentido ni m\u00e1s ni menos\u201d, explica Macas, quien enfatiza que siempre ha venido realizado diversas tareas sin ninguna complicaci\u00f3n porque se ha podido adaptar a las circunstancias.<\/p>\n\n\n\n<p>Seg\u00fan su experiencia de vida, brinda consejos a las personas con alg\u00fan tipo de discapacidad y les impulsa a levantar los \u00e1nimos, a\u00f1adiendo fuerza de voluntad y car\u00e1cter, sin caer en depresi\u00f3n o adoptar alg\u00fan vicio. De la misma forma, a los j\u00f3venes les inculca la practica de deportes que fomenten en ellos el deseo de llevar una mente y cuerpo sano. Asimismo, es importante estar al cuidado permanente desde los padres hacia los hijos.<\/p>\n\n\n\n<p>\u201cAn\u00edbal ha servido de ejemplo para su familia y tambi\u00e9n para sus compa\u00f1eros de trabajo. En esta empresa no hay ning\u00fan tipo de discriminaci\u00f3n\u201d, sintetiza Jorge G\u00e1lvez, gerente de VIALZACHIN quien indica que Macas realiza los trabajos de control de recepci\u00f3n y carga de materiales, pues lleva anotaciones.<\/p>\n\n\n\n<p>La inclusi\u00f3n social tiene el car\u00e1cter de mejorar la autoestima en el entorno donde se desenvuelven. El funcionario recalca que al igual que los otros dos trabajadores, seguir\u00e1n sus contratos hasta que finalice este y otros proyectos m\u00e1s, son algunas de las pol\u00edticas que maneja la empresa p\u00fablica. LM<\/p>\n","protected":false},"excerpt":{"rendered":"<p>\u201cLa discapacidad no es una lucha valiente o coraje en frente de la adversidad. La discapacidad es un arte. Es una forma ingeniosa de vivir\u201d, dijo Neil Marcus, un dramaturgo que busc\u00f3 el desarrollo de la cultura y las formas de pensar sobre la discapacidad. Es importante dar a conocer historias de vida que incentiven a luchar por un mejor porvenir, pese a las adversidades que se presentan a lo largo de cada una de nuestras vidas. Una de aquellas es la de An\u00edbal Macas, que, durante un accidente perdi\u00f3 una de sus manos. Fue una dura situaci\u00f3n que aconteci\u00f3 hace m\u00e1s de dos d\u00e9cadas cuando \u00e9l realizaba la actividad pesquera con dinamita y en un descuido, el artefacto explot\u00f3 cuando yac\u00eda en su mano derecha, pero \u00e9l se dijo a si mismo que nada obten\u00eda sumi\u00e9ndose en la tristeza, sino que busc\u00f3 salir adelante, eso s\u00ed adapt\u00e1ndose a nuevos estilos y formas de hacer las cosas; la finalidad era cumplir con todo tal cual los dem\u00e1s, de distinta manera, pero hacerlo. No ha habido ning\u00fan impedimento para realizar sus actividades encomendadas en las distintas empresas e instituciones donde se ha desempe\u00f1ado. Durante varios a\u00f1os trabaj\u00f3 para el municipio de Centinela del C\u00f3ndor y actualmente presta sus servicios para la empresa p\u00fablica de vialidad VIALZACHIN. En esta empresa p\u00fablica trabaja desde hace 6 a\u00f1os llevando el registro del material y maquinaria que ingresa y sale; donde anota y sostiene la tabla de escritura. Con ello, sustenta los gastos de su hogar, quienes son su complemento y apoyo incondicional. \u201cVerme en la situaci\u00f3n en la que estaba, no consegu\u00eda nada, me puse fuerte para seguir trabajando. Nunca me he sentido ni m\u00e1s ni menos\u201d, explica Macas, quien enfatiza que siempre ha venido realizado diversas tareas sin ninguna complicaci\u00f3n porque se ha podido adaptar a las circunstancias. Seg\u00fan su experiencia de vida, brinda consejos a las personas con alg\u00fan tipo de discapacidad y les impulsa a levantar los \u00e1nimos, a\u00f1adiendo fuerza de voluntad y car\u00e1cter, sin caer en depresi\u00f3n o adoptar alg\u00fan vicio. De la misma forma, a los j\u00f3venes les inculca la practica de deportes que fomenten en ellos el deseo de llevar una mente y cuerpo sano. Asimismo, es importante estar al cuidado permanente desde los padres hacia los hijos. \u201cAn\u00edbal ha servido de ejemplo para su familia y tambi\u00e9n para sus compa\u00f1eros de trabajo. En esta empresa no hay ning\u00fan tipo de discriminaci\u00f3n\u201d, sintetiza Jorge G\u00e1lvez, gerente de VIALZACHIN quien indica que Macas realiza los trabajos de control de recepci\u00f3n y carga de materiales, pues lleva anotaciones. La inclusi\u00f3n social tiene el car\u00e1cter de mejorar la autoestima en el entorno donde se desenvuelven. El funcionario recalca que al igual que los otros dos trabajadores, seguir\u00e1n sus contratos hasta que finalice este y otros proyectos m\u00e1s, son algunas de las pol\u00edticas que maneja la empresa p\u00fablica. LM<\/p>\n","protected":false},"author":1,"featured_media":7081,"comment_status":"open","ping_status":"open","sticky":false,"template":"","format":"standard","meta":{"footnotes":""},"categories":[243],"tags":[],"class_list":["post-7080","post","type-post","status-publish","format-standard","has-post-thumbnail","hentry","category-noticias-zamora"],"_links":{"self":[{"href":"https:\/\/www.elamazonico.com\/portal\/wp-json\/wp\/v2\/posts\/7080","targetHints":{"allow":["GET"]}}],"collection":[{"href":"https:\/\/www.elamazonico.com\/portal\/wp-json\/wp\/v2\/posts"}],"about":[{"href":"https:\/\/www.elamazonico.com\/portal\/wp-json\/wp\/v2\/types\/post"}],"author":[{"embeddable":true,"href":"https:\/\/www.elamazonico.com\/portal\/wp-json\/wp\/v2\/users\/1"}],"replies":[{"embeddable":true,"href":"https:\/\/www.elamazonico.com\/portal\/wp-json\/wp\/v2\/comments?post=7080"}],"version-history":[{"count":1,"href":"https:\/\/www.elamazonico.com\/portal\/wp-json\/wp\/v2\/posts\/7080\/revisions"}],"predecessor-version":[{"id":7082,"href":"https:\/\/www.elamazonico.com\/portal\/wp-json\/wp\/v2\/posts\/7080\/revisions\/7082"}],"wp:featuredmedia":[{"embeddable":true,"href":"https:\/\/www.elamazonico.com\/portal\/wp-json\/wp\/v2\/media\/7081"}],"wp:attachment":[{"href":"https:\/\/www.elamazonico.com\/portal\/wp-json\/wp\/v2\/media?parent=7080"}],"wp:term":[{"taxonomy":"category","embeddable":true,"href":"https:\/\/www.elamazonico.com\/portal\/wp-json\/wp\/v2\/categories?post=7080"},{"taxonomy":"post_tag","embeddable":true,"href":"https:\/\/www.elamazonico.com\/portal\/wp-json\/wp\/v2\/tags?post=7080"}],"curies":[{"name":"wp","href":"https:\/\/api.w.org\/{rel}","templated":true}]}}