{"id":7051,"date":"2022-12-13T12:35:36","date_gmt":"2022-12-13T17:35:36","guid":{"rendered":"https:\/\/www.elamazonico.com\/portal\/?p=7051"},"modified":"2022-12-13T12:35:43","modified_gmt":"2022-12-13T17:35:43","slug":"san-carlos-de-las-minas-se-aproxima-a-cumplir-un-ano-mas-de-vida-politica","status":"publish","type":"post","link":"https:\/\/www.elamazonico.com\/portal\/san-carlos-de-las-minas-se-aproxima-a-cumplir-un-ano-mas-de-vida-politica\/","title":{"rendered":"<strong>San Carlos de las Minas se aproxima a cumplir un a\u00f1o m\u00e1s de vida pol\u00edtica<\/strong>"},"content":{"rendered":"\n<p>La parroquia San Carlos de las Minas del cant\u00f3n Zamora es considerado como una fragmentaci\u00f3n minera, pues aqu\u00ed yace Nambija, un sector conocido por su potencial aur\u00edfero, principal caracter\u00edstica de esta provincia amaz\u00f3nica. Otro generador econ\u00f3mico es el agro, pues en antecedentes, se cultivaba en gran proporci\u00f3n a \u2018la naranjilla\u2019.<\/p>\n\n\n\n<p>Este lugar se encuentra ubicado a 45 minutos desde Zamora, capital de provincia. Aqu\u00ed en d\u00edas anteriores, se encendi\u00f3 las luces del \u00e1rbol navide\u00f1o y adem\u00e1s se present\u00f3 a las candidatas a reina hispana y de la feria agropecuaria por conmemorarse los 29 a\u00f1os de parroquializaci\u00f3n en el mes de enero. Esta es una programaci\u00f3n que se viene realizando anualmente durante la administraci\u00f3n de su presidente Iv\u00e1n S\u00e1nchez.<\/p>\n\n\n\n<p>\u201cEs un acto que hacemos porque ya se aproxima la navidad, a\u00f1o nuevo y es una oportunidad para compartir con las personas\u201d, expuso S\u00e1nchez con respecto al acto del encendido de luces del \u00e1rbol que reposa en el parque central de esta localidad.<\/p>\n\n\n\n<p>De la misma forma, dio realce a este evento navide\u00f1o, la presentaci\u00f3n de un grupo de ni\u00f1os y j\u00f3venes pertenecientes al Conservatorio de M\u00fasica \u201cMarcos Antonio Ochoa Mu\u00f1oz\u201d, perteneciente al cant\u00f3n Zamora, quienes deleitaron a los asistentes con diversas melod\u00edas y villancicos referentes a la navidad.<\/p>\n\n\n\n<p>En total son 6 candidatas: 3 beldades para reina de la parroquia y 3 para la feria agropecuaria, mismas que representan a los distintos barrios y sectores de esta localidad como Namacuntza y Nambija. &nbsp;Mediante un desfile de pasarela se pudo evidenciar el glamour y belleza derrochado por las participantes de este certamen.<\/p>\n\n\n\n<p><strong>PROGRAMACI\u00d3N DE FESTIVIDADES<\/strong><\/p>\n\n\n\n<p>Jueves, 29 de diciembre de 2022<\/p>\n\n\n\n<ul class=\"wp-block-list\">\n<li>Elecci\u00f3n y Coronaci\u00f3n de la Reina de la parroquia San Carlos de las Minas.<\/li>\n<\/ul>\n\n\n\n<p>Mi\u00e9rcoles, 04 de enero de 2023<\/p>\n\n\n\n<ul class=\"wp-block-list\">\n<li>Jornada de integraci\u00f3n escolar.<\/li>\n\n\n\n<li>Construcci\u00f3n de una cubierta en una escuela con fondos y gesti\u00f3n del gobierno parroquial.<\/li>\n<\/ul>\n\n\n\n<p>Viernes, 06 de enero de 2023<\/p>\n\n\n\n<ul class=\"wp-block-list\">\n<li>Expo feria agropecuaria San Carlos de las Minas donde rendir\u00e1n tributo al productor.<\/li>\n\n\n\n<li>Elecci\u00f3n de la Reina de la Feria Agropecuaria.<\/li>\n<\/ul>\n\n\n\n<p>S\u00e1bado, 07 de enero de 2023<\/p>\n\n\n\n<ul class=\"wp-block-list\">\n<li>Desfile c\u00edvico y sesi\u00f3n solemne.<\/li>\n\n\n\n<li>Final del campeonato de futbol a nivel parroquial.<\/li>\n<\/ul>\n","protected":false},"excerpt":{"rendered":"<p>La parroquia San Carlos de las Minas del cant\u00f3n Zamora es considerado como una fragmentaci\u00f3n minera, pues aqu\u00ed yace Nambija, un sector conocido por su potencial aur\u00edfero, principal caracter\u00edstica de esta provincia amaz\u00f3nica. Otro generador econ\u00f3mico es el agro, pues en antecedentes, se cultivaba en gran proporci\u00f3n a \u2018la naranjilla\u2019. Este lugar se encuentra ubicado a 45 minutos desde Zamora, capital de provincia. Aqu\u00ed en d\u00edas anteriores, se encendi\u00f3 las luces del \u00e1rbol navide\u00f1o y adem\u00e1s se present\u00f3 a las candidatas a reina hispana y de la feria agropecuaria por conmemorarse los 29 a\u00f1os de parroquializaci\u00f3n en el mes de enero. Esta es una programaci\u00f3n que se viene realizando anualmente durante la administraci\u00f3n de su presidente Iv\u00e1n S\u00e1nchez. \u201cEs un acto que hacemos porque ya se aproxima la navidad, a\u00f1o nuevo y es una oportunidad para compartir con las personas\u201d, expuso S\u00e1nchez con respecto al acto del encendido de luces del \u00e1rbol que reposa en el parque central de esta localidad. De la misma forma, dio realce a este evento navide\u00f1o, la presentaci\u00f3n de un grupo de ni\u00f1os y j\u00f3venes pertenecientes al Conservatorio de M\u00fasica \u201cMarcos Antonio Ochoa Mu\u00f1oz\u201d, perteneciente al cant\u00f3n Zamora, quienes deleitaron a los asistentes con diversas melod\u00edas y villancicos referentes a la navidad. En total son 6 candidatas: 3 beldades para reina de la parroquia y 3 para la feria agropecuaria, mismas que representan a los distintos barrios y sectores de esta localidad como Namacuntza y Nambija. &nbsp;Mediante un desfile de pasarela se pudo evidenciar el glamour y belleza derrochado por las participantes de este certamen. PROGRAMACI\u00d3N DE FESTIVIDADES Jueves, 29 de diciembre de 2022 Mi\u00e9rcoles, 04 de enero de 2023 Viernes, 06 de enero de 2023 S\u00e1bado, 07 de enero de 2023<\/p>\n","protected":false},"author":1,"featured_media":7052,"comment_status":"open","ping_status":"open","sticky":false,"template":"","format":"standard","meta":{"footnotes":""},"categories":[243],"tags":[],"class_list":["post-7051","post","type-post","status-publish","format-standard","has-post-thumbnail","hentry","category-noticias-zamora"],"_links":{"self":[{"href":"https:\/\/www.elamazonico.com\/portal\/wp-json\/wp\/v2\/posts\/7051","targetHints":{"allow":["GET"]}}],"collection":[{"href":"https:\/\/www.elamazonico.com\/portal\/wp-json\/wp\/v2\/posts"}],"about":[{"href":"https:\/\/www.elamazonico.com\/portal\/wp-json\/wp\/v2\/types\/post"}],"author":[{"embeddable":true,"href":"https:\/\/www.elamazonico.com\/portal\/wp-json\/wp\/v2\/users\/1"}],"replies":[{"embeddable":true,"href":"https:\/\/www.elamazonico.com\/portal\/wp-json\/wp\/v2\/comments?post=7051"}],"version-history":[{"count":1,"href":"https:\/\/www.elamazonico.com\/portal\/wp-json\/wp\/v2\/posts\/7051\/revisions"}],"predecessor-version":[{"id":7053,"href":"https:\/\/www.elamazonico.com\/portal\/wp-json\/wp\/v2\/posts\/7051\/revisions\/7053"}],"wp:featuredmedia":[{"embeddable":true,"href":"https:\/\/www.elamazonico.com\/portal\/wp-json\/wp\/v2\/media\/7052"}],"wp:attachment":[{"href":"https:\/\/www.elamazonico.com\/portal\/wp-json\/wp\/v2\/media?parent=7051"}],"wp:term":[{"taxonomy":"category","embeddable":true,"href":"https:\/\/www.elamazonico.com\/portal\/wp-json\/wp\/v2\/categories?post=7051"},{"taxonomy":"post_tag","embeddable":true,"href":"https:\/\/www.elamazonico.com\/portal\/wp-json\/wp\/v2\/tags?post=7051"}],"curies":[{"name":"wp","href":"https:\/\/api.w.org\/{rel}","templated":true}]}}