{"id":7042,"date":"2022-12-13T06:07:17","date_gmt":"2022-12-13T11:07:17","guid":{"rendered":"https:\/\/www.elamazonico.com\/portal\/?p=7042"},"modified":"2022-12-13T06:07:23","modified_gmt":"2022-12-13T11:07:23","slug":"yantzaza-es-el-primer-canton-del-pais-en-implementar-la-estrategia-apell-para-prevencion-y-respuesta-ante-emergencias","status":"publish","type":"post","link":"https:\/\/www.elamazonico.com\/portal\/yantzaza-es-el-primer-canton-del-pais-en-implementar-la-estrategia-apell-para-prevencion-y-respuesta-ante-emergencias\/","title":{"rendered":"<strong>Yantzaza es el primer cant\u00f3n del pa\u00eds en implementar la estrategia APELL, para prevenci\u00f3n y respuesta ante emergencias<\/strong>"},"content":{"rendered":"\n<p><strong>Yantzaza, Zamora Chinchipe<\/strong>.- La ma\u00f1ana de este 12 de diciembre de 2022, mediante rueda de prensa, la Municipalidad de Yantzaza dio a conocer la implementaci\u00f3n del &nbsp;proceso de concientizaci\u00f3n y preparaci\u00f3n para emergencias a nivel local \u2013 APELL (por sus siglas en ingl\u00e9s), con el objetivo de fortalecer las capacidades de respuesta ante las emergencias, ya sea por desastres naturales o actividades humanas dentro del cant\u00f3n.<\/p>\n\n\n\n<p>El proceso APELL, es un programa de las Naciones Unidas para el medio ambiente, que sirve para minimizar el n\u00famero y los impactos negativos de los accidentes y emergencias provocados por productos qu\u00edmicos; adem\u00e1s aumenta la conciencia de las personas sobre los posibles riesgos y peligros que existen en la comunidad, as\u00ed mismo ayuda a coordinar y desarrollar planes de respuesta ante una emergencia.<\/p>\n\n\n\n<p>Ruth Gonz\u00e1lez, vicealcaldesa del GAD Yantzaza, manifest\u00f3 que el objetivo principal de un plan de preparaci\u00f3n para emergencias es la protecci\u00f3n de vidas y del medio ambiente, \u201clas autoridades gubernamentales tenemos la obligaci\u00f3n de establecer una estructura regulatoria para la prevenci\u00f3n de accidentes industriales y la protecci\u00f3n del medio ambiente, adem\u00e1s de fortalecer la capacidad de respuesta de la comunidad mediante la transferencia de conocimientos\u201d se\u00f1al\u00f3.<\/p>\n\n\n\n<p>Por su parte, Rayner Rojas, consultor y capacitador del proceso APELL, explic\u00f3 que con la implementaci\u00f3n de este proceso se permite la articulaci\u00f3n de acciones emergentes, entre autoridades, empresas y la poblaci\u00f3n en general.&nbsp; &nbsp;<\/p>\n","protected":false},"excerpt":{"rendered":"<p>Yantzaza, Zamora Chinchipe.- La ma\u00f1ana de este 12 de diciembre de 2022, mediante rueda de prensa, la Municipalidad de Yantzaza dio a conocer la implementaci\u00f3n del &nbsp;proceso de concientizaci\u00f3n y preparaci\u00f3n para emergencias a nivel local \u2013 APELL (por sus siglas en ingl\u00e9s), con el objetivo de fortalecer las capacidades de respuesta ante las emergencias, ya sea por desastres naturales o actividades humanas dentro del cant\u00f3n. El proceso APELL, es un programa de las Naciones Unidas para el medio ambiente, que sirve para minimizar el n\u00famero y los impactos negativos de los accidentes y emergencias provocados por productos qu\u00edmicos; adem\u00e1s aumenta la conciencia de las personas sobre los posibles riesgos y peligros que existen en la comunidad, as\u00ed mismo ayuda a coordinar y desarrollar planes de respuesta ante una emergencia. Ruth Gonz\u00e1lez, vicealcaldesa del GAD Yantzaza, manifest\u00f3 que el objetivo principal de un plan de preparaci\u00f3n para emergencias es la protecci\u00f3n de vidas y del medio ambiente, \u201clas autoridades gubernamentales tenemos la obligaci\u00f3n de establecer una estructura regulatoria para la prevenci\u00f3n de accidentes industriales y la protecci\u00f3n del medio ambiente, adem\u00e1s de fortalecer la capacidad de respuesta de la comunidad mediante la transferencia de conocimientos\u201d se\u00f1al\u00f3. Por su parte, Rayner Rojas, consultor y capacitador del proceso APELL, explic\u00f3 que con la implementaci\u00f3n de este proceso se permite la articulaci\u00f3n de acciones emergentes, entre autoridades, empresas y la poblaci\u00f3n en general.&nbsp; &nbsp;<\/p>\n","protected":false},"author":1,"featured_media":7043,"comment_status":"open","ping_status":"open","sticky":false,"template":"","format":"standard","meta":{"footnotes":""},"categories":[243],"tags":[],"class_list":["post-7042","post","type-post","status-publish","format-standard","has-post-thumbnail","hentry","category-noticias-zamora"],"_links":{"self":[{"href":"https:\/\/www.elamazonico.com\/portal\/wp-json\/wp\/v2\/posts\/7042","targetHints":{"allow":["GET"]}}],"collection":[{"href":"https:\/\/www.elamazonico.com\/portal\/wp-json\/wp\/v2\/posts"}],"about":[{"href":"https:\/\/www.elamazonico.com\/portal\/wp-json\/wp\/v2\/types\/post"}],"author":[{"embeddable":true,"href":"https:\/\/www.elamazonico.com\/portal\/wp-json\/wp\/v2\/users\/1"}],"replies":[{"embeddable":true,"href":"https:\/\/www.elamazonico.com\/portal\/wp-json\/wp\/v2\/comments?post=7042"}],"version-history":[{"count":1,"href":"https:\/\/www.elamazonico.com\/portal\/wp-json\/wp\/v2\/posts\/7042\/revisions"}],"predecessor-version":[{"id":7044,"href":"https:\/\/www.elamazonico.com\/portal\/wp-json\/wp\/v2\/posts\/7042\/revisions\/7044"}],"wp:featuredmedia":[{"embeddable":true,"href":"https:\/\/www.elamazonico.com\/portal\/wp-json\/wp\/v2\/media\/7043"}],"wp:attachment":[{"href":"https:\/\/www.elamazonico.com\/portal\/wp-json\/wp\/v2\/media?parent=7042"}],"wp:term":[{"taxonomy":"category","embeddable":true,"href":"https:\/\/www.elamazonico.com\/portal\/wp-json\/wp\/v2\/categories?post=7042"},{"taxonomy":"post_tag","embeddable":true,"href":"https:\/\/www.elamazonico.com\/portal\/wp-json\/wp\/v2\/tags?post=7042"}],"curies":[{"name":"wp","href":"https:\/\/api.w.org\/{rel}","templated":true}]}}