{"id":6990,"date":"2022-12-08T15:36:01","date_gmt":"2022-12-08T20:36:01","guid":{"rendered":"https:\/\/www.elamazonico.com\/portal\/?p=6990"},"modified":"2022-12-08T15:36:25","modified_gmt":"2022-12-08T20:36:25","slug":"utpl-acogera-el-ii-congreso-internacional-de-enfermeria","status":"publish","type":"post","link":"https:\/\/www.elamazonico.com\/portal\/utpl-acogera-el-ii-congreso-internacional-de-enfermeria\/","title":{"rendered":"<strong>UTPL acoger\u00e1 el II Congreso Internacional de Enfermer\u00eda<\/strong>"},"content":{"rendered":"\n<p><em>El congreso denominado \u201cNuevas Perspectivas Cient\u00edficas del Cuidado en la Transdisciplinariedad del Siglo XXI\u201d tendr\u00e1 lugar del 12 al 15 de diciembre de 2022.<\/em><\/p>\n\n\n\n<p>Del 12 al 15 de diciembre, la Universidad T\u00e9cnica Particular de Loja (UTPL) acoger\u00e1 el II Congreso Internacional de Enfermer\u00eda. Este a\u00f1o, el enfoque del encuentro se centrar\u00e1 en discutir sobre las&nbsp;<strong>\u201cNuevas Perspectivas Cient\u00edficas del Cuidado en la Transdisciplinariedad del Siglo XXI\u201d<\/strong>.El evento se desarrollar\u00e1 en modalidad h\u00edbrida: presencial en el Centro de Convenciones de la UTPL y en l\u00ednea, v\u00eda Zoom.<\/p>\n\n\n\n<p>Jos\u00e9 Contreras Brice\u00f1o, docente de la carrera de Enfermer\u00eda de la UTPL, explica que este congreso est\u00e1 dirigido a investigadores, docentes, estudiantes y profesionales de la salud en general, y tiene como objetivo motivar el di\u00e1logo sobre los desaf\u00edos que afrontan los enfermeros en la actualidad y las transformaciones que se han producido en este campo en los \u00faltimos a\u00f1os.<\/p>\n\n\n\n<p>\u201cPrevio a la pandemia, la Organizaci\u00f3n Mundial de la Salud decret\u00f3 el 2020 como el a\u00f1o de la enfermer\u00eda. Es as\u00ed que, en estos dos a\u00f1os, se ha valorizado en gran medida la labor que realizan los profesionales de esta \u00e1rea, siendo&nbsp;<strong>actores esenciales en los diferentes niveles de la gesti\u00f3n de salud<\/strong>, desde la atenci\u00f3n primaria hasta cuidados cr\u00edticos y paliativos\u201d, explica Contreras.<\/p>\n\n\n\n<p>El encuentro cuenta con el aval del Ministerio de Salud P\u00fablica del Ecuador y la Red Uni\u00f3n Nacional de Enfermeras y Enfermeros del Ecuador. Adem\u00e1s, la cita acad\u00e9mica contar\u00e1 con la<strong>&nbsp;participaci\u00f3n de 15 ponentes internacionales, provenientes de destacadas universidades e instituciones de Espa\u00f1a, M\u00e9xico, Colombia y Per\u00fa<\/strong>.<\/p>\n\n\n\n<p>Grace del Pilar Cambizaca, docente investigadora de la UTPL, manifiesta que este congreso ser\u00e1 un espacio id\u00f3neo para intercambiar experiencias y conocimientos sobre el abordaje del cuidado a pacientes y los avances que se han registrado en la generaci\u00f3n de pol\u00edticas p\u00fablicas que permitan integrar la docencia, investigaci\u00f3n y la vinculaci\u00f3n con la sociedad.<\/p>\n\n\n\n<p>Durante el congreso, se har\u00e1 un recuento de los&nbsp;<strong>\u00faltimos 22 a\u00f1os para analizar la evoluci\u00f3n de la enfermer\u00eda a escala internacional<\/strong>&nbsp;y, de esta forma, proyectar los retos que enfrentar\u00e1n los profesionales de la salud en los pr\u00f3ximos a\u00f1os, considerando la necesidad de fortalecer la formaci\u00f3n educativa para contribuir en la atenci\u00f3n y mitigaci\u00f3n de pandemias, endemias y nuevas causas de morbimortalidad.<\/p>\n\n\n\n<p><strong>Dato<\/strong><\/p>\n\n\n\n<p>En 2021, la UTPL desarroll\u00f3 el I Congreso Virtual de Enfermer\u00eda \u201cCuidados Cr\u00edticos\u201d. Tras el \u00e9xito de esta primera experiencia, se decidi\u00f3 impulsar una nueva cita acad\u00e9mica. Las inscripciones para esta II edici\u00f3n estar\u00e1n disponibles desde el 1 hasta el 12 de diciembre, a trav\u00e9s de la aplicaci\u00f3n m\u00f3vil de la universidad.<\/p>\n\n\n\n<p><strong>M\u00e1s informaci\u00f3n en:<\/strong>&nbsp;<a href=\"http:\/\/eventos.utpl.edu.ec\/congresoenfermeria\" target=\"_blank\" rel=\"noreferrer noopener\">eventos.utpl.edu.ec\/congresoenfermeria<\/a><\/p>\n","protected":false},"excerpt":{"rendered":"<p>El congreso denominado \u201cNuevas Perspectivas Cient\u00edficas del Cuidado en la Transdisciplinariedad del Siglo XXI\u201d tendr\u00e1 lugar del 12 al 15 de diciembre de 2022. Del 12 al 15 de diciembre, la Universidad T\u00e9cnica Particular de Loja (UTPL) acoger\u00e1 el II Congreso Internacional de Enfermer\u00eda. Este a\u00f1o, el enfoque del encuentro se centrar\u00e1 en discutir sobre las&nbsp;\u201cNuevas Perspectivas Cient\u00edficas del Cuidado en la Transdisciplinariedad del Siglo XXI\u201d.El evento se desarrollar\u00e1 en modalidad h\u00edbrida: presencial en el Centro de Convenciones de la UTPL y en l\u00ednea, v\u00eda Zoom. Jos\u00e9 Contreras Brice\u00f1o, docente de la carrera de Enfermer\u00eda de la UTPL, explica que este congreso est\u00e1 dirigido a investigadores, docentes, estudiantes y profesionales de la salud en general, y tiene como objetivo motivar el di\u00e1logo sobre los desaf\u00edos que afrontan los enfermeros en la actualidad y las transformaciones que se han producido en este campo en los \u00faltimos a\u00f1os. \u201cPrevio a la pandemia, la Organizaci\u00f3n Mundial de la Salud decret\u00f3 el 2020 como el a\u00f1o de la enfermer\u00eda. Es as\u00ed que, en estos dos a\u00f1os, se ha valorizado en gran medida la labor que realizan los profesionales de esta \u00e1rea, siendo&nbsp;actores esenciales en los diferentes niveles de la gesti\u00f3n de salud, desde la atenci\u00f3n primaria hasta cuidados cr\u00edticos y paliativos\u201d, explica Contreras. El encuentro cuenta con el aval del Ministerio de Salud P\u00fablica del Ecuador y la Red Uni\u00f3n Nacional de Enfermeras y Enfermeros del Ecuador. Adem\u00e1s, la cita acad\u00e9mica contar\u00e1 con la&nbsp;participaci\u00f3n de 15 ponentes internacionales, provenientes de destacadas universidades e instituciones de Espa\u00f1a, M\u00e9xico, Colombia y Per\u00fa. Grace del Pilar Cambizaca, docente investigadora de la UTPL, manifiesta que este congreso ser\u00e1 un espacio id\u00f3neo para intercambiar experiencias y conocimientos sobre el abordaje del cuidado a pacientes y los avances que se han registrado en la generaci\u00f3n de pol\u00edticas p\u00fablicas que permitan integrar la docencia, investigaci\u00f3n y la vinculaci\u00f3n con la sociedad. Durante el congreso, se har\u00e1 un recuento de los&nbsp;\u00faltimos 22 a\u00f1os para analizar la evoluci\u00f3n de la enfermer\u00eda a escala internacional&nbsp;y, de esta forma, proyectar los retos que enfrentar\u00e1n los profesionales de la salud en los pr\u00f3ximos a\u00f1os, considerando la necesidad de fortalecer la formaci\u00f3n educativa para contribuir en la atenci\u00f3n y mitigaci\u00f3n de pandemias, endemias y nuevas causas de morbimortalidad. Dato En 2021, la UTPL desarroll\u00f3 el I Congreso Virtual de Enfermer\u00eda \u201cCuidados Cr\u00edticos\u201d. Tras el \u00e9xito de esta primera experiencia, se decidi\u00f3 impulsar una nueva cita acad\u00e9mica. Las inscripciones para esta II edici\u00f3n estar\u00e1n disponibles desde el 1 hasta el 12 de diciembre, a trav\u00e9s de la aplicaci\u00f3n m\u00f3vil de la universidad. M\u00e1s informaci\u00f3n en:&nbsp;eventos.utpl.edu.ec\/congresoenfermeria<\/p>\n","protected":false},"author":1,"featured_media":6991,"comment_status":"open","ping_status":"open","sticky":false,"template":"","format":"standard","meta":{"footnotes":""},"categories":[268],"tags":[],"class_list":["post-6990","post","type-post","status-publish","format-standard","has-post-thumbnail","hentry","category-nacionales"],"_links":{"self":[{"href":"https:\/\/www.elamazonico.com\/portal\/wp-json\/wp\/v2\/posts\/6990","targetHints":{"allow":["GET"]}}],"collection":[{"href":"https:\/\/www.elamazonico.com\/portal\/wp-json\/wp\/v2\/posts"}],"about":[{"href":"https:\/\/www.elamazonico.com\/portal\/wp-json\/wp\/v2\/types\/post"}],"author":[{"embeddable":true,"href":"https:\/\/www.elamazonico.com\/portal\/wp-json\/wp\/v2\/users\/1"}],"replies":[{"embeddable":true,"href":"https:\/\/www.elamazonico.com\/portal\/wp-json\/wp\/v2\/comments?post=6990"}],"version-history":[{"count":1,"href":"https:\/\/www.elamazonico.com\/portal\/wp-json\/wp\/v2\/posts\/6990\/revisions"}],"predecessor-version":[{"id":6992,"href":"https:\/\/www.elamazonico.com\/portal\/wp-json\/wp\/v2\/posts\/6990\/revisions\/6992"}],"wp:featuredmedia":[{"embeddable":true,"href":"https:\/\/www.elamazonico.com\/portal\/wp-json\/wp\/v2\/media\/6991"}],"wp:attachment":[{"href":"https:\/\/www.elamazonico.com\/portal\/wp-json\/wp\/v2\/media?parent=6990"}],"wp:term":[{"taxonomy":"category","embeddable":true,"href":"https:\/\/www.elamazonico.com\/portal\/wp-json\/wp\/v2\/categories?post=6990"},{"taxonomy":"post_tag","embeddable":true,"href":"https:\/\/www.elamazonico.com\/portal\/wp-json\/wp\/v2\/tags?post=6990"}],"curies":[{"name":"wp","href":"https:\/\/api.w.org\/{rel}","templated":true}]}}