{"id":6975,"date":"2022-12-07T15:27:26","date_gmt":"2022-12-07T20:27:26","guid":{"rendered":"https:\/\/www.elamazonico.com\/portal\/?p=6975"},"modified":"2022-12-07T15:27:33","modified_gmt":"2022-12-07T20:27:33","slug":"congreso-de-peru-destituye-a-pedro-castillo","status":"publish","type":"post","link":"https:\/\/www.elamazonico.com\/portal\/congreso-de-peru-destituye-a-pedro-castillo\/","title":{"rendered":"Congreso de Per\u00fa destituye a Pedro Castillo"},"content":{"rendered":"\n<blockquote class=\"wp-block-quote is-layout-flow wp-block-quote-is-layout-flow\">\n<p><em>Con 101 votos a favor, 6 en contra y 10 abstenciones; el Congreso resolvi\u00f3 vacar a Pedro Castillo por incapacidad moral<\/em><\/p>\n<\/blockquote>\n\n\n\n<p>Tras el golpe de Estado anunciado horas antes por el presidente de Per\u00fa, Pedro Castillo, el pleno del Congreso sesion\u00f3 de emergencia y declar\u00f3 la vacancia presidencial por permanente incapacidad moral.<\/p>\n\n\n\n<p>Por sucesi\u00f3n constitucional, le corresponder\u00e1 a la vicepresidenta Dina Boluarte&nbsp; asumir la jefatura del Estado. La funcionaria emiti\u00f3 un tuit rechazando la ruptura del orden constitucional.<\/p>\n\n\n\n<p>\u201cRechazo la decisi\u00f3n de Pedro Castillo de perpetrar el quiebre del orden constitucional con el cierre del Congreso. Se trata de un golpe de Estado que agrava la crisis pol\u00edtica e institucional que la sociedad peruana tendr\u00e1 que superar con estricto apego a la ley\u201d, coment\u00f3 en su tuit.<\/p>\n\n\n\n<p>El tercer intento de vacancia presidencial contra Castillo por parte del Congreso se desarroll\u00f3 este mi\u00e9rcoles 7 de diciembre desde las 12:30 p. m. en el Palacio Legislativo.<\/p>\n\n\n\n<p>La iniciativa del parlamentario no agrupado, Edward M\u00e1laga, fue admitida a debate la semana anterior, con 73 votos a favor, 32 en contra y seis abstenciones.<\/p>\n\n\n\n<p>Se espera que Boluarte\u00a0tome juramento a las 3:00 p.m. El titular del Parlamento, Jos\u00e9 Williams, la cit\u00f3 para que acuda y se convierta en la nueva presidenta de la Rep\u00fablica del Per\u00fa. Fuente: <strong>Ecuador en vivo<\/strong><\/p>\n\n\n\n<figure class=\"wp-block-embed is-type-rich is-provider-twitter wp-block-embed-twitter\"><div class=\"wp-block-embed__wrapper\">\nhttps:\/\/twitter.com\/congresoperu\/status\/1600564404025962496\n<\/div><\/figure>\n","protected":false},"excerpt":{"rendered":"<p>Con 101 votos a favor, 6 en contra y 10 abstenciones; el Congreso resolvi\u00f3 vacar a Pedro Castillo por incapacidad moral Tras el golpe de Estado anunciado horas antes por el presidente de Per\u00fa, Pedro Castillo, el pleno del Congreso sesion\u00f3 de emergencia y declar\u00f3 la vacancia presidencial por permanente incapacidad moral. Por sucesi\u00f3n constitucional, le corresponder\u00e1 a la vicepresidenta Dina Boluarte&nbsp; asumir la jefatura del Estado. La funcionaria emiti\u00f3 un tuit rechazando la ruptura del orden constitucional. \u201cRechazo la decisi\u00f3n de Pedro Castillo de perpetrar el quiebre del orden constitucional con el cierre del Congreso. Se trata de un golpe de Estado que agrava la crisis pol\u00edtica e institucional que la sociedad peruana tendr\u00e1 que superar con estricto apego a la ley\u201d, coment\u00f3 en su tuit. El tercer intento de vacancia presidencial contra Castillo por parte del Congreso se desarroll\u00f3 este mi\u00e9rcoles 7 de diciembre desde las 12:30 p. m. en el Palacio Legislativo. La iniciativa del parlamentario no agrupado, Edward M\u00e1laga, fue admitida a debate la semana anterior, con 73 votos a favor, 32 en contra y seis abstenciones. Se espera que Boluarte\u00a0tome juramento a las 3:00 p.m. El titular del Parlamento, Jos\u00e9 Williams, la cit\u00f3 para que acuda y se convierta en la nueva presidenta de la Rep\u00fablica del Per\u00fa. Fuente: Ecuador en vivo<\/p>\n","protected":false},"author":1,"featured_media":6976,"comment_status":"open","ping_status":"open","sticky":false,"template":"","format":"standard","meta":{"footnotes":""},"categories":[1],"tags":[],"class_list":["post-6975","post","type-post","status-publish","format-standard","has-post-thumbnail","hentry","category-uncategorized"],"_links":{"self":[{"href":"https:\/\/www.elamazonico.com\/portal\/wp-json\/wp\/v2\/posts\/6975","targetHints":{"allow":["GET"]}}],"collection":[{"href":"https:\/\/www.elamazonico.com\/portal\/wp-json\/wp\/v2\/posts"}],"about":[{"href":"https:\/\/www.elamazonico.com\/portal\/wp-json\/wp\/v2\/types\/post"}],"author":[{"embeddable":true,"href":"https:\/\/www.elamazonico.com\/portal\/wp-json\/wp\/v2\/users\/1"}],"replies":[{"embeddable":true,"href":"https:\/\/www.elamazonico.com\/portal\/wp-json\/wp\/v2\/comments?post=6975"}],"version-history":[{"count":1,"href":"https:\/\/www.elamazonico.com\/portal\/wp-json\/wp\/v2\/posts\/6975\/revisions"}],"predecessor-version":[{"id":6977,"href":"https:\/\/www.elamazonico.com\/portal\/wp-json\/wp\/v2\/posts\/6975\/revisions\/6977"}],"wp:featuredmedia":[{"embeddable":true,"href":"https:\/\/www.elamazonico.com\/portal\/wp-json\/wp\/v2\/media\/6976"}],"wp:attachment":[{"href":"https:\/\/www.elamazonico.com\/portal\/wp-json\/wp\/v2\/media?parent=6975"}],"wp:term":[{"taxonomy":"category","embeddable":true,"href":"https:\/\/www.elamazonico.com\/portal\/wp-json\/wp\/v2\/categories?post=6975"},{"taxonomy":"post_tag","embeddable":true,"href":"https:\/\/www.elamazonico.com\/portal\/wp-json\/wp\/v2\/tags?post=6975"}],"curies":[{"name":"wp","href":"https:\/\/api.w.org\/{rel}","templated":true}]}}