{"id":6954,"date":"2022-12-06T13:24:27","date_gmt":"2022-12-06T18:24:27","guid":{"rendered":"https:\/\/www.elamazonico.com\/portal\/?p=6954"},"modified":"2022-12-06T13:24:43","modified_gmt":"2022-12-06T18:24:43","slug":"informal-agrede-a-un-agente-de-control-municipal","status":"publish","type":"post","link":"https:\/\/www.elamazonico.com\/portal\/informal-agrede-a-un-agente-de-control-municipal\/","title":{"rendered":"Loja.- Informal agrede a un Agente de Control Municipal"},"content":{"rendered":"\n<p>Este lunes, cerca del mediod\u00eda, en las inmediaciones del mercado Centro Comercial, se produjo una nueva agresi\u00f3n hacia un Agente de Control Municipal, por parte de un vendedor informal, conocido con el alias \u201cNegro limonero\u201d.<\/p>\n\n\n\n<p>El Agente result\u00f3 herido en el tabique, quien fue llevado a un centro de salud para la respectiva valoraci\u00f3n m\u00e9dica, mientras que el agresor fue detenido por la Polic\u00eda Nacional. Debemos insistir que el control de las ventas informales y del orden en el espacio p\u00fablico, es una pol\u00edtica de esta Administraci\u00f3n Municipal.<\/p>\n\n\n\n<p>Santiago Burneo, asesor jur\u00eddico de la Direcci\u00f3n de Seguridad Ciudadana y Control P\u00fablico, manifest\u00f3 que se espera el diagn\u00f3stico m\u00e9dico del Agente de Control para la los procedimientos legales correspondientes.<\/p>\n\n\n\n<p>Adem\u00e1s, hay que puntualizar que el trabajo del Municipio est\u00e1 enfocado en precautelar la seguridad ciudadana en los centros de abastos, en donde se ha identificado problem\u00e1ticas como: delincuencia organizada y hasta microtr\u00e1fico.<\/p>\n","protected":false},"excerpt":{"rendered":"<p>Este lunes, cerca del mediod\u00eda, en las inmediaciones del mercado Centro Comercial, se produjo una nueva agresi\u00f3n hacia un Agente de Control Municipal, por parte de un vendedor informal, conocido con el alias \u201cNegro limonero\u201d. El Agente result\u00f3 herido en el tabique, quien fue llevado a un centro de salud para la respectiva valoraci\u00f3n m\u00e9dica, mientras que el agresor fue detenido por la Polic\u00eda Nacional. Debemos insistir que el control de las ventas informales y del orden en el espacio p\u00fablico, es una pol\u00edtica de esta Administraci\u00f3n Municipal. Santiago Burneo, asesor jur\u00eddico de la Direcci\u00f3n de Seguridad Ciudadana y Control P\u00fablico, manifest\u00f3 que se espera el diagn\u00f3stico m\u00e9dico del Agente de Control para la los procedimientos legales correspondientes. Adem\u00e1s, hay que puntualizar que el trabajo del Municipio est\u00e1 enfocado en precautelar la seguridad ciudadana en los centros de abastos, en donde se ha identificado problem\u00e1ticas como: delincuencia organizada y hasta microtr\u00e1fico.<\/p>\n","protected":false},"author":1,"featured_media":6955,"comment_status":"open","ping_status":"open","sticky":false,"template":"","format":"standard","meta":{"footnotes":""},"categories":[268],"tags":[],"class_list":["post-6954","post","type-post","status-publish","format-standard","has-post-thumbnail","hentry","category-nacionales"],"_links":{"self":[{"href":"https:\/\/www.elamazonico.com\/portal\/wp-json\/wp\/v2\/posts\/6954","targetHints":{"allow":["GET"]}}],"collection":[{"href":"https:\/\/www.elamazonico.com\/portal\/wp-json\/wp\/v2\/posts"}],"about":[{"href":"https:\/\/www.elamazonico.com\/portal\/wp-json\/wp\/v2\/types\/post"}],"author":[{"embeddable":true,"href":"https:\/\/www.elamazonico.com\/portal\/wp-json\/wp\/v2\/users\/1"}],"replies":[{"embeddable":true,"href":"https:\/\/www.elamazonico.com\/portal\/wp-json\/wp\/v2\/comments?post=6954"}],"version-history":[{"count":2,"href":"https:\/\/www.elamazonico.com\/portal\/wp-json\/wp\/v2\/posts\/6954\/revisions"}],"predecessor-version":[{"id":6958,"href":"https:\/\/www.elamazonico.com\/portal\/wp-json\/wp\/v2\/posts\/6954\/revisions\/6958"}],"wp:featuredmedia":[{"embeddable":true,"href":"https:\/\/www.elamazonico.com\/portal\/wp-json\/wp\/v2\/media\/6955"}],"wp:attachment":[{"href":"https:\/\/www.elamazonico.com\/portal\/wp-json\/wp\/v2\/media?parent=6954"}],"wp:term":[{"taxonomy":"category","embeddable":true,"href":"https:\/\/www.elamazonico.com\/portal\/wp-json\/wp\/v2\/categories?post=6954"},{"taxonomy":"post_tag","embeddable":true,"href":"https:\/\/www.elamazonico.com\/portal\/wp-json\/wp\/v2\/tags?post=6954"}],"curies":[{"name":"wp","href":"https:\/\/api.w.org\/{rel}","templated":true}]}}