{"id":6942,"date":"2022-12-06T13:05:34","date_gmt":"2022-12-06T18:05:34","guid":{"rendered":"https:\/\/www.elamazonico.com\/portal\/?p=6942"},"modified":"2022-12-06T13:05:42","modified_gmt":"2022-12-06T18:05:42","slug":"cristina-kirchner-se-enfrenta-a-una-posible-condena-por-corrupcion-en-argentina","status":"publish","type":"post","link":"https:\/\/www.elamazonico.com\/portal\/cristina-kirchner-se-enfrenta-a-una-posible-condena-por-corrupcion-en-argentina\/","title":{"rendered":"Cristina Kirchner se enfrenta a una posible condena por corrupci\u00f3n en Argentina"},"content":{"rendered":"\n<p>El tribunal que la juzga en la \u201ccausa Vialidad\u201d anuncia este martes el veredicto por asociaci\u00f3n il\u00edcita y malversaci\u00f3n de fondos p\u00fablicos.<\/p>\n\n\n\n<p>Argentina aguanta la respiraci\u00f3n. Este martes 6 de diciembre, un tribunal federal decidir\u00e1 si condena o absuelve en una<a href=\"https:\/\/elpais.com\/opinion\/2022-12-02\/cristina-kirchner-en-el-banquillo.html\">&nbsp;causa por corrupci\u00f3n a Cristina Fern\u00e1ndez de Kirchner<\/a>. En la v\u00edspera del veredicto, la vicepresidenta repiti\u00f3 en una entrevista lo que ya ha dicho ante los jueces: \u201cHabr\u00e1 una condena\u201d. La expresidenta est\u00e1 convencida de que lo que llama \u201cel partido judicial\u201d, aupado por la oposici\u00f3n de derecha, la quiere fuera del camino. La sentencia, dijo,<a href=\"https:\/\/elpais.com\/argentina\/2022-11-29\/cristina-kirchner-pronunciara-sus-ultimas-palabras-en-un-juicio-por-presunta-corrupcion.html\">&nbsp;\u201cest\u00e1 escrita desde el 2 de diciembre de 2019\u2033,<\/a>&nbsp;cuando habl\u00f3 por primera vez en el juicio. \u201cPor razones muy simples\u201d, agreg\u00f3; \u201cprimero: todas mis garant\u00edas constitucionales fueron violadas. Segundo: todo lo dicho es mentira\u201d.<\/p>\n\n\n\n<p>Kirchner concedi\u00f3\u00a0<a rel=\"noreferrer noopener\" href=\"https:\/\/www.youtube.com\/watch?v=qne1voqzfhc&amp;feature=youtu.be\" target=\"_blank\">una entrevista al diario brasile\u00f1o\u00a0<em>Folha do S\u00e3o Paulo<\/em>.\u00a0<\/a>Subi\u00f3 el v\u00eddeo, de una hora, a sus redes sociales en la madrugada del lunes, para asegurarse la adecuada repercusi\u00f3n local. No suele hablar mucho con la prensa. La \u00faltima entrevista a<a href=\"https:\/\/elpais.com\/internacional\/2017\/09\/27\/argentina\/1506481318_381586.html\">\u00a0un medio internacional fue en 2017, con EL PA\u00cdS<\/a>. Estaba entonces en campa\u00f1a para ser senadora. Dos a\u00f1os despu\u00e9s se convert\u00eda en vicepresidenta, tras ceder el primer puesto en la boleta electoral a su exjefe de Gabinete, Alberto Fern\u00e1ndez. La pareja en el poder ya no se habla. Mientras la crisis arrecia, Kirchner se ha concentrado en sus problemas judiciales, sobre todo en uno en particular, la llamada \u201ccausa Vialidad\u201d.\u00a0<a href=\"https:\/\/elpais.com\/argentina\/2022-11-16\/el-juicio-por-presunta-corrupcion-contra-cristina-kirchner-entra-en-su-fase-final.html\">La justicia la acusa de regentear una asociaci\u00f3n il\u00edcita\u00a0<\/a>que desvi\u00f3 1.000 millones de d\u00f3lares de fondos p\u00fablicos entre 2007 y 2015, cuando era presidenta. En la trama est\u00e1n acusados un\u00a0<a href=\"https:\/\/elpais.com\/america\/internacional\/2020-03-05\/liberado-de-prision-preventiva-julio-de-vido-hombre-fuerte-del-kirchnerismo.html\">exministro de Planificaci\u00f3n, Julio de Vido<\/a>; un alto<a href=\"https:\/\/elpais.com\/internacional\/2016\/07\/13\/argentina\/1468424541_252726.html\">\u00a0funcionario de Obras P\u00fablicas, Jos\u00e9 L\u00f3pez,<\/a>\u00a0y el empresario L\u00e1zaro B\u00e1ez, receptor de 51 contratos en la provincia de Santa Cruz, basti\u00f3n patag\u00f3nico del kirchnerismo.<\/p>\n\n\n\n<p>Desde el inicio del juicio, Kirchner sostuvo que los jueces y la prensa la han tratado como si ya fuese culpable, violando el principio de presunci\u00f3n de inocencia. \u201cSe construye la imagen de un ladr\u00f3n, imput\u00e1ndome delitos contra la propiedad cuando, en realidad, cuando termin\u00e9 mi mandato, ten\u00eda los mismos bienes por los que ya hab\u00eda sido investigada tres veces\u201d. Record\u00f3 entonces que un juez, Juli\u00e1n Ercolini, la sobresey\u00f3 a ella y a su marido, el expresidente N\u00e9stor Kirchner (2003-2007) en una de las causas por enriquecimiento que ahora se juzgan.<\/p>\n\n\n\n<p>\u201cEl 6 van a dictar la sentencia. El d\u00eda 7 saldr\u00e1 en las tapas de los diarios \u2018condenada Cristina\u201d, dijo el&nbsp;<em>Folha do S\u00e3o Paulo<\/em>. La vicepresidenta habl\u00f3 tambi\u00e9n de la relaci\u00f3n de N\u00e9stor Kirchner con&nbsp;<a href=\"https:\/\/elpais.com\/internacional\/2016\/05\/30\/argentina\/1464615708_621596.html\">L\u00e1zaro Ba\u00e9z, un cajero de banco<\/a>&nbsp;que de la noche a la ma\u00f1ana se convirti\u00f3 en multimillonario gracias a sus contratos para hacer carreteras en Santa Cruz. \u201cNo fueron socios, en absoluto\u201d, dijo, \u201csos socio cuando ten\u00e9s un contrato de sociedad. Era amigo de N\u00e9stor, como otros amigos de negocios que ten\u00eda N\u00e9stor\u201d.<\/p>\n\n\n\n<p>B\u00e1ez est\u00e1 entre los acusados. Ya est\u00e1 preso,&nbsp;<a href=\"https:\/\/elpais.com\/internacional\/2021-02-25\/la-justicia-argentina-condena-por-lavado-de-dinero-a-un-empresario-icono-del-kirchnerismo.html\">condenado a 12 a\u00f1os de c\u00e1rcel en una causa por lavado de dinero de la corrupci\u00f3n.&nbsp;<\/a>La causa Vialidad contra Kirchner investiga, justamente, de d\u00f3nde sac\u00f3 Ba\u00e9z los 60 millones de d\u00f3lares que blanque\u00f3. Los fiscales han pedido para B\u00e1ez otros siete a\u00f1os de prisi\u00f3n; y 12 a\u00f1os para Cristina Kirchner. La diferencia est\u00e1 en que consideraron a la vicepresidenta la jefa de una asociaci\u00f3n il\u00edcita armada en la Casa Rosada para delinquir. Es un gran desaf\u00edo probar que una Gabinete de ministros, con el presidente al frente, tenga como principal objetivo el de enriquecerse. La defensa de Kirchner sostuvo durante el juicio que a un Gobierno elegido democr\u00e1ticamente no se le puede aplicar una figura creada para perseguir a las mafias del narcotr\u00e1fico.<\/p>\n\n\n\n<p>Si cae el cargo de asociaci\u00f3n il\u00edcita, queda en pie la de defraudaci\u00f3n al Estado, que contempla una pena de hasta seis a\u00f1os de c\u00e1rcel y la inhabilitaci\u00f3n perpetua para ejercer cargos p\u00fablicos. Kirchner se refiere a eso cuando habla de una condena. En el kirchnerismo dan por hecho una sentencia a medio camino entre lo que pidieron los fiscales y la absoluci\u00f3n que solicit\u00f3 la Defensa. La vicepresidenta insisti\u00f3 en trazar un paralelo entre su situaci\u00f3n y la de Luiz Inacio Lula da Silva, preso m\u00e1s de 500 d\u00edas en Brasil por corrupci\u00f3n. \u201cAqu\u00ed se enfrent\u00f3 el&nbsp;<em>lawfare<\/em>&nbsp;[el uso de la judicatura con fines judiciales] desde la altura del poder. Fue un fen\u00f3meno regional. El fen\u00f3meno del \u2018partido judicial\u2019 pas\u00f3 con Lula, con [el ecuatoriano Rafael] Correa y pasa conmigo\u201d, dijo Kirchner.<\/p>\n\n\n\n<p>Kirchner no ir\u00e1 presa. Tiene fueros como vicepresidenta y su defensa puede apelar una condena ante la Corte Suprema, proceso que puede durar a\u00f1os. Pero la sentencia de este martes, cualquiera sea, cambiar\u00e1 el mapa pol\u00edtico argentino. Kirchner es, a\u00fan con sus altibajos, la persona con m\u00e1s influencia. Una condena agitar\u00e1 al peronismo, aunque de manera dispar seg\u00fan su fidelidad con \u201cla jefa\u201d, como la llaman. La C\u00e1mpora, la agrupaci\u00f3n que lidera su hijo M\u00e1ximo, no ha convocado a manifestaciones frente a los tribunales, como hiciera en el pasado, temerosa de que se produzcan incidentes. S\u00ed lo han hecho sindicatos menores, pero sin demasiado poder de movilizaci\u00f3n. El presidente, Alberto Fern\u00e1ndez, apenas se ha referido al juicio; Kirchner no nombr\u00f3 al presidente en su entrevista con&nbsp;<em>Folha do S\u00e3o Paulo.&nbsp;<\/em>Si, en cambio, Kirchner es absuelta su figura crecer\u00e1 de cara a las elecciones generales de 2023. Ser\u00e1 una mala noticia para la oposici\u00f3n, enfrascada como est\u00e1 en elegir un candidato que logre neutralizar las divisiones que la fracturan.<\/p>\n","protected":false},"excerpt":{"rendered":"<p>El tribunal que la juzga en la \u201ccausa Vialidad\u201d anuncia este martes el veredicto por asociaci\u00f3n il\u00edcita y malversaci\u00f3n de fondos p\u00fablicos. Argentina aguanta la respiraci\u00f3n. Este martes 6 de diciembre, un tribunal federal decidir\u00e1 si condena o absuelve en una&nbsp;causa por corrupci\u00f3n a Cristina Fern\u00e1ndez de Kirchner. En la v\u00edspera del veredicto, la vicepresidenta repiti\u00f3 en una entrevista lo que ya ha dicho ante los jueces: \u201cHabr\u00e1 una condena\u201d. La expresidenta est\u00e1 convencida de que lo que llama \u201cel partido judicial\u201d, aupado por la oposici\u00f3n de derecha, la quiere fuera del camino. La sentencia, dijo,&nbsp;\u201cest\u00e1 escrita desde el 2 de diciembre de 2019\u2033,&nbsp;cuando habl\u00f3 por primera vez en el juicio. \u201cPor razones muy simples\u201d, agreg\u00f3; \u201cprimero: todas mis garant\u00edas constitucionales fueron violadas. Segundo: todo lo dicho es mentira\u201d. Kirchner concedi\u00f3\u00a0una entrevista al diario brasile\u00f1o\u00a0Folha do S\u00e3o Paulo.\u00a0Subi\u00f3 el v\u00eddeo, de una hora, a sus redes sociales en la madrugada del lunes, para asegurarse la adecuada repercusi\u00f3n local. No suele hablar mucho con la prensa. La \u00faltima entrevista a\u00a0un medio internacional fue en 2017, con EL PA\u00cdS. Estaba entonces en campa\u00f1a para ser senadora. Dos a\u00f1os despu\u00e9s se convert\u00eda en vicepresidenta, tras ceder el primer puesto en la boleta electoral a su exjefe de Gabinete, Alberto Fern\u00e1ndez. La pareja en el poder ya no se habla. Mientras la crisis arrecia, Kirchner se ha concentrado en sus problemas judiciales, sobre todo en uno en particular, la llamada \u201ccausa Vialidad\u201d.\u00a0La justicia la acusa de regentear una asociaci\u00f3n il\u00edcita\u00a0que desvi\u00f3 1.000 millones de d\u00f3lares de fondos p\u00fablicos entre 2007 y 2015, cuando era presidenta. En la trama est\u00e1n acusados un\u00a0exministro de Planificaci\u00f3n, Julio de Vido; un alto\u00a0funcionario de Obras P\u00fablicas, Jos\u00e9 L\u00f3pez,\u00a0y el empresario L\u00e1zaro B\u00e1ez, receptor de 51 contratos en la provincia de Santa Cruz, basti\u00f3n patag\u00f3nico del kirchnerismo. Desde el inicio del juicio, Kirchner sostuvo que los jueces y la prensa la han tratado como si ya fuese culpable, violando el principio de presunci\u00f3n de inocencia. \u201cSe construye la imagen de un ladr\u00f3n, imput\u00e1ndome delitos contra la propiedad cuando, en realidad, cuando termin\u00e9 mi mandato, ten\u00eda los mismos bienes por los que ya hab\u00eda sido investigada tres veces\u201d. Record\u00f3 entonces que un juez, Juli\u00e1n Ercolini, la sobresey\u00f3 a ella y a su marido, el expresidente N\u00e9stor Kirchner (2003-2007) en una de las causas por enriquecimiento que ahora se juzgan. \u201cEl 6 van a dictar la sentencia. El d\u00eda 7 saldr\u00e1 en las tapas de los diarios \u2018condenada Cristina\u201d, dijo el&nbsp;Folha do S\u00e3o Paulo. La vicepresidenta habl\u00f3 tambi\u00e9n de la relaci\u00f3n de N\u00e9stor Kirchner con&nbsp;L\u00e1zaro Ba\u00e9z, un cajero de banco&nbsp;que de la noche a la ma\u00f1ana se convirti\u00f3 en multimillonario gracias a sus contratos para hacer carreteras en Santa Cruz. \u201cNo fueron socios, en absoluto\u201d, dijo, \u201csos socio cuando ten\u00e9s un contrato de sociedad. Era amigo de N\u00e9stor, como otros amigos de negocios que ten\u00eda N\u00e9stor\u201d. B\u00e1ez est\u00e1 entre los acusados. Ya est\u00e1 preso,&nbsp;condenado a 12 a\u00f1os de c\u00e1rcel en una causa por lavado de dinero de la corrupci\u00f3n.&nbsp;La causa Vialidad contra Kirchner investiga, justamente, de d\u00f3nde sac\u00f3 Ba\u00e9z los 60 millones de d\u00f3lares que blanque\u00f3. Los fiscales han pedido para B\u00e1ez otros siete a\u00f1os de prisi\u00f3n; y 12 a\u00f1os para Cristina Kirchner. La diferencia est\u00e1 en que consideraron a la vicepresidenta la jefa de una asociaci\u00f3n il\u00edcita armada en la Casa Rosada para delinquir. Es un gran desaf\u00edo probar que una Gabinete de ministros, con el presidente al frente, tenga como principal objetivo el de enriquecerse. La defensa de Kirchner sostuvo durante el juicio que a un Gobierno elegido democr\u00e1ticamente no se le puede aplicar una figura creada para perseguir a las mafias del narcotr\u00e1fico. Si cae el cargo de asociaci\u00f3n il\u00edcita, queda en pie la de defraudaci\u00f3n al Estado, que contempla una pena de hasta seis a\u00f1os de c\u00e1rcel y la inhabilitaci\u00f3n perpetua para ejercer cargos p\u00fablicos. Kirchner se refiere a eso cuando habla de una condena. En el kirchnerismo dan por hecho una sentencia a medio camino entre lo que pidieron los fiscales y la absoluci\u00f3n que solicit\u00f3 la Defensa. La vicepresidenta insisti\u00f3 en trazar un paralelo entre su situaci\u00f3n y la de Luiz Inacio Lula da Silva, preso m\u00e1s de 500 d\u00edas en Brasil por corrupci\u00f3n. \u201cAqu\u00ed se enfrent\u00f3 el&nbsp;lawfare&nbsp;[el uso de la judicatura con fines judiciales] desde la altura del poder. Fue un fen\u00f3meno regional. El fen\u00f3meno del \u2018partido judicial\u2019 pas\u00f3 con Lula, con [el ecuatoriano Rafael] Correa y pasa conmigo\u201d, dijo Kirchner. Kirchner no ir\u00e1 presa. Tiene fueros como vicepresidenta y su defensa puede apelar una condena ante la Corte Suprema, proceso que puede durar a\u00f1os. Pero la sentencia de este martes, cualquiera sea, cambiar\u00e1 el mapa pol\u00edtico argentino. Kirchner es, a\u00fan con sus altibajos, la persona con m\u00e1s influencia. Una condena agitar\u00e1 al peronismo, aunque de manera dispar seg\u00fan su fidelidad con \u201cla jefa\u201d, como la llaman. La C\u00e1mpora, la agrupaci\u00f3n que lidera su hijo M\u00e1ximo, no ha convocado a manifestaciones frente a los tribunales, como hiciera en el pasado, temerosa de que se produzcan incidentes. S\u00ed lo han hecho sindicatos menores, pero sin demasiado poder de movilizaci\u00f3n. El presidente, Alberto Fern\u00e1ndez, apenas se ha referido al juicio; Kirchner no nombr\u00f3 al presidente en su entrevista con&nbsp;Folha do S\u00e3o Paulo.&nbsp;Si, en cambio, Kirchner es absuelta su figura crecer\u00e1 de cara a las elecciones generales de 2023. Ser\u00e1 una mala noticia para la oposici\u00f3n, enfrascada como est\u00e1 en elegir un candidato que logre neutralizar las divisiones que la fracturan.<\/p>\n","protected":false},"author":1,"featured_media":6943,"comment_status":"open","ping_status":"open","sticky":false,"template":"","format":"standard","meta":{"footnotes":""},"categories":[5],"tags":[],"class_list":["post-6942","post","type-post","status-publish","format-standard","has-post-thumbnail","hentry","category-internacionales"],"_links":{"self":[{"href":"https:\/\/www.elamazonico.com\/portal\/wp-json\/wp\/v2\/posts\/6942","targetHints":{"allow":["GET"]}}],"collection":[{"href":"https:\/\/www.elamazonico.com\/portal\/wp-json\/wp\/v2\/posts"}],"about":[{"href":"https:\/\/www.elamazonico.com\/portal\/wp-json\/wp\/v2\/types\/post"}],"author":[{"embeddable":true,"href":"https:\/\/www.elamazonico.com\/portal\/wp-json\/wp\/v2\/users\/1"}],"replies":[{"embeddable":true,"href":"https:\/\/www.elamazonico.com\/portal\/wp-json\/wp\/v2\/comments?post=6942"}],"version-history":[{"count":1,"href":"https:\/\/www.elamazonico.com\/portal\/wp-json\/wp\/v2\/posts\/6942\/revisions"}],"predecessor-version":[{"id":6944,"href":"https:\/\/www.elamazonico.com\/portal\/wp-json\/wp\/v2\/posts\/6942\/revisions\/6944"}],"wp:featuredmedia":[{"embeddable":true,"href":"https:\/\/www.elamazonico.com\/portal\/wp-json\/wp\/v2\/media\/6943"}],"wp:attachment":[{"href":"https:\/\/www.elamazonico.com\/portal\/wp-json\/wp\/v2\/media?parent=6942"}],"wp:term":[{"taxonomy":"category","embeddable":true,"href":"https:\/\/www.elamazonico.com\/portal\/wp-json\/wp\/v2\/categories?post=6942"},{"taxonomy":"post_tag","embeddable":true,"href":"https:\/\/www.elamazonico.com\/portal\/wp-json\/wp\/v2\/tags?post=6942"}],"curies":[{"name":"wp","href":"https:\/\/api.w.org\/{rel}","templated":true}]}}